{"id":8459,"date":"2021-01-26T14:19:42","date_gmt":"2021-01-26T13:19:42","guid":{"rendered":"https:\/\/www.imex-revista.com\/xix-busqueda-otra-realidad\/"},"modified":"2021-06-01T12:05:12","modified_gmt":"2021-06-01T11:05:12","slug":"xix-busqueda-otra-realidad","status":"publish","type":"post","link":"https:\/\/www.imex-revista.com\/en\/xix-busqueda-otra-realidad\/","title":{"rendered":"XIX. Hermann Herrlinghaus \u2013 La b\u00fasqueda de otra dimensi\u00f3n de la realidad"},"content":{"rendered":"[vc_row type=&#8221;full_width_background&#8221; full_screen_row_position=&#8221;middle&#8221; bg_image=&#8221;31&#8243; bg_position=&#8221;left top&#8221; bg_repeat=&#8221;repeat&#8221; parallax_bg=&#8221;true&#8221; parallax_bg_speed=&#8221;slow&#8221; scene_position=&#8221;center&#8221; text_color=&#8221;dark&#8221; text_align=&#8221;left&#8221; top_padding=&#8221;0&#8243; bottom_padding=&#8221;30&#8243; overlay_strength=&#8221;1&#8243; shape_divider_position=&#8221;bottom&#8221; shape_type=&#8221;&#8221;][vc_column column_padding=&#8221;no-extra-padding&#8221; column_padding_position=&#8221;all&#8221; background_color_opacity=&#8221;1&#8243; background_hover_color_opacity=&#8221;1&#8243; column_shadow=&#8221;none&#8221; column_border_radius=&#8221;none&#8221; width=&#8221;1\/1&#8243; tablet_text_alignment=&#8221;default&#8221; phone_text_alignment=&#8221;default&#8221; column_border_width=&#8221;none&#8221; column_border_style=&#8221;solid&#8221;][vc_column_text]\n<p style=\"text-align: center;\"><a class=\"nectar-button n-sc-button small accent-color has-icon regular-button\" target=\"_blank\" href=\"https:\/\/www.imex-revista.com\/download\/8396\/\" data-color-override=\"false\" data-hover-color-override=\"false\" data-hover-text-color-override=\"#fff\"><span>Download Edici\u00f3n<\/span><i class=\"icon-button-arrow\"><\/i><\/a> <a class=\"nectar-button n-sc-button small accent-color has-icon regular-button\" target=\"_blank\" href=\"https:\/\/www.imex-revista.com\/download\/8390\/\" data-color-override=\"false\" data-hover-color-override=\"false\" data-hover-text-color-override=\"#fff\"><span>Download Art\u00edculo<\/span><i class=\"icon-button-arrow\"><\/i><\/a>\n[\/vc_column_text][vc_row_inner column_margin=&#8221;default&#8221; text_align=&#8221;left&#8221;][vc_column_inner column_padding=&#8221;no-extra-padding&#8221; column_padding_position=&#8221;all&#8221; background_color_opacity=&#8221;1&#8243; background_hover_color_opacity=&#8221;1&#8243; column_shadow=&#8221;none&#8221; column_border_radius=&#8221;none&#8221; width=&#8221;1\/1&#8243; column_border_width=&#8221;none&#8221; column_border_style=&#8221;solid&#8221;][divider line_type=&#8221;No Line&#8221; custom_height=&#8221;30&#8243;][vc_column_text]\n<h3 style=\"text-align: center;\"><strong><span style=\"color: #b0b0b0;\">Octavio Paz, Carlos Castaneda y la b\u00fasqueda de otra dimensi\u00f3n de la realidad<br \/>\n(pp. 91-106; DOI: 10.23692\/iMex.19.6)<\/span><\/strong><\/h3>\n[\/vc_column_text][divider line_type=&#8221;No Line&#8221; custom_height=&#8221;80&#8243;][vc_column_text]\n<p style=\"text-align: center;\"><div class=\"ead-preview\"><div class=\"ead-document\" style=\"position: relative;\"><div class=\"ead-iframe-wrapper\"><iframe src=\"\/\/docs.google.com\/viewer?url=https%3A%2F%2Fwww.imex-revista.com%2Fwp-content%2Fuploads%2F5_HH_Paz-Castaneda-otra-dimension-de-la-realidad_iMex19.pdf&amp;embedded=true&amp;hl=en\" title=\"Embedded Document\" class=\"ead-iframe\" style=\"width: 80%;height: 80%;border: none;min-height: 500px;visibility: hidden;\"><\/iframe><\/div>\t\t\t<div class=\"ead-document-loading\" style=\"width:100%;height:100%;position:absolute;left:0;top:0;z-index:10;\">\n\t\t\t\t<div class=\"ead-loading-wrap\">\n\t\t\t\t\t<div class=\"ead-loading-main\">\n\t\t\t\t\t\t<div class=\"ead-loading\">\n\t\t\t\t\t\t\t<img loading=\"lazy\" decoding=\"async\" src=\"https:\/\/www.imex-revista.com\/wp-content\/plugins\/embed-any-document\/images\/loading.svg\" width=\"55\" height=\"55\" alt=\"Loader\">\n\t\t\t\t\t\t\t<span>Loading...<\/span>\n\t\t\t\t\t\t<\/div>\n\t\t\t\t\t<\/div>\n\t\t\t\t\t<div class=\"ead-loading-foot\">\n\t\t\t\t\t\t<div class=\"ead-loading-foot-title\">\n\t\t\t\t\t\t\t<img loading=\"lazy\" decoding=\"async\" src=\"https:\/\/www.imex-revista.com\/wp-content\/plugins\/embed-any-document\/images\/EAD-logo.svg\" alt=\"EAD Logo\" width=\"36\" height=\"23\"\/>\n\t\t\t\t\t\t\t<span>Taking too long?<\/span>\n\t\t\t\t\t\t<\/div>\n\t\t\t\t\t\t<div class=\"ead-document-btn ead-reload-btn\" role=\"button\">\n\t\t\t\t\t\t\t\t<img loading=\"lazy\" decoding=\"async\" src=\"https:\/\/www.imex-revista.com\/wp-content\/plugins\/embed-any-document\/images\/reload.svg\" alt=\"Reload\" width=\"12\" height=\"12\"\/> Reload document\t\t\t\t\t\t\t<\/div>\n\t\t\t\t\t\t\t<span>|<\/span>\n\t\t\t\t\t\t\t<a href=\"https:\/\/www.imex-revista.com\/wp-content\/uploads\/5_HH_Paz-Castaneda-otra-dimension-de-la-realidad_iMex19.pdf\" class=\"ead-document-btn\" target=\"_blank\">\n\t\t\t\t\t\t\t\t<img loading=\"lazy\" decoding=\"async\" src=\"https:\/\/www.imex-revista.com\/wp-content\/plugins\/embed-any-document\/images\/open.svg\" alt=\"Open\" width=\"12\" height=\"12\"\/> Open in new tab\t\t\t\t\t\t\t<\/a>\n\t\t\t\t\t<\/div>\n\t\t\t\t<\/div>\n\t\t\t<\/div>\n\t\t<\/div><\/div>\n[\/vc_column_text][divider line_type=&#8221;No Line&#8221; custom_height=&#8221;80&#8243;][vc_column_text]\n<h3><span style=\"color: #ffffff;\"><strong><span style=\"color: #b0b0b0;\">Prof. Dr. Hermann Herlinghaus<br \/>\n<\/span><\/strong><\/span><\/h3>\n<p><img loading=\"lazy\" decoding=\"async\" class=\"alignleft wp-image-8291\" src=\"https:\/\/www.imex-revista.com\/wp-content\/uploads\/Herlinghaus_iMex19-225x300.jpg\" alt=\"\" width=\"150\" height=\"200\" srcset=\"https:\/\/www.imex-revista.com\/wp-content\/uploads\/Herlinghaus_iMex19-225x300.jpg 225w, https:\/\/www.imex-revista.com\/wp-content\/uploads\/Herlinghaus_iMex19-768x1024.jpg 768w, https:\/\/www.imex-revista.com\/wp-content\/uploads\/Herlinghaus_iMex19.jpg 1000w\" sizes=\"auto, (max-width: 150px) 100vw, 150px\" \/><\/p>\n<p style=\"text-align: justify;\"><span style=\"color: #b0b0b0;\">Hermann Herlinghaus is Professor of Latin American Literatures and Cultural Studies at Albert-Ludwigs-Universit\u00e4t Freiburg. From 2000 to 2010 he taught as a Full Professor in the Department of Hispanic Languages&amp;Literatures at the University of Pittsburgh. He is the author of over a dozen volumes spanning topics related to modernity and global studies, film theory, anthropology, and science studies. Among his monographs are Narcoepics: A Global Aesthetics of Sobriety (New York-London, 2013), Violence Without Guilt: Ethical Narratives from the Global South (New York-London, 2009), Renarraci\u00f3n y descentramiento. Mapas alternativos de la imaginaci\u00f3n en Am\u00e9rica Latina (Madrid-Frankfurt Main 2004), Popul\u00e4r\/volkst\u00fcmlich\/Popularkultur (Stuttgart-Weimar, 2002), Modernidad heterog\u00e9nea. Descentramientos hermen\u00e9uticos desde la comunicaci\u00f3n en Am\u00e9rica Latina (Caracas, 2000). He recently edited The Pharmakon: Concept Figure, Image of Transgression, Poetic Practice (Heidelberg 2018).<\/span><\/p>\n[\/vc_column_text][\/vc_column_inner][\/vc_row_inner][divider line_type=&#8221;No Line&#8221; custom_height=&#8221;50&#8243;][tabbed_section style=&#8221;default&#8221; alignment=&#8221;left&#8221; spacing=&#8221;default&#8221; tab_color=&#8221;Accent-Color&#8221;][tab icon_family=&#8221;none&#8221; title=&#8221;Abstract&#8221; id=&#8221;1532705295616-53d7d-8e03&#8243; tab_id=&#8221;1580125134478-0&#8243;][vc_column_text]\n<p style=\"text-align: justify;\"><span style=\"color: #b0b0b0;\">This study is dedicated to the prologue Octavio Paz wrote for the second Mexican edition of Castaneda\u2019s The Teachings of Don Juan: A Yaqui Way of Knowledge (1968), entitled \u201cLa mirada anterior.\u201d It discusses a problematic of great relevance for Paz which, however, was thoroughly underestimated by the major part of scholarly work on the Mexican author. At issue is Paz\u2019 interest in psychoactive phenomena in relationship to cultural creation and, especially, regarding the links between poetry and psychotropic experiences of consciousness alteration. The prologue examines the interconnections between anthropology and narration\/literature in The Teachings of Don Juan. According to Paz, only the literarization of the experiencies emerging from the contact with the Yaqui shaman Juan Matus, allows Castaneda to access knowledges that are inaccesible from the viewpoint of \u2018objective\u2019 anthropological analysis.<\/span><\/p>\n[\/vc_column_text][\/tab][tab icon_family=&#8221;none&#8221; title=&#8221;Resumen&#8221; id=&#8221;1532705295639-33d7d-8e03&#8243; tab_id=&#8221;1580125134518-1&#8243;][vc_column_text]\n<p style=\"text-align: justify;\"><span style=\"color: #b0b0b0;\">El trabajo se dedica al pr\u00f3logo que Octavio Paz contribuy\u00f3 a la segunda edici\u00f3n mexicana (1974) de The Teachings of Don Juan: A Yaqui Way of Knowledge (Castaneda, 1968), titulado \u201cLa mirada anterior\u201d. Con esto se discute una problem\u00e1tica que fue de gran inter\u00e9s para el escritor, subestimada o pasado por alto, sin embargo, por la mayor parte de la cr\u00edtica literaria. Se trata del inter\u00e9s que mostraba el escritor mexicano por los fen\u00f3menos psicoactivos en el marco de la creaci\u00f3n y la cultura y, en especial, por los v\u00ednculos entre poes\u00eda y experiencias psicotr\u00f3picas de alteraci\u00f3n de la conciencia. El pr\u00f3logo examina, en relaci\u00f3n al famoso libro del antrop\u00f3logo Castaneda, las relaciones entre antropolog\u00eda y narraci\u00f3n. Veremos que reci\u00e9n la literarizaci\u00f3n de sus experiencias con el cham\u00e1n yaqui Juan Matus le ayuda a Castaneda a acceder a un conocimiento que no es alcanzable por la &#8216;objetiva&#8217; examinaci\u00f3n antropol\u00f3gica.<\/span><\/p>\n[\/vc_column_text][\/tab][tab icon_family=&#8221;none&#8221; title=&#8221;iMex N\u00b019 | M\u00e9xico en el mundo &#8211; el mundo en M\u00e9xico&#8221; id=&#8221;1532705295697-43d7d-8e03&#8243; tab_id=&#8221;1580125134563-4&#8243;][vc_column_text]<a class=\"nectar-button n-sc-button small see-through-2 has-icon\" target=\"_blank\" href=\"https:\/\/www.imex-revista.com\/en\/xix-editorial\" data-color-override=\"#ffffff\" data-hover-color-override=\"false\" data-hover-text-color-override=\"#fff\"><span>Yasmin Temelli \u2013 Editorial<\/span><i class=\"icon-button-arrow\"><\/i><\/a>\n<p><span style=\"color: #ffffff;\"><strong>Articles<\/strong><\/span><\/p>\n<a class=\"nectar-button n-sc-button small see-through-2 has-icon\" target=\"_blank\" href=\"https:\/\/www.imex-revista.com\/en\/xix-repensar-globalizacion\" data-color-override=\"#ffffff\" data-hover-color-override=\"false\" data-hover-text-color-override=\"#fff\"><span>Vittoria Bors\u00f2 \u2013 Repensar la globalizacion desde la literatura mexicana<\/span><i class=\"icon-button-arrow\"><\/i><\/a>\n<a class=\"nectar-button n-sc-button small see-through-2 has-icon\" target=\"_blank\" href=\"https:\/\/www.imex-revista.com\/en\/xix-paz-literatura-mundial\" data-color-override=\"#ffffff\" data-hover-color-override=\"false\" data-hover-text-color-override=\"#fff\"><span>Gesine M\u00fcller \u2013 Paz entre literatura mundial y literaturas del mundo<\/span><i class=\"icon-button-arrow\"><\/i><\/a>\n<a class=\"nectar-button n-sc-button small see-through-2 has-icon\" target=\"_blank\" href=\"https:\/\/www.imex-revista.com\/en\/xix-altamirano-trenes\" data-color-override=\"#ffffff\" data-hover-color-override=\"false\" data-hover-text-color-override=\"#fff\"><span>Anne Kraume \u2013 Altamirano y los trenes<\/span><i class=\"icon-button-arrow\"><\/i><\/a>\n<a class=\"nectar-button n-sc-button small see-through-2 has-icon\" target=\"_blank\" href=\"https:\/\/www.imex-revista.com\/en\/xix-arreola-estetica-zigzag\" data-color-override=\"#ffffff\" data-hover-color-override=\"false\" data-hover-text-color-override=\"#fff\"><span>Sara Poot Herrera \u2013 Arreola y su est\u00e9tica del zigzag<\/span><i class=\"icon-button-arrow\"><\/i><\/a>\n<a class=\"nectar-button n-sc-button small see-through-2 has-icon\" target=\"_blank\" href=\"https:\/\/www.imex-revista.com\/en\/xix-busqueda-otra-realidad\" data-color-override=\"#ffffff\" data-hover-color-override=\"false\" data-hover-text-color-override=\"#fff\"><span>Hermann Herrlinghaus \u2013 La b\u00fasqueda de otra dimensi\u00f3n de la realidad<\/span><i class=\"icon-button-arrow\"><\/i><\/a>\n<a class=\"nectar-button n-sc-button small see-through-2 has-icon\" target=\"_blank\" href=\"https:\/\/www.imex-revista.com\/en\/xix-apercepcion-amado-nervo\" data-color-override=\"#ffffff\" data-hover-color-override=\"false\" data-hover-text-color-override=\"#fff\"><span>Jos\u00e9 Ram\u00f3n Ruis\u00e1nchez Serra \u2013 Apercepci\u00f3n en Amado Nervo<\/span><i class=\"icon-button-arrow\"><\/i><\/a>\n<a class=\"nectar-button n-sc-button small see-through-2 has-icon\" target=\"_blank\" href=\"https:\/\/www.imex-revista.com\/en\/xix-traven-encuentro-indios\" data-color-override=\"#ffffff\" data-hover-color-override=\"false\" data-hover-text-color-override=\"#fff\"><span>Edith Negr\u00edn \u2013 Traven: primer encuentro con los indios mexicanos<\/span><i class=\"icon-button-arrow\"><\/i><\/a>\n<a class=\"nectar-button n-sc-button small see-through-2 has-icon\" target=\"_blank\" href=\"https:\/\/www.imex-revista.com\/en\/xix-estrategias-personalizacion-literaturs-nacionales\" data-color-override=\"#ffffff\" data-hover-color-override=\"false\" data-hover-text-color-override=\"#fff\"><span>Roger Friedlein \u2013 Estrategias de personalizaci\u00f3n en literaturas nacionales<\/span><i class=\"icon-button-arrow\"><\/i><\/a>\n<a class=\"nectar-button n-sc-button small see-through-2 has-icon\" target=\"_blank\" href=\"https:\/\/www.imex-revista.com\/en\/xix-exilio-politico-germanoparlante\" data-color-override=\"#ffffff\" data-hover-color-override=\"false\" data-hover-text-color-override=\"#fff\"><span>Lizette Jacinto \u2013 Exilio pol\u00edtico germanoparlante<\/span><i class=\"icon-button-arrow\"><\/i><\/a>\n<a class=\"nectar-button n-sc-button small see-through-2 has-icon\" target=\"_blank\" href=\"https:\/\/www.imex-revista.com\/en\/xix-myriam-moscona\" data-color-override=\"#ffffff\" data-hover-color-override=\"false\" data-hover-text-color-override=\"#fff\"><span>Jacobo Sefam\u00ed \u2013 De ida y vuelta: Myriam Moscona<\/span><i class=\"icon-button-arrow\"><\/i><\/a>\n<a class=\"nectar-button n-sc-button small see-through-2 has-icon\" target=\"_blank\" href=\"https:\/\/www.imex-revista.com\/en\/xix-guadalupe-tonantzin-transcultural\" data-color-override=\"#ffffff\" data-hover-color-override=\"false\" data-hover-text-color-override=\"#fff\"><span>Stephanie Sch\u00fctze \u2013 Guadalupe Tonantzin: una santa transcultural<\/span><i class=\"icon-button-arrow\"><\/i><\/a>\n<a class=\"nectar-button n-sc-button small see-through-2 has-icon\" target=\"_blank\" href=\"https:\/\/www.imex-revista.com\/en\/xix-necropolitica-mexico\" data-color-override=\"#ffffff\" data-hover-color-override=\"false\" data-hover-text-color-override=\"#fff\"><span>Tanius Karam C\u00e1rdenas \u2013 Entre muros y t\u00faneles: necropol\u00edtica en M\u00e9xico<\/span><i class=\"icon-button-arrow\"><\/i><\/a>\n<a class=\"nectar-button n-sc-button small see-through-2 has-icon\" target=\"_blank\" href=\"https:\/\/www.imex-revista.com\/en\/xix-etnoarqueologia-combate-pobreza\" data-color-override=\"#ffffff\" data-hover-color-override=\"false\" data-hover-text-color-override=\"#fff\"><span>Sandra L. L\u00f3pez Varela \u2013 Etnoarqueolog\u00eda para el combate a la pobreza<\/span><i class=\"icon-button-arrow\"><\/i><\/a>\n<a class=\"nectar-button n-sc-button small see-through-2 has-icon\" target=\"_blank\" href=\"https:\/\/www.imex-revista.com\/en\/xix-sueno-transparencia-absoluta\" data-color-override=\"#ffffff\" data-hover-color-override=\"false\" data-hover-text-color-override=\"#fff\"><span>Sandra del Pilar \u2013 El sue\u00f1o incobrable de la transparencia absoluta<\/span><i class=\"icon-button-arrow\"><\/i><\/a>[\/vc_column_text][\/tab][\/tabbed_section][\/vc_column][\/vc_row]\n","protected":false},"excerpt":{"rendered":"<p>[vc_row type=&#8221;full_width_background&#8221; full_screen_row_position=&#8221;middle&#8221; bg_image=&#8221;31&#8243; bg_position=&#8221;left top&#8221; bg_repeat=&#8221;repeat&#8221; parallax_bg=&#8221;true&#8221; parallax_bg_speed=&#8221;slow&#8221; scene_position=&#8221;center&#8221; text_color=&#8221;dark&#8221; text_align=&#8221;left&#8221; top_padding=&#8221;0&#8243; bottom_padding=&#8221;30&#8243; overlay_strength=&#8221;1&#8243; shape_divider_position=&#8221;bottom&#8221; shape_type=&#8221;&#8221;][vc_column column_padding=&#8221;no-extra-padding&#8221; column_padding_position=&#8221;all&#8221; background_color_opacity=&#8221;1&#8243; background_hover_color_opacity=&#8221;1&#8243; column_shadow=&#8221;none&#8221; column_border_radius=&#8221;none&#8221; width=&#8221;1\/1&#8243; tablet_text_alignment=&#8221;default&#8221; phone_text_alignment=&#8221;default&#8221; column_border_width=&#8221;none&#8221; column_border_style=&#8221;solid&#8221;][vc_column_text] [\/vc_column_text][vc_row_inner column_margin=&#8221;default&#8221;&#8230;<\/p>\n","protected":false},"author":2,"featured_media":13223,"comment_status":"closed","ping_status":"closed","sticky":false,"template":"","format":"standard","meta":{"footnotes":""},"categories":[580,1838],"tags":[1821,1927,1923,1822,1925,1928,1926,1924],"class_list":["post-8459","post","type-post","status-publish","format-standard","has-post-thumbnail","category-issues","category-xix-mexico-en-el-mundo-el-mundo-en-mexico-en","tag-alteridad-alterizacion","tag-alterity-alterization","tag-anthropology","tag-dialogo-epistemico-intercultural","tag-hallucinogenic-plants-peyote","tag-intercultural-epistemological-dialogue","tag-inversion-of-identities","tag-psychoactive-psychotropic-experience"],"yoast_head":"<!-- This site is optimized with the Yoast SEO plugin v28.4 - https:\/\/yoast.com\/product\/yoast-seo-wordpress\/ -->\n<title>XIX. Hermann Herrlinghaus \u2013 La b\u00fasqueda de otra dimensi\u00f3n de la realidad - iMex Revista<\/title>\n<meta name=\"description\" content=\"iMex XIX. M\u00e9xico en el mundo \u2013 el mundo en M\u00e9xico | Hermann Herrlinghaus \u2013 La b\u00fasqueda de otra dimensi\u00f3n de la realidad | DOI: 10.23692\/iMex.19.6\" \/>\n<meta name=\"robots\" content=\"index, follow, max-snippet:-1, max-image-preview:large, max-video-preview:-1\" \/>\n<link rel=\"canonical\" href=\"https:\/\/www.imex-revista.com\/en\/xix-busqueda-otra-realidad\/\" \/>\n<meta property=\"og:locale\" content=\"en_US\" \/>\n<meta property=\"og:type\" content=\"article\" \/>\n<meta property=\"og:title\" content=\"XIX. Hermann Herrlinghaus \u2013 La b\u00fasqueda de otra dimensi\u00f3n de la realidad - iMex Revista\" \/>\n<meta property=\"og:description\" content=\"iMex XIX. M\u00e9xico en el mundo \u2013 el mundo en M\u00e9xico | Hermann Herrlinghaus \u2013 La b\u00fasqueda de otra dimensi\u00f3n de la realidad | DOI: 10.23692\/iMex.19.6\" \/>\n<meta property=\"og:url\" content=\"https:\/\/www.imex-revista.com\/en\/xix-busqueda-otra-realidad\/\" \/>\n<meta property=\"og:site_name\" content=\"iMex Revista\" \/>\n<meta property=\"article:published_time\" content=\"2021-01-26T13:19:42+00:00\" \/>\n<meta property=\"article:modified_time\" content=\"2021-06-01T11:05:12+00:00\" \/>\n<meta property=\"og:image\" content=\"https:\/\/www.imex-revista.com\/wp-content\/uploads\/edicion-19.webp\" \/>\n\t<meta property=\"og:image:width\" content=\"958\" \/>\n\t<meta property=\"og:image:height\" content=\"1024\" \/>\n\t<meta property=\"og:image:type\" content=\"image\/webp\" \/>\n<meta name=\"author\" content=\"iMex Revista\" \/>\n<meta name=\"twitter:card\" content=\"summary_large_image\" \/>\n<meta name=\"twitter:label1\" content=\"Written by\" \/>\n\t<meta name=\"twitter:data1\" content=\"iMex Revista\" \/>\n\t<meta name=\"twitter:label2\" content=\"Est. reading time\" \/>\n\t<meta name=\"twitter:data2\" content=\"7 minutes\" \/>\n<script type=\"application\/ld+json\" class=\"yoast-schema-graph\">{\"@context\":\"https:\\\/\\\/schema.org\",\"@graph\":[{\"@type\":\"Article\",\"@id\":\"https:\\\/\\\/www.imex-revista.com\\\/en\\\/xix-busqueda-otra-realidad\\\/#article\",\"isPartOf\":{\"@id\":\"https:\\\/\\\/www.imex-revista.com\\\/en\\\/xix-busqueda-otra-realidad\\\/\"},\"author\":{\"name\":\"iMex Revista\",\"@id\":\"https:\\\/\\\/www.imex-revista.com\\\/#\\\/schema\\\/person\\\/b06ca09ee30633a9bca5919aad53cd1f\"},\"headline\":\"XIX. Hermann Herrlinghaus \u2013 La b\u00fasqueda de otra dimensi\u00f3n de la realidad\",\"datePublished\":\"2021-01-26T13:19:42+00:00\",\"dateModified\":\"2021-06-01T11:05:12+00:00\",\"mainEntityOfPage\":{\"@id\":\"https:\\\/\\\/www.imex-revista.com\\\/en\\\/xix-busqueda-otra-realidad\\\/\"},\"wordCount\":1367,\"image\":{\"@id\":\"https:\\\/\\\/www.imex-revista.com\\\/en\\\/xix-busqueda-otra-realidad\\\/#primaryimage\"},\"thumbnailUrl\":\"https:\\\/\\\/www.imex-revista.com\\\/wp-content\\\/uploads\\\/edicion-19.webp\",\"keywords\":[\"alteridad\\\/alterizaci\u00f3n\",\"alterity\\\/alterization\",\"Anthropology\",\"di\u00e1logo epist\u00e9mico intercultural\",\"hallucinogenic plants\\\/peyote\",\"intercultural epistemological dialogue\",\"inversion of identities\",\"psychoactive\\\/psychotropic experience\"],\"articleSection\":[\"Issues\",\"XIX. M\u00e9xico en el mundo &#8211; el mundo en M\u00e9xico\"],\"inLanguage\":\"en-US\"},{\"@type\":\"WebPage\",\"@id\":\"https:\\\/\\\/www.imex-revista.com\\\/en\\\/xix-busqueda-otra-realidad\\\/\",\"url\":\"https:\\\/\\\/www.imex-revista.com\\\/en\\\/xix-busqueda-otra-realidad\\\/\",\"name\":\"XIX. Hermann Herrlinghaus \u2013 La b\u00fasqueda de otra dimensi\u00f3n de la realidad - iMex Revista\",\"isPartOf\":{\"@id\":\"https:\\\/\\\/www.imex-revista.com\\\/#website\"},\"primaryImageOfPage\":{\"@id\":\"https:\\\/\\\/www.imex-revista.com\\\/en\\\/xix-busqueda-otra-realidad\\\/#primaryimage\"},\"image\":{\"@id\":\"https:\\\/\\\/www.imex-revista.com\\\/en\\\/xix-busqueda-otra-realidad\\\/#primaryimage\"},\"thumbnailUrl\":\"https:\\\/\\\/www.imex-revista.com\\\/wp-content\\\/uploads\\\/edicion-19.webp\",\"datePublished\":\"2021-01-26T13:19:42+00:00\",\"dateModified\":\"2021-06-01T11:05:12+00:00\",\"author\":{\"@id\":\"https:\\\/\\\/www.imex-revista.com\\\/#\\\/schema\\\/person\\\/b06ca09ee30633a9bca5919aad53cd1f\"},\"description\":\"iMex XIX. M\u00e9xico en el mundo \u2013 el mundo en M\u00e9xico | Hermann Herrlinghaus \u2013 La b\u00fasqueda de otra dimensi\u00f3n de la realidad | DOI: 10.23692\\\/iMex.19.6\",\"breadcrumb\":{\"@id\":\"https:\\\/\\\/www.imex-revista.com\\\/en\\\/xix-busqueda-otra-realidad\\\/#breadcrumb\"},\"inLanguage\":\"en-US\",\"potentialAction\":[{\"@type\":\"ReadAction\",\"target\":[\"https:\\\/\\\/www.imex-revista.com\\\/en\\\/xix-busqueda-otra-realidad\\\/\"]}]},{\"@type\":\"ImageObject\",\"inLanguage\":\"en-US\",\"@id\":\"https:\\\/\\\/www.imex-revista.com\\\/en\\\/xix-busqueda-otra-realidad\\\/#primaryimage\",\"url\":\"https:\\\/\\\/www.imex-revista.com\\\/wp-content\\\/uploads\\\/edicion-19.webp\",\"contentUrl\":\"https:\\\/\\\/www.imex-revista.com\\\/wp-content\\\/uploads\\\/edicion-19.webp\",\"width\":958,\"height\":1024},{\"@type\":\"BreadcrumbList\",\"@id\":\"https:\\\/\\\/www.imex-revista.com\\\/en\\\/xix-busqueda-otra-realidad\\\/#breadcrumb\",\"itemListElement\":[{\"@type\":\"ListItem\",\"position\":1,\"name\":\"Home\",\"item\":\"https:\\\/\\\/www.imex-revista.com\\\/en\\\/imex\\\/\"},{\"@type\":\"ListItem\",\"position\":2,\"name\":\"XIX. Hermann Herrlinghaus \u2013 La b\u00fasqueda de otra dimensi\u00f3n de la realidad\"}]},{\"@type\":\"WebSite\",\"@id\":\"https:\\\/\\\/www.imex-revista.com\\\/#website\",\"url\":\"https:\\\/\\\/www.imex-revista.com\\\/\",\"name\":\"iMex Revista\",\"description\":\"iMex Revista\",\"potentialAction\":[{\"@type\":\"SearchAction\",\"target\":{\"@type\":\"EntryPoint\",\"urlTemplate\":\"https:\\\/\\\/www.imex-revista.com\\\/?s={search_term_string}\"},\"query-input\":{\"@type\":\"PropertyValueSpecification\",\"valueRequired\":true,\"valueName\":\"search_term_string\"}}],\"inLanguage\":\"en-US\"},{\"@type\":\"Person\",\"@id\":\"https:\\\/\\\/www.imex-revista.com\\\/#\\\/schema\\\/person\\\/b06ca09ee30633a9bca5919aad53cd1f\",\"name\":\"iMex Revista\",\"url\":\"https:\\\/\\\/www.imex-revista.com\\\/en\\\/author\\\/temelli\\\/\"}]}<\/script>\n<!-- \/ Yoast SEO plugin. -->","yoast_head_json":{"title":"XIX. Hermann Herrlinghaus \u2013 La b\u00fasqueda de otra dimensi\u00f3n de la realidad - iMex Revista","description":"iMex XIX. M\u00e9xico en el mundo \u2013 el mundo en M\u00e9xico | Hermann Herrlinghaus \u2013 La b\u00fasqueda de otra dimensi\u00f3n de la realidad | DOI: 10.23692\/iMex.19.6","robots":{"index":"index","follow":"follow","max-snippet":"max-snippet:-1","max-image-preview":"max-image-preview:large","max-video-preview":"max-video-preview:-1"},"canonical":"https:\/\/www.imex-revista.com\/en\/xix-busqueda-otra-realidad\/","og_locale":"en_US","og_type":"article","og_title":"XIX. Hermann Herrlinghaus \u2013 La b\u00fasqueda de otra dimensi\u00f3n de la realidad - iMex Revista","og_description":"iMex XIX. M\u00e9xico en el mundo \u2013 el mundo en M\u00e9xico | Hermann Herrlinghaus \u2013 La b\u00fasqueda de otra dimensi\u00f3n de la realidad | DOI: 10.23692\/iMex.19.6","og_url":"https:\/\/www.imex-revista.com\/en\/xix-busqueda-otra-realidad\/","og_site_name":"iMex Revista","article_published_time":"2021-01-26T13:19:42+00:00","article_modified_time":"2021-06-01T11:05:12+00:00","og_image":[{"width":958,"height":1024,"url":"https:\/\/www.imex-revista.com\/wp-content\/uploads\/edicion-19.webp","type":"image\/webp"}],"author":"iMex Revista","twitter_card":"summary_large_image","twitter_misc":{"Written by":"iMex Revista","Est. reading time":"7 minutes"},"schema":{"@context":"https:\/\/schema.org","@graph":[{"@type":"Article","@id":"https:\/\/www.imex-revista.com\/en\/xix-busqueda-otra-realidad\/#article","isPartOf":{"@id":"https:\/\/www.imex-revista.com\/en\/xix-busqueda-otra-realidad\/"},"author":{"name":"iMex Revista","@id":"https:\/\/www.imex-revista.com\/#\/schema\/person\/b06ca09ee30633a9bca5919aad53cd1f"},"headline":"XIX. Hermann Herrlinghaus \u2013 La b\u00fasqueda de otra dimensi\u00f3n de la realidad","datePublished":"2021-01-26T13:19:42+00:00","dateModified":"2021-06-01T11:05:12+00:00","mainEntityOfPage":{"@id":"https:\/\/www.imex-revista.com\/en\/xix-busqueda-otra-realidad\/"},"wordCount":1367,"image":{"@id":"https:\/\/www.imex-revista.com\/en\/xix-busqueda-otra-realidad\/#primaryimage"},"thumbnailUrl":"https:\/\/www.imex-revista.com\/wp-content\/uploads\/edicion-19.webp","keywords":["alteridad\/alterizaci\u00f3n","alterity\/alterization","Anthropology","di\u00e1logo epist\u00e9mico intercultural","hallucinogenic plants\/peyote","intercultural epistemological dialogue","inversion of identities","psychoactive\/psychotropic experience"],"articleSection":["Issues","XIX. M\u00e9xico en el mundo &#8211; el mundo en M\u00e9xico"],"inLanguage":"en-US"},{"@type":"WebPage","@id":"https:\/\/www.imex-revista.com\/en\/xix-busqueda-otra-realidad\/","url":"https:\/\/www.imex-revista.com\/en\/xix-busqueda-otra-realidad\/","name":"XIX. Hermann Herrlinghaus \u2013 La b\u00fasqueda de otra dimensi\u00f3n de la realidad - iMex Revista","isPartOf":{"@id":"https:\/\/www.imex-revista.com\/#website"},"primaryImageOfPage":{"@id":"https:\/\/www.imex-revista.com\/en\/xix-busqueda-otra-realidad\/#primaryimage"},"image":{"@id":"https:\/\/www.imex-revista.com\/en\/xix-busqueda-otra-realidad\/#primaryimage"},"thumbnailUrl":"https:\/\/www.imex-revista.com\/wp-content\/uploads\/edicion-19.webp","datePublished":"2021-01-26T13:19:42+00:00","dateModified":"2021-06-01T11:05:12+00:00","author":{"@id":"https:\/\/www.imex-revista.com\/#\/schema\/person\/b06ca09ee30633a9bca5919aad53cd1f"},"description":"iMex XIX. M\u00e9xico en el mundo \u2013 el mundo en M\u00e9xico | Hermann Herrlinghaus \u2013 La b\u00fasqueda de otra dimensi\u00f3n de la realidad | DOI: 10.23692\/iMex.19.6","breadcrumb":{"@id":"https:\/\/www.imex-revista.com\/en\/xix-busqueda-otra-realidad\/#breadcrumb"},"inLanguage":"en-US","potentialAction":[{"@type":"ReadAction","target":["https:\/\/www.imex-revista.com\/en\/xix-busqueda-otra-realidad\/"]}]},{"@type":"ImageObject","inLanguage":"en-US","@id":"https:\/\/www.imex-revista.com\/en\/xix-busqueda-otra-realidad\/#primaryimage","url":"https:\/\/www.imex-revista.com\/wp-content\/uploads\/edicion-19.webp","contentUrl":"https:\/\/www.imex-revista.com\/wp-content\/uploads\/edicion-19.webp","width":958,"height":1024},{"@type":"BreadcrumbList","@id":"https:\/\/www.imex-revista.com\/en\/xix-busqueda-otra-realidad\/#breadcrumb","itemListElement":[{"@type":"ListItem","position":1,"name":"Home","item":"https:\/\/www.imex-revista.com\/en\/imex\/"},{"@type":"ListItem","position":2,"name":"XIX. Hermann Herrlinghaus \u2013 La b\u00fasqueda de otra dimensi\u00f3n de la realidad"}]},{"@type":"WebSite","@id":"https:\/\/www.imex-revista.com\/#website","url":"https:\/\/www.imex-revista.com\/","name":"iMex Revista","description":"iMex Revista","potentialAction":[{"@type":"SearchAction","target":{"@type":"EntryPoint","urlTemplate":"https:\/\/www.imex-revista.com\/?s={search_term_string}"},"query-input":{"@type":"PropertyValueSpecification","valueRequired":true,"valueName":"search_term_string"}}],"inLanguage":"en-US"},{"@type":"Person","@id":"https:\/\/www.imex-revista.com\/#\/schema\/person\/b06ca09ee30633a9bca5919aad53cd1f","name":"iMex Revista","url":"https:\/\/www.imex-revista.com\/en\/author\/temelli\/"}]}},"_links":{"self":[{"href":"https:\/\/www.imex-revista.com\/en\/wp-json\/wp\/v2\/posts\/8459","targetHints":{"allow":["GET"]}}],"collection":[{"href":"https:\/\/www.imex-revista.com\/en\/wp-json\/wp\/v2\/posts"}],"about":[{"href":"https:\/\/www.imex-revista.com\/en\/wp-json\/wp\/v2\/types\/post"}],"author":[{"embeddable":true,"href":"https:\/\/www.imex-revista.com\/en\/wp-json\/wp\/v2\/users\/2"}],"replies":[{"embeddable":true,"href":"https:\/\/www.imex-revista.com\/en\/wp-json\/wp\/v2\/comments?post=8459"}],"version-history":[{"count":4,"href":"https:\/\/www.imex-revista.com\/en\/wp-json\/wp\/v2\/posts\/8459\/revisions"}],"predecessor-version":[{"id":8540,"href":"https:\/\/www.imex-revista.com\/en\/wp-json\/wp\/v2\/posts\/8459\/revisions\/8540"}],"wp:featuredmedia":[{"embeddable":true,"href":"https:\/\/www.imex-revista.com\/en\/wp-json\/wp\/v2\/media\/13223"}],"wp:attachment":[{"href":"https:\/\/www.imex-revista.com\/en\/wp-json\/wp\/v2\/media?parent=8459"}],"wp:term":[{"taxonomy":"category","embeddable":true,"href":"https:\/\/www.imex-revista.com\/en\/wp-json\/wp\/v2\/categories?post=8459"},{"taxonomy":"post_tag","embeddable":true,"href":"https:\/\/www.imex-revista.com\/en\/wp-json\/wp\/v2\/tags?post=8459"}],"curies":[{"name":"wp","href":"https:\/\/api.w.org\/{rel}","templated":true}]}}