{"id":8441,"date":"2021-01-26T13:35:34","date_gmt":"2021-01-26T12:35:34","guid":{"rendered":"https:\/\/www.imex-revista.com\/xix-exilio-politico-germanoparlante\/"},"modified":"2021-06-01T12:05:15","modified_gmt":"2021-06-01T11:05:15","slug":"xix-exilio-politico-germanoparlante","status":"publish","type":"post","link":"https:\/\/www.imex-revista.com\/en\/xix-exilio-politico-germanoparlante\/","title":{"rendered":"XIX. Lizette Jacinto \u2013 Exilio pol\u00edtico germanoparlante"},"content":{"rendered":"[vc_row type=&#8221;full_width_background&#8221; full_screen_row_position=&#8221;middle&#8221; bg_image=&#8221;31&#8243; bg_position=&#8221;left top&#8221; bg_repeat=&#8221;repeat&#8221; parallax_bg=&#8221;true&#8221; parallax_bg_speed=&#8221;slow&#8221; scene_position=&#8221;center&#8221; text_color=&#8221;dark&#8221; text_align=&#8221;left&#8221; top_padding=&#8221;0&#8243; bottom_padding=&#8221;30&#8243; overlay_strength=&#8221;1&#8243; shape_divider_position=&#8221;bottom&#8221; shape_type=&#8221;&#8221;][vc_column column_padding=&#8221;no-extra-padding&#8221; column_padding_position=&#8221;all&#8221; background_color_opacity=&#8221;1&#8243; background_hover_color_opacity=&#8221;1&#8243; column_shadow=&#8221;none&#8221; column_border_radius=&#8221;none&#8221; width=&#8221;1\/1&#8243; tablet_text_alignment=&#8221;default&#8221; phone_text_alignment=&#8221;default&#8221; column_border_width=&#8221;none&#8221; column_border_style=&#8221;solid&#8221;][vc_column_text]\n<p style=\"text-align: center;\"><a class=\"nectar-button n-sc-button small accent-color has-icon regular-button\" target=\"_blank\" href=\"https:\/\/www.imex-revista.com\/download\/8396\/\" data-color-override=\"false\" data-hover-color-override=\"false\" data-hover-text-color-override=\"#fff\"><span>Download Edici\u00f3n<\/span><i class=\"icon-button-arrow\"><\/i><\/a> <a class=\"nectar-button n-sc-button small accent-color has-icon regular-button\" target=\"_blank\" href=\"https:\/\/www.imex-revista.com\/download\/8386\/\" data-color-override=\"false\" data-hover-color-override=\"false\" data-hover-text-color-override=\"#fff\"><span>Download Art\u00edculo<\/span><i class=\"icon-button-arrow\"><\/i><\/a>\n[\/vc_column_text][vc_row_inner column_margin=&#8221;default&#8221; text_align=&#8221;left&#8221;][vc_column_inner column_padding=&#8221;no-extra-padding&#8221; column_padding_position=&#8221;all&#8221; background_color_opacity=&#8221;1&#8243; background_hover_color_opacity=&#8221;1&#8243; column_shadow=&#8221;none&#8221; column_border_radius=&#8221;none&#8221; width=&#8221;1\/1&#8243; column_border_width=&#8221;none&#8221; column_border_style=&#8221;solid&#8221;][divider line_type=&#8221;No Line&#8221; custom_height=&#8221;30&#8243;][vc_column_text]\n<h3 style=\"text-align: center;\"><strong><span style=\"color: #b0b0b0;\">Exclusi\u00f3n-inclusi\u00f3n: El caso del exilio pol\u00edtico germanoparlante en M\u00e9xico y la solidaridad antifascista de artistas mexicanos del Taller de Gr\u00e1fica Popular<br \/>\n(pp. 140-154; DOI: 10.23692\/iMex.19.10)<\/span><\/strong><\/h3>\n[\/vc_column_text][divider line_type=&#8221;No Line&#8221; custom_height=&#8221;80&#8243;][vc_column_text]\n<p style=\"text-align: center;\"><div class=\"ead-preview\"><div class=\"ead-document\" style=\"position: relative;\"><div class=\"ead-iframe-wrapper\"><iframe src=\"\/\/docs.google.com\/viewer?url=https%3A%2F%2Fwww.imex-revista.com%2Fwp-content%2Fuploads%2F9_LJ_Exilio-germanoparlante-en-M%C3%A9xico_iMex19.pdf&amp;embedded=true&amp;hl=en\" title=\"Embedded Document\" class=\"ead-iframe\" style=\"width: 80%;height: 80%;border: none;min-height: 500px;visibility: hidden;\"><\/iframe><\/div>\t\t\t<div class=\"ead-document-loading\" style=\"width:100%;height:100%;position:absolute;left:0;top:0;z-index:10;\">\n\t\t\t\t<div class=\"ead-loading-wrap\">\n\t\t\t\t\t<div class=\"ead-loading-main\">\n\t\t\t\t\t\t<div class=\"ead-loading\">\n\t\t\t\t\t\t\t<img loading=\"lazy\" decoding=\"async\" src=\"https:\/\/www.imex-revista.com\/wp-content\/plugins\/embed-any-document\/images\/loading.svg\" width=\"55\" height=\"55\" alt=\"Loader\">\n\t\t\t\t\t\t\t<span>Loading...<\/span>\n\t\t\t\t\t\t<\/div>\n\t\t\t\t\t<\/div>\n\t\t\t\t\t<div class=\"ead-loading-foot\">\n\t\t\t\t\t\t<div class=\"ead-loading-foot-title\">\n\t\t\t\t\t\t\t<img loading=\"lazy\" decoding=\"async\" src=\"https:\/\/www.imex-revista.com\/wp-content\/plugins\/embed-any-document\/images\/EAD-logo.svg\" alt=\"EAD Logo\" width=\"36\" height=\"23\"\/>\n\t\t\t\t\t\t\t<span>Taking too long?<\/span>\n\t\t\t\t\t\t<\/div>\n\t\t\t\t\t\t<div class=\"ead-document-btn ead-reload-btn\" role=\"button\">\n\t\t\t\t\t\t\t\t<img loading=\"lazy\" decoding=\"async\" src=\"https:\/\/www.imex-revista.com\/wp-content\/plugins\/embed-any-document\/images\/reload.svg\" alt=\"Reload\" width=\"12\" height=\"12\"\/> Reload document\t\t\t\t\t\t\t<\/div>\n\t\t\t\t\t\t\t<span>|<\/span>\n\t\t\t\t\t\t\t<a href=\"https:\/\/www.imex-revista.com\/wp-content\/uploads\/9_LJ_Exilio-germanoparlante-en-M\u00e9xico_iMex19.pdf\" class=\"ead-document-btn\" target=\"_blank\">\n\t\t\t\t\t\t\t\t<img loading=\"lazy\" decoding=\"async\" src=\"https:\/\/www.imex-revista.com\/wp-content\/plugins\/embed-any-document\/images\/open.svg\" alt=\"Open\" width=\"12\" height=\"12\"\/> Open in new tab\t\t\t\t\t\t\t<\/a>\n\t\t\t\t\t<\/div>\n\t\t\t\t<\/div>\n\t\t\t<\/div>\n\t\t<\/div><\/div>\n[\/vc_column_text][divider line_type=&#8221;No Line&#8221; custom_height=&#8221;80&#8243;][vc_column_text]\n<h3><span style=\"color: #b0b0b0;\"><strong>Litographies by Leopoldo M\u00e9ndez, reproduced with permission of the Fondo Hist\u00f3rico Lombardo Toledano (archivo hist\u00f3rico Lombardo Toledano).<\/strong><\/span><\/h3>\n[\/vc_column_text][divider line_type=&#8221;Small Line&#8221; line_thickness=&#8221;1&#8243; divider_color=&#8221;default&#8221; custom_height=&#8221;20&#8243;][vc_gallery type=&#8221;flexslider_style&#8221; images=&#8221;8582,8580,8574,8578,8576&#8243; onclick=&#8221;link_no&#8221;][divider line_type=&#8221;No Line&#8221; custom_height=&#8221;80&#8243;][vc_column_text]\n<h3><span style=\"color: #ffffff;\"><strong><span style=\"color: #b0b0b0;\">Prof. Dr. Lizette Jacinto<br \/>\n<\/span><\/strong><\/span><\/h3>\n<p>&nbsp;<\/p>\n<p style=\"text-align: justify;\"><span style=\"color: #b0b0b0;\">Since December 2015, she has been a Faculty member of the Department of History of the Institute of Social Sciences and Humanities &#8220;Alfonso V\u00e9lez Pliego&#8221; at the Benemeritus Autonomus University of Puebla (Universidad Aut\u00f3noma de Puebla, BUAP) in Puebla, Mexico. She obtained her Ph.D. from the University Witten-Herdecke in Germany (advisor: Prof. J\u00f6rn R\u00fcsen) in 2010, the Master in History degree from the Benemeritus Autonomus University of Puebla (Universidad Aut\u00f3noma de Puebla, BUAP) in Puebla, Mexico, in 2004, and the Bachelor in History degree from the National Autonomous University of Mexico (Universidad Nacional Aut\u00f3noma de M\u00e9xico, UNAM), in Mexico City, Mexico, in 2002. Between 2004 and 2008 she was a member of the Institute for Advanced Cultural Studies, (Kulturwissenschaftliches Institut, KWI), in Essen, Germany. From 2009 till 2014, she was respectively a lecturer at the University of Cologne, and the Heinrich-Heine University of D\u00fcsseldorf, Germany. Since 2013 she is member of the International Network for History Theory (INTH), and since 2017 a member of the National System of Researchers (SNI) in Mexico. She edited, together with Eugenia Scarzanella, the book G\u00e9nero y Ciencia en Am\u00e9rica Latina, published by Iberoamericana Vervuert, Germany, in 2011, and was the single editor of the book Racism, body and violence in Latin America, published by BUAP &#8211; Ediciones Del Lirio, Mexico, in 2019. She has been a guest lecturer at universities in Germany, Italy, Belgium and Mexico and has organized several international conferences and symposia.<\/span><\/p>\n[\/vc_column_text][\/vc_column_inner][\/vc_row_inner][divider line_type=&#8221;No Line&#8221; custom_height=&#8221;50&#8243;][tabbed_section style=&#8221;default&#8221; alignment=&#8221;left&#8221; spacing=&#8221;default&#8221; tab_color=&#8221;Accent-Color&#8221;][tab icon_family=&#8221;none&#8221; title=&#8221;Abstract&#8221; id=&#8221;1580125134478-05c4c-b537&#8243; tab_id=&#8221;1611664067889-4&#8243;][vc_column_text]\n<p style=\"text-align: justify;\"><span style=\"color: #b0b0b0;\">The following article deals with the experience of leftist and German-speaking political exiles in Mexico, following the persecution of National Socialist and Fascist governments perpetrated against them in Europe in the late 1930s and 1940s. It parts from the premise that the National Socialist construction that emerged in Germany and elsewhere at that time was built on exclusion. And, who were the social groups left out of this project? Although in the first instance it was the political dissidents and critics of the regime, very early on, other groups were also pointed out as not suitable for the project of the Aryan society; for example, the Roma and the Sinti peoples, the so-called Asoziale (anti-socials), the mentally ill, the feminists and, last but not least, the Jewish people, a group dealt with the tragically famous &#8220;Final Solution&#8221;. In contrast to this exclusion, the forced political exile of the leftist intelligentsia fleeing Europe found in the local politicized left-oriented groups in Mexico a niche of inclusion. Not all of the leftist oriented organizations accepted the newcomers, of course, but there were enough organizations and associations that showed solidarity on the local, national and international levels. But not all the exiles had the same experience. The latter is evident if two separate cases are examined: those of Anna Seghers and Alice R\u00fchle-Gerstel, respectively. The first one was an orthodox communist who enjoyed recognition and acceptance in the leftist academic circles of that time, and still does, whilst the second one, a feminist, a socialist-humanist, was rejected by the leftist preponderant groups, was isolated, and finally fell into oblivion. Dissidence and estrangement, occurring on a daily basis, formed part of both their experiences that turned out being completely opposite despite the many similarities they shared, revealing important dissimilarities within the group of leftist German-speaking exiles. Finally, the article addresses the solidarity shown towards the exiles by the group of artists and printmakers that formed the Taller de Gr\u00e1fica Popular (Popular Graphics Workshop) in Mexico at that time, and by one of the most emblematic printmakers, Leopoldo M\u00e9ndez, who provided poster designs to disseminate the exile group&#8217;s propaganda that focused on spreading the ideas if their anti-fascist struggle. As an example of this, El libro Negro (The black book), a book denouncing fascist practices world-wide, although organized and published in Mexico, enjoyed international support of anti-fascist intellectuals.<\/span><\/p>\n[\/vc_column_text][\/tab][tab icon_family=&#8221;none&#8221; title=&#8221;Resumen&#8221; id=&#8221;1580125134518-15c4c-b537&#8243; tab_id=&#8221;1611664067918-3&#8243;][vc_column_text]\n<p style=\"text-align: justify;\"><span style=\"color: #b0b0b0;\">El siguiente art\u00edculo aborda la experiencia del exilio pol\u00edtico de izquierda y germanoparlante en M\u00e9xico y a ra\u00edz de la persecuci\u00f3n de\u00a0 los gobiernos nacionalsocialista y fascistas en Europa a finales de la d\u00e9cada de los treinta y de los cuarenta. En ese sentido, partimos de la premisa que la construcci\u00f3n nacionalsocialista en Alemania se fundament\u00f3 sobre la base de la exclusi\u00f3n, \u00bfqui\u00e9nes quedaron fuera de este proyecto?, si bien en primera instancia fueron los disidentes pol\u00edticos y cr\u00edticos al r\u00e9gimen, muy tempranamente, tambi\u00e9n se\u00f1alaron otros grupos como no aptos para el proyecto de la sociedad aria, por ejemplo, los pueblos Roma y Sinti, los denominados asociales, los enfermos mentales, las feministas y, por \u00faltimo pero no menos importante, el pueblo jud\u00edo y con las consecuencias de la elaboraci\u00f3n de la denominada \u201cSoluci\u00f3n Final\u201d. En contraposici\u00f3n, el exilio pol\u00edtico de izquierda en M\u00e9xico hall\u00f3 en los grupos politizados de ideolog\u00eda de izquierda un nicho de inclusi\u00f3n, por supuesto no todos, pero s\u00ed hubo organizaciones y asociaciones que se solidarizaron desde el \u00e1mbito local, nacional hasta el internacional. Lo anterior quedar\u00e1 de manifiesto en dos casos: Anna Seghers y Alice R\u00fchle-Gerstel, la primera, una comunista ortodoxa que hasta la fecha goza de reconocimiento, la segunda, una feminista, socialista-humanista, que cay\u00f3 en el olvido. Mambos casos representan la disidencia y distanciamiento que tambi\u00e9n se dio, cotidianamente, en el \u00e1mbito de los grupos de exiliados en M\u00e9xico. Por \u00faltimo, se aborda la solidaridad mostrada por el grupo de artistas y grabadores, por ejemplo, El Taller de Gr\u00e1fica Popular y uno de los grabadores m\u00e1s emblem\u00e1ticos, Leopoldo M\u00e9ndez, quien proporcion\u00f3 dise\u00f1os de c\u00e1rteles para difusi\u00f3n de la propaganda del grupo de exiliados y su lucha antifascista, por ejemplo en el El libro Negro, un libro de denuncias de las pr\u00e1cticas fascistas y organizado desde M\u00e9xico pero, que cont\u00f3 con el apoyo internacional de intelectuales antifascistas. <\/span><\/p>\n[\/vc_column_text][\/tab][tab icon_family=&#8221;none&#8221; title=&#8221;iMex N\u00b019 | M\u00e9xico en el mundo &#8211; el mundo en M\u00e9xico&#8221; id=&#8221;1580125134563-45c4c-b537&#8243; tab_id=&#8221;1611664067961-9&#8243;][vc_column_text]<a class=\"nectar-button n-sc-button small see-through-2 has-icon\" target=\"_blank\" href=\"https:\/\/www.imex-revista.com\/en\/xix-editorial\" data-color-override=\"#ffffff\" data-hover-color-override=\"false\" data-hover-text-color-override=\"#fff\"><span>Yasmin Temelli \u2013 Editorial<\/span><i class=\"icon-button-arrow\"><\/i><\/a>\n<p><span style=\"color: #ffffff;\"><strong>Articles<\/strong><\/span><\/p>\n<a class=\"nectar-button n-sc-button small see-through-2 has-icon\" target=\"_blank\" href=\"https:\/\/www.imex-revista.com\/en\/xix-repensar-globalizacion\" data-color-override=\"#ffffff\" data-hover-color-override=\"false\" data-hover-text-color-override=\"#fff\"><span>Vittoria Bors\u00f2 \u2013 Repensar la globalizacion desde la literatura mexicana<\/span><i class=\"icon-button-arrow\"><\/i><\/a>\n<a class=\"nectar-button n-sc-button small see-through-2 has-icon\" target=\"_blank\" href=\"https:\/\/www.imex-revista.com\/en\/xix-paz-literatura-mundial\" data-color-override=\"#ffffff\" data-hover-color-override=\"false\" data-hover-text-color-override=\"#fff\"><span>Gesine M\u00fcller \u2013 Paz entre literatura mundial y literaturas del mundo<\/span><i class=\"icon-button-arrow\"><\/i><\/a>\n<a class=\"nectar-button n-sc-button small see-through-2 has-icon\" target=\"_blank\" href=\"https:\/\/www.imex-revista.com\/en\/xix-altamirano-trenes\" data-color-override=\"#ffffff\" data-hover-color-override=\"false\" data-hover-text-color-override=\"#fff\"><span>Anne Kraume \u2013 Altamirano y los trenes<\/span><i class=\"icon-button-arrow\"><\/i><\/a>\n<a class=\"nectar-button n-sc-button small see-through-2 has-icon\" target=\"_blank\" href=\"https:\/\/www.imex-revista.com\/en\/xix-arreola-estetica-zigzag\" data-color-override=\"#ffffff\" data-hover-color-override=\"false\" data-hover-text-color-override=\"#fff\"><span>Sara Poot Herrera \u2013 Arreola y su est\u00e9tica del zigzag<\/span><i class=\"icon-button-arrow\"><\/i><\/a>\n<a class=\"nectar-button n-sc-button small see-through-2 has-icon\" target=\"_blank\" href=\"https:\/\/www.imex-revista.com\/en\/xix-busqueda-otra-realidad\" data-color-override=\"#ffffff\" data-hover-color-override=\"false\" data-hover-text-color-override=\"#fff\"><span>Hermann Herrlinghaus \u2013 La b\u00fasqueda de otra dimensi\u00f3n de la realidad<\/span><i class=\"icon-button-arrow\"><\/i><\/a>\n<a class=\"nectar-button n-sc-button small see-through-2 has-icon\" target=\"_blank\" href=\"https:\/\/www.imex-revista.com\/en\/xix-apercepcion-amado-nervo\" data-color-override=\"#ffffff\" data-hover-color-override=\"false\" data-hover-text-color-override=\"#fff\"><span>Jos\u00e9 Ram\u00f3n Ruis\u00e1nchez Serra \u2013 Apercepci\u00f3n en Amado Nervo<\/span><i class=\"icon-button-arrow\"><\/i><\/a>\n<a class=\"nectar-button n-sc-button small see-through-2 has-icon\" target=\"_blank\" href=\"https:\/\/www.imex-revista.com\/en\/xix-traven-encuentro-indios\" data-color-override=\"#ffffff\" data-hover-color-override=\"false\" data-hover-text-color-override=\"#fff\"><span>Edith Negr\u00edn \u2013 Traven: primer encuentro con los indios mexicanos<\/span><i class=\"icon-button-arrow\"><\/i><\/a>\n<a class=\"nectar-button n-sc-button small see-through-2 has-icon\" target=\"_blank\" href=\"https:\/\/www.imex-revista.com\/en\/xix-estrategias-personalizacion-literaturs-nacionales\" data-color-override=\"#ffffff\" data-hover-color-override=\"false\" data-hover-text-color-override=\"#fff\"><span>Roger Friedlein \u2013 Estrategias de personalizaci\u00f3n en literaturas nacionales<\/span><i class=\"icon-button-arrow\"><\/i><\/a>\n<a class=\"nectar-button n-sc-button small see-through-2 has-icon\" target=\"_blank\" href=\"https:\/\/www.imex-revista.com\/en\/xix-exilio-politico-germanoparlante\" data-color-override=\"#ffffff\" data-hover-color-override=\"false\" data-hover-text-color-override=\"#fff\"><span>Lizette Jacinto \u2013 Exilio pol\u00edtico germanoparlante<\/span><i class=\"icon-button-arrow\"><\/i><\/a>\n<a class=\"nectar-button n-sc-button small see-through-2 has-icon\" target=\"_blank\" href=\"https:\/\/www.imex-revista.com\/en\/xix-myriam-moscona\" data-color-override=\"#ffffff\" data-hover-color-override=\"false\" data-hover-text-color-override=\"#fff\"><span>Jacobo Sefam\u00ed \u2013 De ida y vuelta: Myriam Moscona<\/span><i class=\"icon-button-arrow\"><\/i><\/a>\n<a class=\"nectar-button n-sc-button small see-through-2 has-icon\" target=\"_blank\" href=\"https:\/\/www.imex-revista.com\/en\/xix-guadalupe-tonantzin-transcultural\" data-color-override=\"#ffffff\" data-hover-color-override=\"false\" data-hover-text-color-override=\"#fff\"><span>Stephanie Sch\u00fctze \u2013 Guadalupe Tonantzin: una santa transcultural<\/span><i class=\"icon-button-arrow\"><\/i><\/a>\n<a class=\"nectar-button n-sc-button small see-through-2 has-icon\" target=\"_blank\" href=\"https:\/\/www.imex-revista.com\/en\/xix-necropolitica-mexico\" data-color-override=\"#ffffff\" data-hover-color-override=\"false\" data-hover-text-color-override=\"#fff\"><span>Tanius Karam C\u00e1rdenas \u2013 Entre muros y t\u00faneles: necropol\u00edtica en M\u00e9xico<\/span><i class=\"icon-button-arrow\"><\/i><\/a>\n<a class=\"nectar-button n-sc-button small see-through-2 has-icon\" target=\"_blank\" href=\"https:\/\/www.imex-revista.com\/en\/xix-etnoarqueologia-combate-pobreza\" data-color-override=\"#ffffff\" data-hover-color-override=\"false\" data-hover-text-color-override=\"#fff\"><span>Sandra L. L\u00f3pez Varela \u2013 Etnoarqueolog\u00eda para el combate a la pobreza<\/span><i class=\"icon-button-arrow\"><\/i><\/a>\n<a class=\"nectar-button n-sc-button small see-through-2 has-icon\" target=\"_blank\" href=\"https:\/\/www.imex-revista.com\/en\/xix-sueno-transparencia-absoluta\" data-color-override=\"#ffffff\" data-hover-color-override=\"false\" data-hover-text-color-override=\"#fff\"><span>Sandra del Pilar \u2013 El sue\u00f1o incobrable de la transparencia absoluta<\/span><i class=\"icon-button-arrow\"><\/i><\/a>[\/vc_column_text][\/tab][\/tabbed_section][\/vc_column][\/vc_row]\n","protected":false},"excerpt":{"rendered":"<p>[vc_row type=&#8221;full_width_background&#8221; full_screen_row_position=&#8221;middle&#8221; bg_image=&#8221;31&#8243; bg_position=&#8221;left top&#8221; bg_repeat=&#8221;repeat&#8221; parallax_bg=&#8221;true&#8221; parallax_bg_speed=&#8221;slow&#8221; scene_position=&#8221;center&#8221; text_color=&#8221;dark&#8221; text_align=&#8221;left&#8221; top_padding=&#8221;0&#8243; bottom_padding=&#8221;30&#8243; overlay_strength=&#8221;1&#8243; shape_divider_position=&#8221;bottom&#8221; shape_type=&#8221;&#8221;][vc_column column_padding=&#8221;no-extra-padding&#8221; column_padding_position=&#8221;all&#8221; background_color_opacity=&#8221;1&#8243; background_hover_color_opacity=&#8221;1&#8243; column_shadow=&#8221;none&#8221; column_border_radius=&#8221;none&#8221; width=&#8221;1\/1&#8243; tablet_text_alignment=&#8221;default&#8221; phone_text_alignment=&#8221;default&#8221; column_border_width=&#8221;none&#8221; column_border_style=&#8221;solid&#8221;][vc_column_text] [\/vc_column_text][vc_row_inner column_margin=&#8221;default&#8221;&#8230;<\/p>\n","protected":false},"author":2,"featured_media":13223,"comment_status":"closed","ping_status":"closed","sticky":false,"template":"","format":"standard","meta":{"footnotes":""},"categories":[580,1838],"tags":[1887,789,1888,1804],"class_list":["post-8441","post","type-post","status-publish","format-standard","has-post-thumbnail","category-issues","category-xix-mexico-en-el-mundo-el-mundo-en-mexico-en","tag-anti-fascism","tag-antifascismo","tag-popular-graphics-workshop","tag-taller-de-grafica-popular"],"yoast_head":"<!-- This site is optimized with the Yoast SEO plugin v28.4 - https:\/\/yoast.com\/product\/yoast-seo-wordpress\/ -->\n<title>XIX. Lizette Jacinto \u2013 Exilio pol\u00edtico germanoparlante - iMex Revista<\/title>\n<meta name=\"description\" content=\"iMex XIX. M\u00e9xico en el mundo \u2013 el mundo en M\u00e9xico | Lizette Jacinto \u2013 Exilio pol\u00edtico germanoparlante | DOI: 10.23692\/iMex.19.10\" \/>\n<meta name=\"robots\" content=\"index, follow, max-snippet:-1, max-image-preview:large, max-video-preview:-1\" \/>\n<link rel=\"canonical\" href=\"https:\/\/www.imex-revista.com\/en\/xix-exilio-politico-germanoparlante\/\" \/>\n<meta property=\"og:locale\" content=\"en_US\" \/>\n<meta property=\"og:type\" content=\"article\" \/>\n<meta property=\"og:title\" content=\"XIX. Lizette Jacinto \u2013 Exilio pol\u00edtico germanoparlante - iMex Revista\" \/>\n<meta property=\"og:description\" content=\"iMex XIX. M\u00e9xico en el mundo \u2013 el mundo en M\u00e9xico | Lizette Jacinto \u2013 Exilio pol\u00edtico germanoparlante | DOI: 10.23692\/iMex.19.10\" \/>\n<meta property=\"og:url\" content=\"https:\/\/www.imex-revista.com\/en\/xix-exilio-politico-germanoparlante\/\" \/>\n<meta property=\"og:site_name\" content=\"iMex Revista\" \/>\n<meta property=\"article:published_time\" content=\"2021-01-26T12:35:34+00:00\" \/>\n<meta property=\"article:modified_time\" content=\"2021-06-01T11:05:15+00:00\" \/>\n<meta property=\"og:image\" content=\"https:\/\/www.imex-revista.com\/wp-content\/uploads\/edicion-19.webp\" \/>\n\t<meta property=\"og:image:width\" content=\"958\" \/>\n\t<meta property=\"og:image:height\" content=\"1024\" \/>\n\t<meta property=\"og:image:type\" content=\"image\/webp\" \/>\n<meta name=\"author\" content=\"iMex Revista\" \/>\n<meta name=\"twitter:card\" content=\"summary_large_image\" \/>\n<meta name=\"twitter:label1\" content=\"Written by\" \/>\n\t<meta name=\"twitter:data1\" content=\"iMex Revista\" \/>\n\t<meta name=\"twitter:label2\" content=\"Est. reading time\" \/>\n\t<meta name=\"twitter:data2\" content=\"10 minutes\" \/>\n<script type=\"application\/ld+json\" class=\"yoast-schema-graph\">{\"@context\":\"https:\\\/\\\/schema.org\",\"@graph\":[{\"@type\":\"Article\",\"@id\":\"https:\\\/\\\/www.imex-revista.com\\\/en\\\/xix-exilio-politico-germanoparlante\\\/#article\",\"isPartOf\":{\"@id\":\"https:\\\/\\\/www.imex-revista.com\\\/en\\\/xix-exilio-politico-germanoparlante\\\/\"},\"author\":{\"name\":\"iMex Revista\",\"@id\":\"https:\\\/\\\/www.imex-revista.com\\\/#\\\/schema\\\/person\\\/b06ca09ee30633a9bca5919aad53cd1f\"},\"headline\":\"XIX. Lizette Jacinto \u2013 Exilio pol\u00edtico germanoparlante\",\"datePublished\":\"2021-01-26T12:35:34+00:00\",\"dateModified\":\"2021-06-01T11:05:15+00:00\",\"mainEntityOfPage\":{\"@id\":\"https:\\\/\\\/www.imex-revista.com\\\/en\\\/xix-exilio-politico-germanoparlante\\\/\"},\"wordCount\":1972,\"image\":{\"@id\":\"https:\\\/\\\/www.imex-revista.com\\\/en\\\/xix-exilio-politico-germanoparlante\\\/#primaryimage\"},\"thumbnailUrl\":\"https:\\\/\\\/www.imex-revista.com\\\/wp-content\\\/uploads\\\/edicion-19.webp\",\"keywords\":[\"anti-fascism\",\"antifascismo\",\"Popular Graphics Workshop\",\"Taller de Gr\u00e1fica popular\"],\"articleSection\":[\"Issues\",\"XIX. M\u00e9xico en el mundo &#8211; el mundo en M\u00e9xico\"],\"inLanguage\":\"en-US\"},{\"@type\":\"WebPage\",\"@id\":\"https:\\\/\\\/www.imex-revista.com\\\/en\\\/xix-exilio-politico-germanoparlante\\\/\",\"url\":\"https:\\\/\\\/www.imex-revista.com\\\/en\\\/xix-exilio-politico-germanoparlante\\\/\",\"name\":\"XIX. Lizette Jacinto \u2013 Exilio pol\u00edtico germanoparlante - iMex Revista\",\"isPartOf\":{\"@id\":\"https:\\\/\\\/www.imex-revista.com\\\/#website\"},\"primaryImageOfPage\":{\"@id\":\"https:\\\/\\\/www.imex-revista.com\\\/en\\\/xix-exilio-politico-germanoparlante\\\/#primaryimage\"},\"image\":{\"@id\":\"https:\\\/\\\/www.imex-revista.com\\\/en\\\/xix-exilio-politico-germanoparlante\\\/#primaryimage\"},\"thumbnailUrl\":\"https:\\\/\\\/www.imex-revista.com\\\/wp-content\\\/uploads\\\/edicion-19.webp\",\"datePublished\":\"2021-01-26T12:35:34+00:00\",\"dateModified\":\"2021-06-01T11:05:15+00:00\",\"author\":{\"@id\":\"https:\\\/\\\/www.imex-revista.com\\\/#\\\/schema\\\/person\\\/b06ca09ee30633a9bca5919aad53cd1f\"},\"description\":\"iMex XIX. M\u00e9xico en el mundo \u2013 el mundo en M\u00e9xico | Lizette Jacinto \u2013 Exilio pol\u00edtico germanoparlante | DOI: 10.23692\\\/iMex.19.10\",\"breadcrumb\":{\"@id\":\"https:\\\/\\\/www.imex-revista.com\\\/en\\\/xix-exilio-politico-germanoparlante\\\/#breadcrumb\"},\"inLanguage\":\"en-US\",\"potentialAction\":[{\"@type\":\"ReadAction\",\"target\":[\"https:\\\/\\\/www.imex-revista.com\\\/en\\\/xix-exilio-politico-germanoparlante\\\/\"]}]},{\"@type\":\"ImageObject\",\"inLanguage\":\"en-US\",\"@id\":\"https:\\\/\\\/www.imex-revista.com\\\/en\\\/xix-exilio-politico-germanoparlante\\\/#primaryimage\",\"url\":\"https:\\\/\\\/www.imex-revista.com\\\/wp-content\\\/uploads\\\/edicion-19.webp\",\"contentUrl\":\"https:\\\/\\\/www.imex-revista.com\\\/wp-content\\\/uploads\\\/edicion-19.webp\",\"width\":958,\"height\":1024},{\"@type\":\"BreadcrumbList\",\"@id\":\"https:\\\/\\\/www.imex-revista.com\\\/en\\\/xix-exilio-politico-germanoparlante\\\/#breadcrumb\",\"itemListElement\":[{\"@type\":\"ListItem\",\"position\":1,\"name\":\"Home\",\"item\":\"https:\\\/\\\/www.imex-revista.com\\\/en\\\/imex\\\/\"},{\"@type\":\"ListItem\",\"position\":2,\"name\":\"XIX. Lizette Jacinto \u2013 Exilio pol\u00edtico germanoparlante\"}]},{\"@type\":\"WebSite\",\"@id\":\"https:\\\/\\\/www.imex-revista.com\\\/#website\",\"url\":\"https:\\\/\\\/www.imex-revista.com\\\/\",\"name\":\"iMex Revista\",\"description\":\"iMex Revista\",\"potentialAction\":[{\"@type\":\"SearchAction\",\"target\":{\"@type\":\"EntryPoint\",\"urlTemplate\":\"https:\\\/\\\/www.imex-revista.com\\\/?s={search_term_string}\"},\"query-input\":{\"@type\":\"PropertyValueSpecification\",\"valueRequired\":true,\"valueName\":\"search_term_string\"}}],\"inLanguage\":\"en-US\"},{\"@type\":\"Person\",\"@id\":\"https:\\\/\\\/www.imex-revista.com\\\/#\\\/schema\\\/person\\\/b06ca09ee30633a9bca5919aad53cd1f\",\"name\":\"iMex Revista\",\"url\":\"https:\\\/\\\/www.imex-revista.com\\\/en\\\/author\\\/temelli\\\/\"}]}<\/script>\n<!-- \/ Yoast SEO plugin. -->","yoast_head_json":{"title":"XIX. Lizette Jacinto \u2013 Exilio pol\u00edtico germanoparlante - iMex Revista","description":"iMex XIX. M\u00e9xico en el mundo \u2013 el mundo en M\u00e9xico | Lizette Jacinto \u2013 Exilio pol\u00edtico germanoparlante | DOI: 10.23692\/iMex.19.10","robots":{"index":"index","follow":"follow","max-snippet":"max-snippet:-1","max-image-preview":"max-image-preview:large","max-video-preview":"max-video-preview:-1"},"canonical":"https:\/\/www.imex-revista.com\/en\/xix-exilio-politico-germanoparlante\/","og_locale":"en_US","og_type":"article","og_title":"XIX. Lizette Jacinto \u2013 Exilio pol\u00edtico germanoparlante - iMex Revista","og_description":"iMex XIX. M\u00e9xico en el mundo \u2013 el mundo en M\u00e9xico | Lizette Jacinto \u2013 Exilio pol\u00edtico germanoparlante | DOI: 10.23692\/iMex.19.10","og_url":"https:\/\/www.imex-revista.com\/en\/xix-exilio-politico-germanoparlante\/","og_site_name":"iMex Revista","article_published_time":"2021-01-26T12:35:34+00:00","article_modified_time":"2021-06-01T11:05:15+00:00","og_image":[{"width":958,"height":1024,"url":"https:\/\/www.imex-revista.com\/wp-content\/uploads\/edicion-19.webp","type":"image\/webp"}],"author":"iMex Revista","twitter_card":"summary_large_image","twitter_misc":{"Written by":"iMex Revista","Est. reading time":"10 minutes"},"schema":{"@context":"https:\/\/schema.org","@graph":[{"@type":"Article","@id":"https:\/\/www.imex-revista.com\/en\/xix-exilio-politico-germanoparlante\/#article","isPartOf":{"@id":"https:\/\/www.imex-revista.com\/en\/xix-exilio-politico-germanoparlante\/"},"author":{"name":"iMex Revista","@id":"https:\/\/www.imex-revista.com\/#\/schema\/person\/b06ca09ee30633a9bca5919aad53cd1f"},"headline":"XIX. Lizette Jacinto \u2013 Exilio pol\u00edtico germanoparlante","datePublished":"2021-01-26T12:35:34+00:00","dateModified":"2021-06-01T11:05:15+00:00","mainEntityOfPage":{"@id":"https:\/\/www.imex-revista.com\/en\/xix-exilio-politico-germanoparlante\/"},"wordCount":1972,"image":{"@id":"https:\/\/www.imex-revista.com\/en\/xix-exilio-politico-germanoparlante\/#primaryimage"},"thumbnailUrl":"https:\/\/www.imex-revista.com\/wp-content\/uploads\/edicion-19.webp","keywords":["anti-fascism","antifascismo","Popular Graphics Workshop","Taller de Gr\u00e1fica popular"],"articleSection":["Issues","XIX. M\u00e9xico en el mundo &#8211; el mundo en M\u00e9xico"],"inLanguage":"en-US"},{"@type":"WebPage","@id":"https:\/\/www.imex-revista.com\/en\/xix-exilio-politico-germanoparlante\/","url":"https:\/\/www.imex-revista.com\/en\/xix-exilio-politico-germanoparlante\/","name":"XIX. Lizette Jacinto \u2013 Exilio pol\u00edtico germanoparlante - iMex Revista","isPartOf":{"@id":"https:\/\/www.imex-revista.com\/#website"},"primaryImageOfPage":{"@id":"https:\/\/www.imex-revista.com\/en\/xix-exilio-politico-germanoparlante\/#primaryimage"},"image":{"@id":"https:\/\/www.imex-revista.com\/en\/xix-exilio-politico-germanoparlante\/#primaryimage"},"thumbnailUrl":"https:\/\/www.imex-revista.com\/wp-content\/uploads\/edicion-19.webp","datePublished":"2021-01-26T12:35:34+00:00","dateModified":"2021-06-01T11:05:15+00:00","author":{"@id":"https:\/\/www.imex-revista.com\/#\/schema\/person\/b06ca09ee30633a9bca5919aad53cd1f"},"description":"iMex XIX. M\u00e9xico en el mundo \u2013 el mundo en M\u00e9xico | Lizette Jacinto \u2013 Exilio pol\u00edtico germanoparlante | DOI: 10.23692\/iMex.19.10","breadcrumb":{"@id":"https:\/\/www.imex-revista.com\/en\/xix-exilio-politico-germanoparlante\/#breadcrumb"},"inLanguage":"en-US","potentialAction":[{"@type":"ReadAction","target":["https:\/\/www.imex-revista.com\/en\/xix-exilio-politico-germanoparlante\/"]}]},{"@type":"ImageObject","inLanguage":"en-US","@id":"https:\/\/www.imex-revista.com\/en\/xix-exilio-politico-germanoparlante\/#primaryimage","url":"https:\/\/www.imex-revista.com\/wp-content\/uploads\/edicion-19.webp","contentUrl":"https:\/\/www.imex-revista.com\/wp-content\/uploads\/edicion-19.webp","width":958,"height":1024},{"@type":"BreadcrumbList","@id":"https:\/\/www.imex-revista.com\/en\/xix-exilio-politico-germanoparlante\/#breadcrumb","itemListElement":[{"@type":"ListItem","position":1,"name":"Home","item":"https:\/\/www.imex-revista.com\/en\/imex\/"},{"@type":"ListItem","position":2,"name":"XIX. Lizette Jacinto \u2013 Exilio pol\u00edtico germanoparlante"}]},{"@type":"WebSite","@id":"https:\/\/www.imex-revista.com\/#website","url":"https:\/\/www.imex-revista.com\/","name":"iMex Revista","description":"iMex Revista","potentialAction":[{"@type":"SearchAction","target":{"@type":"EntryPoint","urlTemplate":"https:\/\/www.imex-revista.com\/?s={search_term_string}"},"query-input":{"@type":"PropertyValueSpecification","valueRequired":true,"valueName":"search_term_string"}}],"inLanguage":"en-US"},{"@type":"Person","@id":"https:\/\/www.imex-revista.com\/#\/schema\/person\/b06ca09ee30633a9bca5919aad53cd1f","name":"iMex Revista","url":"https:\/\/www.imex-revista.com\/en\/author\/temelli\/"}]}},"_links":{"self":[{"href":"https:\/\/www.imex-revista.com\/en\/wp-json\/wp\/v2\/posts\/8441","targetHints":{"allow":["GET"]}}],"collection":[{"href":"https:\/\/www.imex-revista.com\/en\/wp-json\/wp\/v2\/posts"}],"about":[{"href":"https:\/\/www.imex-revista.com\/en\/wp-json\/wp\/v2\/types\/post"}],"author":[{"embeddable":true,"href":"https:\/\/www.imex-revista.com\/en\/wp-json\/wp\/v2\/users\/2"}],"replies":[{"embeddable":true,"href":"https:\/\/www.imex-revista.com\/en\/wp-json\/wp\/v2\/comments?post=8441"}],"version-history":[{"count":7,"href":"https:\/\/www.imex-revista.com\/en\/wp-json\/wp\/v2\/posts\/8441\/revisions"}],"predecessor-version":[{"id":8599,"href":"https:\/\/www.imex-revista.com\/en\/wp-json\/wp\/v2\/posts\/8441\/revisions\/8599"}],"wp:featuredmedia":[{"embeddable":true,"href":"https:\/\/www.imex-revista.com\/en\/wp-json\/wp\/v2\/media\/13223"}],"wp:attachment":[{"href":"https:\/\/www.imex-revista.com\/en\/wp-json\/wp\/v2\/media?parent=8441"}],"wp:term":[{"taxonomy":"category","embeddable":true,"href":"https:\/\/www.imex-revista.com\/en\/wp-json\/wp\/v2\/categories?post=8441"},{"taxonomy":"post_tag","embeddable":true,"href":"https:\/\/www.imex-revista.com\/en\/wp-json\/wp\/v2\/tags?post=8441"}],"curies":[{"name":"wp","href":"https:\/\/api.w.org\/{rel}","templated":true}]}}