{"id":8320,"date":"2021-01-26T11:35:53","date_gmt":"2021-01-26T10:35:53","guid":{"rendered":"https:\/\/www.imex-revista.com\/?p=8320"},"modified":"2021-06-01T12:05:19","modified_gmt":"2021-06-01T11:05:19","slug":"xix-sueno-transparencia-absoluta","status":"publish","type":"post","link":"https:\/\/www.imex-revista.com\/en\/xix-sueno-transparencia-absoluta\/","title":{"rendered":"XIX. Sandra del Pilar \u2013 El sue\u00f1o incobrable de la transparencia absoluta"},"content":{"rendered":"[vc_row type=&#8221;full_width_background&#8221; full_screen_row_position=&#8221;middle&#8221; bg_image=&#8221;31&#8243; bg_position=&#8221;left top&#8221; bg_repeat=&#8221;repeat&#8221; parallax_bg=&#8221;true&#8221; parallax_bg_speed=&#8221;slow&#8221; scene_position=&#8221;center&#8221; text_color=&#8221;dark&#8221; text_align=&#8221;left&#8221; top_padding=&#8221;0&#8243; bottom_padding=&#8221;30&#8243; overlay_strength=&#8221;1&#8243; shape_divider_position=&#8221;bottom&#8221; shape_type=&#8221;&#8221;][vc_column column_padding=&#8221;no-extra-padding&#8221; column_padding_position=&#8221;all&#8221; background_color_opacity=&#8221;1&#8243; background_hover_color_opacity=&#8221;1&#8243; column_shadow=&#8221;none&#8221; column_border_radius=&#8221;none&#8221; width=&#8221;1\/1&#8243; tablet_text_alignment=&#8221;default&#8221; phone_text_alignment=&#8221;default&#8221; column_border_width=&#8221;none&#8221; column_border_style=&#8221;solid&#8221;][vc_column_text]\n<p style=\"text-align: center;\"><a class=\"nectar-button n-sc-button small accent-color has-icon regular-button\" target=\"_blank\" href=\"https:\/\/www.imex-revista.com\/download\/8396\/\" data-color-override=\"false\" data-hover-color-override=\"false\" data-hover-text-color-override=\"#fff\"><span>Download Edici\u00f3n<\/span><i class=\"icon-button-arrow\"><\/i><\/a> <a class=\"nectar-button n-sc-button small accent-color has-icon regular-button\" target=\"_blank\" href=\"https:\/\/www.imex-revista.com\/download\/8381\/\" data-color-override=\"false\" data-hover-color-override=\"false\" data-hover-text-color-override=\"#fff\"><span>Download Art\u00edculo<\/span><i class=\"icon-button-arrow\"><\/i><\/a>\n[\/vc_column_text][vc_row_inner column_margin=&#8221;default&#8221; text_align=&#8221;left&#8221;][vc_column_inner column_padding=&#8221;no-extra-padding&#8221; column_padding_position=&#8221;all&#8221; background_color_opacity=&#8221;1&#8243; background_hover_color_opacity=&#8221;1&#8243; column_shadow=&#8221;none&#8221; column_border_radius=&#8221;none&#8221; width=&#8221;1\/1&#8243; column_border_width=&#8221;none&#8221; column_border_style=&#8221;solid&#8221;][divider line_type=&#8221;No Line&#8221; custom_height=&#8221;30&#8243;][vc_column_text]\n<h3 style=\"text-align: center;\"><strong><span style=\"color: #b0b0b0;\">El sue\u00f1o incobrable de la transparencia absoluta<br \/>\n(pp. 212-229; DOI: 10.23692\/iMex.19.15)<\/span><\/strong><\/h3>\n[\/vc_column_text][divider line_type=&#8221;No Line&#8221; custom_height=&#8221;80&#8243;][vc_column_text]\n<p style=\"text-align: center;\"><div class=\"ead-preview\"><div class=\"ead-document\" style=\"position: relative;\"><div class=\"ead-iframe-wrapper\"><iframe src=\"\/\/docs.google.com\/viewer?url=https%3A%2F%2Fwww.imex-revista.com%2Fwp-content%2Fuploads%2F14_SdP_Sue%C3%B1o-transparencia-absoluta_iMex19.pdf&amp;embedded=true&amp;hl=en\" title=\"Embedded Document\" class=\"ead-iframe\" style=\"width: 80%;height: 80%;border: none;min-height: 500px;visibility: hidden;\"><\/iframe><\/div>\t\t\t<div class=\"ead-document-loading\" style=\"width:100%;height:100%;position:absolute;left:0;top:0;z-index:10;\">\n\t\t\t\t<div class=\"ead-loading-wrap\">\n\t\t\t\t\t<div class=\"ead-loading-main\">\n\t\t\t\t\t\t<div class=\"ead-loading\">\n\t\t\t\t\t\t\t<img loading=\"lazy\" decoding=\"async\" src=\"https:\/\/www.imex-revista.com\/wp-content\/plugins\/embed-any-document\/images\/loading.svg\" width=\"55\" height=\"55\" alt=\"Loader\">\n\t\t\t\t\t\t\t<span>Loading...<\/span>\n\t\t\t\t\t\t<\/div>\n\t\t\t\t\t<\/div>\n\t\t\t\t\t<div class=\"ead-loading-foot\">\n\t\t\t\t\t\t<div class=\"ead-loading-foot-title\">\n\t\t\t\t\t\t\t<img loading=\"lazy\" decoding=\"async\" src=\"https:\/\/www.imex-revista.com\/wp-content\/plugins\/embed-any-document\/images\/EAD-logo.svg\" alt=\"EAD Logo\" width=\"36\" height=\"23\"\/>\n\t\t\t\t\t\t\t<span>Taking too long?<\/span>\n\t\t\t\t\t\t<\/div>\n\t\t\t\t\t\t<div class=\"ead-document-btn ead-reload-btn\" role=\"button\">\n\t\t\t\t\t\t\t\t<img loading=\"lazy\" decoding=\"async\" src=\"https:\/\/www.imex-revista.com\/wp-content\/plugins\/embed-any-document\/images\/reload.svg\" alt=\"Reload\" width=\"12\" height=\"12\"\/> Reload document\t\t\t\t\t\t\t<\/div>\n\t\t\t\t\t\t\t<span>|<\/span>\n\t\t\t\t\t\t\t<a href=\"https:\/\/www.imex-revista.com\/wp-content\/uploads\/14_SdP_Sue\u00f1o-transparencia-absoluta_iMex19.pdf\" class=\"ead-document-btn\" target=\"_blank\">\n\t\t\t\t\t\t\t\t<img loading=\"lazy\" decoding=\"async\" src=\"https:\/\/www.imex-revista.com\/wp-content\/plugins\/embed-any-document\/images\/open.svg\" alt=\"Open\" width=\"12\" height=\"12\"\/> Open in new tab\t\t\t\t\t\t\t<\/a>\n\t\t\t\t\t<\/div>\n\t\t\t\t<\/div>\n\t\t\t<\/div>\n\t\t<\/div><\/div>\n[\/vc_column_text][divider line_type=&#8221;No Line&#8221; custom_height=&#8221;80&#8243;][vc_column_text]\n<h3><span style=\"color: #ffffff;\"><strong><span style=\"color: #b0b0b0;\">Dr. Sandra del Pilar<br \/>\n<\/span><\/strong><\/span><\/h3>\n<p style=\"text-align: justify;\"><span style=\"color: #b0b0b0;\"><img loading=\"lazy\" decoding=\"async\" class=\"wp-image-8242 alignleft\" src=\"https:\/\/www.imex-revista.com\/wp-content\/uploads\/Pilar_iMex19-225x300.jpg\" alt=\"\" width=\"150\" height=\"200\" srcset=\"https:\/\/www.imex-revista.com\/wp-content\/uploads\/Pilar_iMex19-225x300.jpg 225w, https:\/\/www.imex-revista.com\/wp-content\/uploads\/Pilar_iMex19-768x1024.jpg 768w, https:\/\/www.imex-revista.com\/wp-content\/uploads\/Pilar_iMex19-1152x1536.jpg 1152w, https:\/\/www.imex-revista.com\/wp-content\/uploads\/Pilar_iMex19-scaled.jpg 1536w\" sizes=\"auto, (max-width: 150px) 100vw, 150px\" \/>Sandra del Pilar is a freelance visual artist and art theorist who works out of her studios in Mexico and Germany after concluding her MA and PhD at the Academy of San Carlos in Mexico City and the University Heinrich Heine in D\u00fcsseldorf. She is the recipient of several awards and scholarships, including the Museo Universitario del Chopo in Mexico City, the biennial Pedro Coronel in Zacatecas, the biennial Heirs of Wilhelm Morgner in Soest, the Studienstiftung des Deutschen Volkes, the DAAD and the LVR (Landschaftsverband Rheinland). Her work has been exhibited worldwide in museums and biennials, as well as in private and public galleries. She has published a series of catalogues about her artistic work, as well as articles on art theory in professional journals and newspapers such as La Jornada.<\/span><\/p>\n[\/vc_column_text][\/vc_column_inner][\/vc_row_inner][divider line_type=&#8221;No Line&#8221; custom_height=&#8221;50&#8243;][tabbed_section style=&#8221;default&#8221; alignment=&#8221;left&#8221; spacing=&#8221;default&#8221; tab_color=&#8221;Accent-Color&#8221;][tab icon_family=&#8221;none&#8221; title=&#8221;Abstract&#8221; id=&#8221;1532705295616-53d7d-8e03&#8243; tab_id=&#8221;1580125134478-0&#8243;][vc_column_text]\n<p style=\"text-align: justify;\"><span style=\"color: #b0b0b0;\">Over the last several years the need for <em>transparency <\/em>has grown in demand, generally and globally, in the hopes of a better future. However, such a promise can never entirely fulfilled for factual as well as ontological reasons. Based on the analysis of the painted picture, Sandra del Pilar (visual artist and art theorist) defines transparency as a specific property of all the representative media that tend to become invisible with respect to what they represent. Photojournalism, documentary photography and home videos are generally not considered specific forms of representation, but as surrogates of reality itself. They possess such a high level of transparency that it threatens to vanish their mediality: what is represented becomes real to the same degree as the increasing transparency dissipates the medium. Yet, without a medium there can be no transparency, nor thinking, creating or speaking about the world. This is what the painting of Sandra del Pilar, who depends on transparency to carve out the specific qualities of her medium, is about.<\/span><\/p>\n<p style=\"text-align: justify;\"><span style=\"color: #b0b0b0;\">\u00a0<\/span><\/p>\n[\/vc_column_text][\/tab][tab icon_family=&#8221;none&#8221; title=&#8221;Resumen&#8221; id=&#8221;1532705295639-33d7d-8e03&#8243; tab_id=&#8221;1580125134518-1&#8243;][vc_column_text]\n<p style=\"text-align: justify;\"><span style=\"color: #b0b0b0;\">En los \u00faltimos a\u00f1os la transparencia se ha convertido en una demanda general y global, en el garante de un futuro mejor. No obstante tiene que ser una promesa que nunca se cumplir\u00e1 del todo, por razones tanto f\u00e1cticas como ontol\u00f3gicas. Partiendo del an\u00e1lisis de la imagen pict\u00f3rica, Sandra del Pilar (artista pl\u00e1stica y te\u00f3rica del arte) define la transparencia como una caracter\u00edstica espec\u00edfica de aquellos medios de representaci\u00f3n, que tienden a hacerse invisibles frente a lo que representan. El reportaje, las fotograf\u00edas documentales o los videos caseros los solemos entender no tanto como <em>medios<\/em> de representaci\u00f3n, sino como especies de suced\u00e1neos o equivalentes de la <em>realidad<\/em>. Su alto grado de transparencia amenaza con desaparecer su cualidad medi\u00e1tica: lo representado se torna real conforme el medio, cada vez m\u00e1s transparente, se va desvaneciendo. Sin medio, empero, no puede haber ni transparencia, ni un pensar, crear o hablar <em>sobre<\/em> el mundo, lo que Sandra del Pilar tematiza en su pintura, que se vale de la transparencia para resaltar su propia condici\u00f3n medi\u00e1tica.\u00a0\u00a0<\/span><\/p>\n<p style=\"text-align: justify;\"><span style=\"color: #b0b0b0;\">\u00a0<\/span><\/p>\n[\/vc_column_text][\/tab][tab icon_family=&#8221;none&#8221; title=&#8221;iMex N\u00b019 | M\u00e9xico en el mundo &#8211; el mundo en M\u00e9xico&#8221; id=&#8221;1532705295697-43d7d-8e03&#8243; tab_id=&#8221;1580125134563-4&#8243;][vc_column_text]<a class=\"nectar-button n-sc-button small see-through-2 has-icon\" target=\"_blank\" href=\"https:\/\/www.imex-revista.com\/en\/xix-editorial\" data-color-override=\"#ffffff\" data-hover-color-override=\"false\" data-hover-text-color-override=\"#fff\"><span>Yasmin Temelli \u2013 Editorial<\/span><i class=\"icon-button-arrow\"><\/i><\/a>\n<p><span style=\"color: #ffffff;\"><strong>Articles<\/strong><\/span><\/p>\n<a class=\"nectar-button n-sc-button small see-through-2 has-icon\" target=\"_blank\" href=\"https:\/\/www.imex-revista.com\/en\/xix-repensar-globalizacion\" data-color-override=\"#ffffff\" data-hover-color-override=\"false\" data-hover-text-color-override=\"#fff\"><span>Vittoria Bors\u00f2 \u2013 Repensar la globalizacion desde la literatura mexicana<\/span><i class=\"icon-button-arrow\"><\/i><\/a>\n<a class=\"nectar-button n-sc-button small see-through-2 has-icon\" target=\"_blank\" href=\"https:\/\/www.imex-revista.com\/en\/xix-paz-literatura-mundial\" data-color-override=\"#ffffff\" data-hover-color-override=\"false\" data-hover-text-color-override=\"#fff\"><span>Gesine M\u00fcller \u2013 Paz entre literatura mundial y literaturas del mundo<\/span><i class=\"icon-button-arrow\"><\/i><\/a>\n<a class=\"nectar-button n-sc-button small see-through-2 has-icon\" target=\"_blank\" href=\"https:\/\/www.imex-revista.com\/en\/xix-altamirano-trenes\" data-color-override=\"#ffffff\" data-hover-color-override=\"false\" data-hover-text-color-override=\"#fff\"><span>Anne Kraume \u2013 Altamirano y los trenes<\/span><i class=\"icon-button-arrow\"><\/i><\/a>\n<a class=\"nectar-button n-sc-button small see-through-2 has-icon\" target=\"_blank\" href=\"https:\/\/www.imex-revista.com\/en\/xix-arreola-estetica-zigzag\" data-color-override=\"#ffffff\" data-hover-color-override=\"false\" data-hover-text-color-override=\"#fff\"><span>Sara Poot Herrera \u2013 Arreola y su est\u00e9tica del zigzag<\/span><i class=\"icon-button-arrow\"><\/i><\/a>\n<a class=\"nectar-button n-sc-button small see-through-2 has-icon\" target=\"_blank\" href=\"https:\/\/www.imex-revista.com\/en\/xix-busqueda-otra-realidad\" data-color-override=\"#ffffff\" data-hover-color-override=\"false\" data-hover-text-color-override=\"#fff\"><span>Hermann Herrlinghaus \u2013 La b\u00fasqueda de otra dimensi\u00f3n de la realidad<\/span><i class=\"icon-button-arrow\"><\/i><\/a>\n<a class=\"nectar-button n-sc-button small see-through-2 has-icon\" target=\"_blank\" href=\"https:\/\/www.imex-revista.com\/en\/xix-apercepcion-amado-nervo\" data-color-override=\"#ffffff\" data-hover-color-override=\"false\" data-hover-text-color-override=\"#fff\"><span>Jos\u00e9 Ram\u00f3n Ruis\u00e1nchez Serra \u2013 Apercepci\u00f3n en Amado Nervo<\/span><i class=\"icon-button-arrow\"><\/i><\/a>\n<a class=\"nectar-button n-sc-button small see-through-2 has-icon\" target=\"_blank\" href=\"https:\/\/www.imex-revista.com\/en\/xix-traven-encuentro-indios\" data-color-override=\"#ffffff\" data-hover-color-override=\"false\" data-hover-text-color-override=\"#fff\"><span>Edith Negr\u00edn \u2013 Traven: primer encuentro con los indios mexicanos<\/span><i class=\"icon-button-arrow\"><\/i><\/a>\n<a class=\"nectar-button n-sc-button small see-through-2 has-icon\" target=\"_blank\" href=\"https:\/\/www.imex-revista.com\/en\/xix-estrategias-personalizacion-literaturs-nacionales\" data-color-override=\"#ffffff\" data-hover-color-override=\"false\" data-hover-text-color-override=\"#fff\"><span>Roger Friedlein \u2013 Estrategias de personalizaci\u00f3n en literaturas nacionales<\/span><i class=\"icon-button-arrow\"><\/i><\/a>\n<a class=\"nectar-button n-sc-button small see-through-2 has-icon\" target=\"_blank\" href=\"https:\/\/www.imex-revista.com\/en\/xix-exilio-politico-germanoparlante\" data-color-override=\"#ffffff\" data-hover-color-override=\"false\" data-hover-text-color-override=\"#fff\"><span>Lizette Jacinto \u2013 Exilio pol\u00edtico germanoparlante<\/span><i class=\"icon-button-arrow\"><\/i><\/a>\n<a class=\"nectar-button n-sc-button small see-through-2 has-icon\" target=\"_blank\" href=\"https:\/\/www.imex-revista.com\/en\/xix-myriam-moscona\" data-color-override=\"#ffffff\" data-hover-color-override=\"false\" data-hover-text-color-override=\"#fff\"><span>Jacobo Sefam\u00ed \u2013 De ida y vuelta: Myriam Moscona<\/span><i class=\"icon-button-arrow\"><\/i><\/a>\n<a class=\"nectar-button n-sc-button small see-through-2 has-icon\" target=\"_blank\" href=\"https:\/\/www.imex-revista.com\/en\/xix-guadalupe-tonantzin-transcultural\" data-color-override=\"#ffffff\" data-hover-color-override=\"false\" data-hover-text-color-override=\"#fff\"><span>Stephanie Sch\u00fctze \u2013 Guadalupe Tonantzin: una santa transcultural<\/span><i class=\"icon-button-arrow\"><\/i><\/a>\n<a class=\"nectar-button n-sc-button small see-through-2 has-icon\" target=\"_blank\" href=\"https:\/\/www.imex-revista.com\/en\/xix-necropolitica-mexico\" data-color-override=\"#ffffff\" data-hover-color-override=\"false\" data-hover-text-color-override=\"#fff\"><span>Tanius Karam C\u00e1rdenas \u2013 Entre muros y t\u00faneles: necropol\u00edtica en M\u00e9xico<\/span><i class=\"icon-button-arrow\"><\/i><\/a>\n<a class=\"nectar-button n-sc-button small see-through-2 has-icon\" target=\"_blank\" href=\"https:\/\/www.imex-revista.com\/en\/xix-etnoarqueologia-combate-pobreza\" data-color-override=\"#ffffff\" data-hover-color-override=\"false\" data-hover-text-color-override=\"#fff\"><span>Sandra L. L\u00f3pez Varela \u2013 Etnoarqueolog\u00eda para el combate a la pobreza<\/span><i class=\"icon-button-arrow\"><\/i><\/a>\n<a class=\"nectar-button n-sc-button small see-through-2 has-icon\" target=\"_blank\" href=\"https:\/\/www.imex-revista.com\/en\/xix-sueno-transparencia-absoluta\" data-color-override=\"#ffffff\" data-hover-color-override=\"false\" data-hover-text-color-override=\"#fff\"><span>Sandra del Pilar \u2013 El sue\u00f1o incobrable de la transparencia absoluta<\/span><i class=\"icon-button-arrow\"><\/i><\/a>[\/vc_column_text][\/tab][\/tabbed_section][\/vc_column][\/vc_row]\n","protected":false},"excerpt":{"rendered":"<p>[vc_row type=&#8221;full_width_background&#8221; full_screen_row_position=&#8221;middle&#8221; bg_image=&#8221;31&#8243; bg_position=&#8221;left top&#8221; bg_repeat=&#8221;repeat&#8221; parallax_bg=&#8221;true&#8221; parallax_bg_speed=&#8221;slow&#8221; scene_position=&#8221;center&#8221; text_color=&#8221;dark&#8221; text_align=&#8221;left&#8221; top_padding=&#8221;0&#8243; bottom_padding=&#8221;30&#8243; overlay_strength=&#8221;1&#8243; shape_divider_position=&#8221;bottom&#8221; shape_type=&#8221;&#8221;][vc_column column_padding=&#8221;no-extra-padding&#8221; column_padding_position=&#8221;all&#8221; background_color_opacity=&#8221;1&#8243; background_hover_color_opacity=&#8221;1&#8243; column_shadow=&#8221;none&#8221; column_border_radius=&#8221;none&#8221; width=&#8221;1\/1&#8243; tablet_text_alignment=&#8221;default&#8221; phone_text_alignment=&#8221;default&#8221; column_border_width=&#8221;none&#8221; column_border_style=&#8221;solid&#8221;][vc_column_text] [\/vc_column_text][vc_row_inner column_margin=&#8221;default&#8221;&#8230;<\/p>\n","protected":false},"author":2,"featured_media":13223,"comment_status":"closed","ping_status":"closed","sticky":false,"template":"","format":"standard","meta":{"footnotes":""},"categories":[580,1838],"tags":[1517,1790],"class_list":["post-8320","post","type-post","status-publish","format-standard","has-post-thumbnail","category-issues","category-xix-mexico-en-el-mundo-el-mundo-en-mexico-en","tag-arte","tag-sandra-del-pilar"],"yoast_head":"<!-- This site is optimized with the Yoast SEO plugin v28.4 - https:\/\/yoast.com\/product\/yoast-seo-wordpress\/ -->\n<title>XIX. Sandra del Pilar \u2013 El sue\u00f1o incobrable de la transparencia absoluta - iMex Revista<\/title>\n<meta name=\"description\" content=\"iMex XIX. M\u00e9xico en el mundo \u2013 el mundo en M\u00e9xico | El sue\u00f1o incobrable de la transparencia absoluta | DOI: 10.23692\/iMex.19.15\" \/>\n<meta name=\"robots\" content=\"index, follow, max-snippet:-1, max-image-preview:large, max-video-preview:-1\" \/>\n<link rel=\"canonical\" href=\"https:\/\/www.imex-revista.com\/en\/xix-sueno-transparencia-absoluta\/\" \/>\n<meta property=\"og:locale\" content=\"en_US\" \/>\n<meta property=\"og:type\" content=\"article\" \/>\n<meta property=\"og:title\" content=\"XIX. Sandra del Pilar \u2013 El sue\u00f1o incobrable de la transparencia absoluta - iMex Revista\" \/>\n<meta property=\"og:description\" content=\"iMex XIX. M\u00e9xico en el mundo \u2013 el mundo en M\u00e9xico | El sue\u00f1o incobrable de la transparencia absoluta | DOI: 10.23692\/iMex.19.15\" \/>\n<meta property=\"og:url\" content=\"https:\/\/www.imex-revista.com\/en\/xix-sueno-transparencia-absoluta\/\" \/>\n<meta property=\"og:site_name\" content=\"iMex Revista\" \/>\n<meta property=\"article:published_time\" content=\"2021-01-26T10:35:53+00:00\" \/>\n<meta property=\"article:modified_time\" content=\"2021-06-01T11:05:19+00:00\" \/>\n<meta property=\"og:image\" content=\"https:\/\/www.imex-revista.com\/wp-content\/uploads\/edicion-19.webp\" \/>\n\t<meta property=\"og:image:width\" content=\"958\" \/>\n\t<meta property=\"og:image:height\" content=\"1024\" \/>\n\t<meta property=\"og:image:type\" content=\"image\/webp\" \/>\n<meta name=\"author\" content=\"iMex Revista\" \/>\n<meta name=\"twitter:card\" content=\"summary_large_image\" \/>\n<meta name=\"twitter:label1\" content=\"Written by\" \/>\n\t<meta name=\"twitter:data1\" content=\"iMex Revista\" \/>\n\t<meta name=\"twitter:label2\" content=\"Est. reading time\" \/>\n\t<meta name=\"twitter:data2\" content=\"7 minutes\" \/>\n<script type=\"application\/ld+json\" class=\"yoast-schema-graph\">{\"@context\":\"https:\\\/\\\/schema.org\",\"@graph\":[{\"@type\":\"Article\",\"@id\":\"https:\\\/\\\/www.imex-revista.com\\\/en\\\/xix-sueno-transparencia-absoluta\\\/#article\",\"isPartOf\":{\"@id\":\"https:\\\/\\\/www.imex-revista.com\\\/en\\\/xix-sueno-transparencia-absoluta\\\/\"},\"author\":{\"name\":\"iMex Revista\",\"@id\":\"https:\\\/\\\/www.imex-revista.com\\\/#\\\/schema\\\/person\\\/b06ca09ee30633a9bca5919aad53cd1f\"},\"headline\":\"XIX. Sandra del Pilar \u2013 El sue\u00f1o incobrable de la transparencia absoluta\",\"datePublished\":\"2021-01-26T10:35:53+00:00\",\"dateModified\":\"2021-06-01T11:05:19+00:00\",\"mainEntityOfPage\":{\"@id\":\"https:\\\/\\\/www.imex-revista.com\\\/en\\\/xix-sueno-transparencia-absoluta\\\/\"},\"wordCount\":1415,\"image\":{\"@id\":\"https:\\\/\\\/www.imex-revista.com\\\/en\\\/xix-sueno-transparencia-absoluta\\\/#primaryimage\"},\"thumbnailUrl\":\"https:\\\/\\\/www.imex-revista.com\\\/wp-content\\\/uploads\\\/edicion-19.webp\",\"keywords\":[\"arte\",\"Sandra del Pilar\"],\"articleSection\":[\"Issues\",\"XIX. M\u00e9xico en el mundo &#8211; el mundo en M\u00e9xico\"],\"inLanguage\":\"en-US\"},{\"@type\":\"WebPage\",\"@id\":\"https:\\\/\\\/www.imex-revista.com\\\/en\\\/xix-sueno-transparencia-absoluta\\\/\",\"url\":\"https:\\\/\\\/www.imex-revista.com\\\/en\\\/xix-sueno-transparencia-absoluta\\\/\",\"name\":\"XIX. Sandra del Pilar \u2013 El sue\u00f1o incobrable de la transparencia absoluta - iMex Revista\",\"isPartOf\":{\"@id\":\"https:\\\/\\\/www.imex-revista.com\\\/#website\"},\"primaryImageOfPage\":{\"@id\":\"https:\\\/\\\/www.imex-revista.com\\\/en\\\/xix-sueno-transparencia-absoluta\\\/#primaryimage\"},\"image\":{\"@id\":\"https:\\\/\\\/www.imex-revista.com\\\/en\\\/xix-sueno-transparencia-absoluta\\\/#primaryimage\"},\"thumbnailUrl\":\"https:\\\/\\\/www.imex-revista.com\\\/wp-content\\\/uploads\\\/edicion-19.webp\",\"datePublished\":\"2021-01-26T10:35:53+00:00\",\"dateModified\":\"2021-06-01T11:05:19+00:00\",\"author\":{\"@id\":\"https:\\\/\\\/www.imex-revista.com\\\/#\\\/schema\\\/person\\\/b06ca09ee30633a9bca5919aad53cd1f\"},\"description\":\"iMex XIX. M\u00e9xico en el mundo \u2013 el mundo en M\u00e9xico | El sue\u00f1o incobrable de la transparencia absoluta | DOI: 10.23692\\\/iMex.19.15\",\"breadcrumb\":{\"@id\":\"https:\\\/\\\/www.imex-revista.com\\\/en\\\/xix-sueno-transparencia-absoluta\\\/#breadcrumb\"},\"inLanguage\":\"en-US\",\"potentialAction\":[{\"@type\":\"ReadAction\",\"target\":[\"https:\\\/\\\/www.imex-revista.com\\\/en\\\/xix-sueno-transparencia-absoluta\\\/\"]}]},{\"@type\":\"ImageObject\",\"inLanguage\":\"en-US\",\"@id\":\"https:\\\/\\\/www.imex-revista.com\\\/en\\\/xix-sueno-transparencia-absoluta\\\/#primaryimage\",\"url\":\"https:\\\/\\\/www.imex-revista.com\\\/wp-content\\\/uploads\\\/edicion-19.webp\",\"contentUrl\":\"https:\\\/\\\/www.imex-revista.com\\\/wp-content\\\/uploads\\\/edicion-19.webp\",\"width\":958,\"height\":1024},{\"@type\":\"BreadcrumbList\",\"@id\":\"https:\\\/\\\/www.imex-revista.com\\\/en\\\/xix-sueno-transparencia-absoluta\\\/#breadcrumb\",\"itemListElement\":[{\"@type\":\"ListItem\",\"position\":1,\"name\":\"Home\",\"item\":\"https:\\\/\\\/www.imex-revista.com\\\/en\\\/imex\\\/\"},{\"@type\":\"ListItem\",\"position\":2,\"name\":\"XIX. Sandra del Pilar \u2013 El sue\u00f1o incobrable de la transparencia absoluta\"}]},{\"@type\":\"WebSite\",\"@id\":\"https:\\\/\\\/www.imex-revista.com\\\/#website\",\"url\":\"https:\\\/\\\/www.imex-revista.com\\\/\",\"name\":\"iMex Revista\",\"description\":\"iMex Revista\",\"potentialAction\":[{\"@type\":\"SearchAction\",\"target\":{\"@type\":\"EntryPoint\",\"urlTemplate\":\"https:\\\/\\\/www.imex-revista.com\\\/?s={search_term_string}\"},\"query-input\":{\"@type\":\"PropertyValueSpecification\",\"valueRequired\":true,\"valueName\":\"search_term_string\"}}],\"inLanguage\":\"en-US\"},{\"@type\":\"Person\",\"@id\":\"https:\\\/\\\/www.imex-revista.com\\\/#\\\/schema\\\/person\\\/b06ca09ee30633a9bca5919aad53cd1f\",\"name\":\"iMex Revista\",\"url\":\"https:\\\/\\\/www.imex-revista.com\\\/en\\\/author\\\/temelli\\\/\"}]}<\/script>\n<!-- \/ Yoast SEO plugin. -->","yoast_head_json":{"title":"XIX. Sandra del Pilar \u2013 El sue\u00f1o incobrable de la transparencia absoluta - iMex Revista","description":"iMex XIX. M\u00e9xico en el mundo \u2013 el mundo en M\u00e9xico | El sue\u00f1o incobrable de la transparencia absoluta | DOI: 10.23692\/iMex.19.15","robots":{"index":"index","follow":"follow","max-snippet":"max-snippet:-1","max-image-preview":"max-image-preview:large","max-video-preview":"max-video-preview:-1"},"canonical":"https:\/\/www.imex-revista.com\/en\/xix-sueno-transparencia-absoluta\/","og_locale":"en_US","og_type":"article","og_title":"XIX. Sandra del Pilar \u2013 El sue\u00f1o incobrable de la transparencia absoluta - iMex Revista","og_description":"iMex XIX. M\u00e9xico en el mundo \u2013 el mundo en M\u00e9xico | El sue\u00f1o incobrable de la transparencia absoluta | DOI: 10.23692\/iMex.19.15","og_url":"https:\/\/www.imex-revista.com\/en\/xix-sueno-transparencia-absoluta\/","og_site_name":"iMex Revista","article_published_time":"2021-01-26T10:35:53+00:00","article_modified_time":"2021-06-01T11:05:19+00:00","og_image":[{"width":958,"height":1024,"url":"https:\/\/www.imex-revista.com\/wp-content\/uploads\/edicion-19.webp","type":"image\/webp"}],"author":"iMex Revista","twitter_card":"summary_large_image","twitter_misc":{"Written by":"iMex Revista","Est. reading time":"7 minutes"},"schema":{"@context":"https:\/\/schema.org","@graph":[{"@type":"Article","@id":"https:\/\/www.imex-revista.com\/en\/xix-sueno-transparencia-absoluta\/#article","isPartOf":{"@id":"https:\/\/www.imex-revista.com\/en\/xix-sueno-transparencia-absoluta\/"},"author":{"name":"iMex Revista","@id":"https:\/\/www.imex-revista.com\/#\/schema\/person\/b06ca09ee30633a9bca5919aad53cd1f"},"headline":"XIX. Sandra del Pilar \u2013 El sue\u00f1o incobrable de la transparencia absoluta","datePublished":"2021-01-26T10:35:53+00:00","dateModified":"2021-06-01T11:05:19+00:00","mainEntityOfPage":{"@id":"https:\/\/www.imex-revista.com\/en\/xix-sueno-transparencia-absoluta\/"},"wordCount":1415,"image":{"@id":"https:\/\/www.imex-revista.com\/en\/xix-sueno-transparencia-absoluta\/#primaryimage"},"thumbnailUrl":"https:\/\/www.imex-revista.com\/wp-content\/uploads\/edicion-19.webp","keywords":["arte","Sandra del Pilar"],"articleSection":["Issues","XIX. M\u00e9xico en el mundo &#8211; el mundo en M\u00e9xico"],"inLanguage":"en-US"},{"@type":"WebPage","@id":"https:\/\/www.imex-revista.com\/en\/xix-sueno-transparencia-absoluta\/","url":"https:\/\/www.imex-revista.com\/en\/xix-sueno-transparencia-absoluta\/","name":"XIX. Sandra del Pilar \u2013 El sue\u00f1o incobrable de la transparencia absoluta - iMex Revista","isPartOf":{"@id":"https:\/\/www.imex-revista.com\/#website"},"primaryImageOfPage":{"@id":"https:\/\/www.imex-revista.com\/en\/xix-sueno-transparencia-absoluta\/#primaryimage"},"image":{"@id":"https:\/\/www.imex-revista.com\/en\/xix-sueno-transparencia-absoluta\/#primaryimage"},"thumbnailUrl":"https:\/\/www.imex-revista.com\/wp-content\/uploads\/edicion-19.webp","datePublished":"2021-01-26T10:35:53+00:00","dateModified":"2021-06-01T11:05:19+00:00","author":{"@id":"https:\/\/www.imex-revista.com\/#\/schema\/person\/b06ca09ee30633a9bca5919aad53cd1f"},"description":"iMex XIX. M\u00e9xico en el mundo \u2013 el mundo en M\u00e9xico | El sue\u00f1o incobrable de la transparencia absoluta | DOI: 10.23692\/iMex.19.15","breadcrumb":{"@id":"https:\/\/www.imex-revista.com\/en\/xix-sueno-transparencia-absoluta\/#breadcrumb"},"inLanguage":"en-US","potentialAction":[{"@type":"ReadAction","target":["https:\/\/www.imex-revista.com\/en\/xix-sueno-transparencia-absoluta\/"]}]},{"@type":"ImageObject","inLanguage":"en-US","@id":"https:\/\/www.imex-revista.com\/en\/xix-sueno-transparencia-absoluta\/#primaryimage","url":"https:\/\/www.imex-revista.com\/wp-content\/uploads\/edicion-19.webp","contentUrl":"https:\/\/www.imex-revista.com\/wp-content\/uploads\/edicion-19.webp","width":958,"height":1024},{"@type":"BreadcrumbList","@id":"https:\/\/www.imex-revista.com\/en\/xix-sueno-transparencia-absoluta\/#breadcrumb","itemListElement":[{"@type":"ListItem","position":1,"name":"Home","item":"https:\/\/www.imex-revista.com\/en\/imex\/"},{"@type":"ListItem","position":2,"name":"XIX. Sandra del Pilar \u2013 El sue\u00f1o incobrable de la transparencia absoluta"}]},{"@type":"WebSite","@id":"https:\/\/www.imex-revista.com\/#website","url":"https:\/\/www.imex-revista.com\/","name":"iMex Revista","description":"iMex Revista","potentialAction":[{"@type":"SearchAction","target":{"@type":"EntryPoint","urlTemplate":"https:\/\/www.imex-revista.com\/?s={search_term_string}"},"query-input":{"@type":"PropertyValueSpecification","valueRequired":true,"valueName":"search_term_string"}}],"inLanguage":"en-US"},{"@type":"Person","@id":"https:\/\/www.imex-revista.com\/#\/schema\/person\/b06ca09ee30633a9bca5919aad53cd1f","name":"iMex Revista","url":"https:\/\/www.imex-revista.com\/en\/author\/temelli\/"}]}},"_links":{"self":[{"href":"https:\/\/www.imex-revista.com\/en\/wp-json\/wp\/v2\/posts\/8320","targetHints":{"allow":["GET"]}}],"collection":[{"href":"https:\/\/www.imex-revista.com\/en\/wp-json\/wp\/v2\/posts"}],"about":[{"href":"https:\/\/www.imex-revista.com\/en\/wp-json\/wp\/v2\/types\/post"}],"author":[{"embeddable":true,"href":"https:\/\/www.imex-revista.com\/en\/wp-json\/wp\/v2\/users\/2"}],"replies":[{"embeddable":true,"href":"https:\/\/www.imex-revista.com\/en\/wp-json\/wp\/v2\/comments?post=8320"}],"version-history":[{"count":7,"href":"https:\/\/www.imex-revista.com\/en\/wp-json\/wp\/v2\/posts\/8320\/revisions"}],"predecessor-version":[{"id":8549,"href":"https:\/\/www.imex-revista.com\/en\/wp-json\/wp\/v2\/posts\/8320\/revisions\/8549"}],"wp:featuredmedia":[{"embeddable":true,"href":"https:\/\/www.imex-revista.com\/en\/wp-json\/wp\/v2\/media\/13223"}],"wp:attachment":[{"href":"https:\/\/www.imex-revista.com\/en\/wp-json\/wp\/v2\/media?parent=8320"}],"wp:term":[{"taxonomy":"category","embeddable":true,"href":"https:\/\/www.imex-revista.com\/en\/wp-json\/wp\/v2\/categories?post=8320"},{"taxonomy":"post_tag","embeddable":true,"href":"https:\/\/www.imex-revista.com\/en\/wp-json\/wp\/v2\/tags?post=8320"}],"curies":[{"name":"wp","href":"https:\/\/api.w.org\/{rel}","templated":true}]}}