{"id":5666,"date":"2018-03-06T10:00:23","date_gmt":"2018-03-06T09:00:23","guid":{"rendered":"https:\/\/www.imex-revista.com\/?p=5666"},"modified":"2021-12-09T15:24:29","modified_gmt":"2021-12-09T14:24:29","slug":"perra-brava-de-orfa-alarcon","status":"publish","type":"post","link":"https:\/\/www.imex-revista.com\/en\/perra-brava-de-orfa-alarcon\/","title":{"rendered":"Perra brava de Orfa Alarc\u00f3n"},"content":{"rendered":"[vc_row type=&#8221;full_width_background&#8221; full_screen_row_position=&#8221;middle&#8221; bg_image=&#8221;31&#8243; bg_position=&#8221;left top&#8221; bg_repeat=&#8221;no-repeat&#8221; scene_position=&#8221;center&#8221; text_color=&#8221;dark&#8221; text_align=&#8221;left&#8221; top_padding=&#8221;0&#8243; bottom_padding=&#8221;0&#8243; enable_gradient=&#8221;true&#8221; color_overlay=&#8221;#252525&#8243; gradient_direction=&#8221;left_to_right&#8221; overlay_strength=&#8221;1&#8243; shape_divider_position=&#8221;bottom&#8221; shape_type=&#8221;&#8221;][vc_column column_padding=&#8221;no-extra-padding&#8221; column_padding_position=&#8221;all&#8221; background_color_opacity=&#8221;1&#8243; background_hover_color_opacity=&#8221;1&#8243; column_shadow=&#8221;none&#8221; column_border_radius=&#8221;none&#8221; width=&#8221;1\/1&#8243; tablet_text_alignment=&#8221;default&#8221; phone_text_alignment=&#8221;default&#8221; column_border_width=&#8221;none&#8221; column_border_style=&#8221;solid&#8221;][vc_column_text]\n<p style=\"text-align: center;\"><a class=\"nectar-button n-sc-button small accent-color has-icon regular-button\" target=\"_blank\" href=\"https:\/\/www.imex-revista.com\/wp-content\/uploads\/Edici\u00f3n-Completa_8.pdf\" data-color-override=\"false\" data-hover-color-override=\"false\" data-hover-text-color-override=\"#fff\"><span>Download Edici\u00f3n<\/span><i class=\"icon-button-arrow\"><\/i><\/a> <a class=\"nectar-button n-sc-button small accent-color has-icon regular-button\" target=\"_blank\" href=\"https:\/\/www.imex-revista.com\/wp-content\/uploads\/8_Perra-brava_Sanchez.pdf\" data-color-override=\"false\" data-hover-color-override=\"false\" data-hover-text-color-override=\"#fff\"><span>Download Art\u00edculo<\/span><i class=\"icon-button-arrow\"><\/i><\/a>\n[\/vc_column_text][vc_row_inner column_margin=&#8221;default&#8221; text_align=&#8221;left&#8221;][vc_column_inner column_padding=&#8221;no-extra-padding&#8221; column_padding_position=&#8221;all&#8221; background_color_opacity=&#8221;1&#8243; background_hover_color_opacity=&#8221;1&#8243; column_shadow=&#8221;none&#8221; column_border_radius=&#8221;none&#8221; width=&#8221;1\/1&#8243; column_border_width=&#8221;none&#8221; column_border_style=&#8221;solid&#8221;][divider line_type=&#8221;No Line&#8221; custom_height=&#8221;30&#8243;][vc_column_text]\n<h3 style=\"text-align: center;\"><strong><span style=\"color: #b0b0b0;\">Ilusi\u00f3n mim\u00e9tica y punto de vista femenino en <em>Perra brava<\/em> de Orfa Alarc\u00f3n<br \/>\n<\/span><\/strong><\/h3>\n[\/vc_column_text][divider line_type=&#8221;No Line&#8221; custom_height=&#8221;80&#8243;][vc_column_text]\n<h3><span style=\"color: #ffffff;\"><strong><span style=\"color: #b0b0b0;\">Prof. Dr. Elizabeth S\u00e1nchez Garay<\/span><\/strong><\/span><\/h3>\n<p style=\"text-align: justify;\"><a href=\"https:\/\/www.imex-revista.com\/wp-content\/uploads\/Foto_Sanchez-Garay_bearb-e1456520349830.jpg\" rel=\"attachment wp-att-1036\"><img loading=\"lazy\" decoding=\"async\" class=\"wp-image-2480 size-full alignleft\" src=\"https:\/\/www.imex-revista.com\/wp-content\/uploads\/Foto_Sanchez-Garay_bearb-e1456520349830.jpg\" alt=\"\" width=\"180\" height=\"195\" \/><\/a><\/p>\n<p style=\"text-align: justify;\"><span style=\"color: #b0b0b0;\">Elizabeth S\u00e1nchez Garay es doctora en literatura por la Universidad Complutense de Madrid, investigadora del Consejo Zacatecano de Ciencia, Tecnolog\u00eda e Innovaci\u00f3n y profesora del Doctorado en Artes y Humanidades del Centro de Investigaciones en Ciencias, Artes y Humanidades de Monterrey, A.C. Especializada en iron\u00eda y la relaci\u00f3n entre literatura y realidad, ha publicado <i>Italo Calvino. Voluntad e iron\u00eda <\/i>(Fondo de Cultura Econ\u00f3mica, 2000), <i>C\u00e1ndido o un sue\u00f1o en la tierra <\/i>(Plaza y Vald\u00e9s, 2003) e <i>Iron\u00eda. Arte y pensamiento <\/i>(Plaza y Vald\u00e9s, 2010). En los \u00faltimos a\u00f1os, ha publicado ensayos en Espa\u00f1a, Alemania, Inglaterra, Brasil y M\u00e9xico, sobre literatura italiana, latinoamericana y mexicana. Actualmente pertenece al Sistema Nacional de Investigadores.<\/span><\/p>\n[\/vc_column_text][\/vc_column_inner][\/vc_row_inner][divider line_type=&#8221;No Line&#8221; custom_height=&#8221;50&#8243;][tabbed_section style=&#8221;default&#8221; alignment=&#8221;left&#8221; spacing=&#8221;default&#8221; tab_color=&#8221;Accent-Color&#8221;][tab icon_family=&#8221;none&#8221; title=&#8221;Resumen&#8221; id=&#8221;1456514773666-609bc-a348&#8243; tab_id=&#8221;1520260662814-4&#8243;][vc_column_text]\n<p style=\"text-align: justify;\"><span style=\"color: #b0b0b0;\">El objetivo del presente ensayo es analizar las estrategias realistas y el punto de vista femenino en la novela <i>Perra brava<\/i> de la joven escritora regiomontana Orfa Alarc\u00f3n, la cual tiene como contexto la dif\u00edcil situaci\u00f3n social que se vive en M\u00e9xico, como resultado de la violencia producida por las redes de narcotr\u00e1fico que se extienden a lo largo del pa\u00eds. En especial, interesa indagar si este relato ofrece una lectura distinta de las explicaciones reduccionistas gestadas por los medios de comunicaci\u00f3n sobre la tem\u00e1tica y si contribuye a reflexionar sobre los motivos que llevan a personas del sexo femenino a introducirse en esta cultura de la muerte.<\/span><\/p>\n[\/vc_column_text][\/tab][tab icon_family=&#8221;none&#8221; title=&#8221;Abstract&#8221; id=&#8221;1520260939950-0-2&#8243; tab_id=&#8221;1520260939957-7&#8243;][vc_column_text]\n<p style=\"text-align: justify;\"><span style=\"color: #b0b0b0;\">The objective of this paper is to analyze the realistic strategies and the female perspective on <em>Perra brava<\/em>, by Orfa Alarc\u00f3n, a young writer from Monterrey, Mexico. The novel unfolds against a backdrop of social unrest that results from violence caused by drug trafficking networks that extend throughout the country. Special attention is paid to the extent to which her narrative offers a reading different to the reductionist explanations engendered by the media. The essay also inquires if the novel leads to reflect on the reasons that lead women to get into this culture of death.<\/span><\/p>\n[\/vc_column_text][\/tab][tab icon_family=&#8221;none&#8221; title=&#8221;\u00cdndice&#8221; id=&#8221;1456514773815-609bc-a348&#8243; tab_id=&#8221;1520260662969-3&#8243;][vc_column_text]\n<p style=\"text-align: left;\"><a class=\"nectar-button n-sc-button small see-through-2 has-icon\" target=\"_blank\" href=\"https:\/\/www.imex-revista.com\/editorial8\/\" data-color-override=\"#ffffff\" data-hover-color-override=\"false\" data-hover-text-color-override=\"#fff\"><span>Lizette Jacinto \/ Frank Leinen - Editorial<\/span><i class=\"icon-button-arrow\"><\/i><\/a>\n<a class=\"nectar-button n-sc-button small see-through-2 has-icon\" target=\"_blank\" href=\"https:\/\/www.imex-revista.com\/estimulo8\/\" data-color-override=\"#ffffff\" data-hover-color-override=\"false\" data-hover-text-color-override=\"#fff\"><span>Ana Mar\u00eda Aragon\u00e9s Casta\u00f1eres - Est\u00edmulo<\/span><i class=\"icon-button-arrow\"><\/i><\/a>\n<a class=\"nectar-button n-sc-button small see-through-2 has-icon\" target=\"_blank\" href=\"https:\/\/www.imex-revista.com\/mujer-migrante-en-cuentos\/\" data-color-override=\"#ffffff\" data-hover-color-override=\"false\" data-hover-text-color-override=\"#fff\"><span>Alejandro Arteaga Mart\u00ednez - Mujer migrante en cuentos mexicanos<\/span><i class=\"icon-button-arrow\"><\/i><\/a>\n<a class=\"nectar-button n-sc-button small see-through-2 has-icon\" target=\"_blank\" href=\"https:\/\/www.imex-revista.com\/tijuana-crimen-y-olvido\/\" data-color-override=\"#ffffff\" data-hover-color-override=\"false\" data-hover-text-color-override=\"#fff\"><span>Christian Sperling - <em>Tijuana: crimen y olvido<\/em><\/span><i class=\"icon-button-arrow\"><\/i><\/a>\n<a class=\"nectar-button n-sc-button small see-through-2 has-icon\" target=\"_blank\" href=\"https:\/\/www.imex-revista.com\/dispositivos-poeticos\/\" data-color-override=\"#ffffff\" data-hover-color-override=\"false\" data-hover-text-color-override=\"#fff\"><span>Mariana Aguirre - Dispositivos Po\u00e9ticos<\/span><i class=\"icon-button-arrow\"><\/i><\/a>\n<a class=\"nectar-button n-sc-button small see-through-2 has-icon\" target=\"_blank\" href=\"https:\/\/www.imex-revista.com\/los-migrantes-irregulares\/\" data-color-override=\"#ffffff\" data-hover-color-override=\"false\" data-hover-text-color-override=\"#fff\"><span>S. P. Izcara Palacios \/ K. L. Andrade Rubio - Los migrantes irregulares<\/span><i class=\"icon-button-arrow\"><\/i><\/a>\n<a class=\"nectar-button n-sc-button small see-through-2 has-icon\" target=\"_blank\" href=\"https:\/\/www.imex-revista.com\/el-fantasma-de-la-frontera\/\" data-color-override=\"#ffffff\" data-hover-color-override=\"false\" data-hover-text-color-override=\"#fff\"><span>Martin Baxmeyer - El fantasma de la frontera<\/span><i class=\"icon-button-arrow\"><\/i><\/a>\n<a class=\"nectar-button n-sc-button small see-through-2 has-icon\" target=\"_blank\" href=\"https:\/\/www.imex-revista.com\/elite-discourse\/\" data-color-override=\"#ffffff\" data-hover-color-override=\"false\" data-hover-text-color-override=\"#fff\"><span>Richard Mora \/ Mary Christianakis - Elite Discourse<\/span><i class=\"icon-button-arrow\"><\/i><\/a>\n<a class=\"nectar-button n-sc-button small see-through-2 has-icon\" target=\"_blank\" href=\"https:\/\/www.imex-revista.com\/perra-brava\/\" data-color-override=\"#ffffff\" data-hover-color-override=\"false\" data-hover-text-color-override=\"#fff\"><span>Elizabeth S\u00e1nchez Garay - <em>Perra brava<\/em> de Orfa Alarc\u00f3n<\/span><i class=\"icon-button-arrow\"><\/i><\/a>\n<a class=\"nectar-button n-sc-button small see-through-2 has-icon\" target=\"_blank\" href=\"https:\/\/www.imex-revista.com\/reterritorializacion-de-la-frontera-norte\/\" data-color-override=\"#ffffff\" data-hover-color-override=\"false\" data-hover-text-color-override=\"#fff\"><span>Sabine Pfleger \/ Joselin Barja Coria - Reterritorializaci\u00f3n de la frontera norte<\/span><i class=\"icon-button-arrow\"><\/i><\/a>\n<a class=\"nectar-button n-sc-button small see-through-2 has-icon\" target=\"_blank\" href=\"https:\/\/www.imex-revista.com\/resenas8\/\" data-color-override=\"#ffffff\" data-hover-color-override=\"false\" data-hover-text-color-override=\"#fff\"><span>Rese\u00f1as<\/span><i class=\"icon-button-arrow\"><\/i><\/a>\n[\/vc_column_text][\/tab][\/tabbed_section][\/vc_column][\/vc_row]\n","protected":false},"excerpt":{"rendered":"<p>[vc_row type=&#8221;full_width_background&#8221; full_screen_row_position=&#8221;middle&#8221; bg_image=&#8221;31&#8243; bg_position=&#8221;left top&#8221; bg_repeat=&#8221;no-repeat&#8221; scene_position=&#8221;center&#8221; text_color=&#8221;dark&#8221; text_align=&#8221;left&#8221; top_padding=&#8221;0&#8243; bottom_padding=&#8221;0&#8243; enable_gradient=&#8221;true&#8221; color_overlay=&#8221;#252525&#8243; gradient_direction=&#8221;left_to_right&#8221; overlay_strength=&#8221;1&#8243; shape_divider_position=&#8221;bottom&#8221; shape_type=&#8221;&#8221;][vc_column column_padding=&#8221;no-extra-padding&#8221; column_padding_position=&#8221;all&#8221; background_color_opacity=&#8221;1&#8243; background_hover_color_opacity=&#8221;1&#8243; column_shadow=&#8221;none&#8221; column_border_radius=&#8221;none&#8221; width=&#8221;1\/1&#8243; tablet_text_alignment=&#8221;default&#8221; phone_text_alignment=&#8221;default&#8221; column_border_width=&#8221;none&#8221; column_border_style=&#8221;solid&#8221;][vc_column_text] [\/vc_column_text][vc_row_inner&#8230;<\/p>\n","protected":false},"author":2,"featured_media":0,"comment_status":"closed","ping_status":"closed","sticky":false,"template":"","format":"standard","meta":{"footnotes":""},"categories":[569],"tags":[],"class_list":["post-5666","post","type-post","status-publish","format-standard","category-culture-space"],"yoast_head":"<!-- This site is optimized with the Yoast SEO plugin v28.4 - https:\/\/yoast.com\/product\/yoast-seo-wordpress\/ -->\n<title>Perra brava de Orfa Alarc\u00f3n - iMex Revista<\/title>\n<meta name=\"robots\" content=\"index, follow, max-snippet:-1, max-image-preview:large, max-video-preview:-1\" \/>\n<link rel=\"canonical\" href=\"https:\/\/www.imex-revista.com\/en\/perra-brava-de-orfa-alarcon\/\" \/>\n<meta property=\"og:locale\" content=\"en_US\" \/>\n<meta property=\"og:type\" content=\"article\" \/>\n<meta property=\"og:title\" content=\"Perra brava de Orfa Alarc\u00f3n - iMex Revista\" \/>\n<meta property=\"og:description\" content=\"[vc_row type=&#8221;full_width_background&#8221; full_screen_row_position=&#8221;middle&#8221; bg_image=&#8221;31&#8243; bg_position=&#8221;left top&#8221; bg_repeat=&#8221;no-repeat&#8221; scene_position=&#8221;center&#8221; text_color=&#8221;dark&#8221; text_align=&#8221;left&#8221; top_padding=&#8221;0&#8243; bottom_padding=&#8221;0&#8243; enable_gradient=&#8221;true&#8221; color_overlay=&#8221;#252525&#8243; gradient_direction=&#8221;left_to_right&#8221; overlay_strength=&#8221;1&#8243; shape_divider_position=&#8221;bottom&#8221; shape_type=&#8221;&#8221;][vc_column column_padding=&#8221;no-extra-padding&#8221; column_padding_position=&#8221;all&#8221; background_color_opacity=&#8221;1&#8243; background_hover_color_opacity=&#8221;1&#8243; column_shadow=&#8221;none&#8221; column_border_radius=&#8221;none&#8221; width=&#8221;1\/1&#8243; tablet_text_alignment=&#8221;default&#8221; phone_text_alignment=&#8221;default&#8221; column_border_width=&#8221;none&#8221; column_border_style=&#8221;solid&#8221;][vc_column_text] [\/vc_column_text][vc_row_inner...\" \/>\n<meta property=\"og:url\" content=\"https:\/\/www.imex-revista.com\/en\/perra-brava-de-orfa-alarcon\/\" \/>\n<meta property=\"og:site_name\" content=\"iMex Revista\" \/>\n<meta property=\"article:published_time\" content=\"2018-03-06T09:00:23+00:00\" \/>\n<meta property=\"article:modified_time\" content=\"2021-12-09T14:24:29+00:00\" \/>\n<meta property=\"og:image\" content=\"https:\/\/www.imex-revista.com\/wp-content\/uploads\/Foto_Sanchez-Garay_bearb-e1456520349830.jpg\" \/>\n<meta name=\"author\" content=\"iMex Revista\" \/>\n<meta name=\"twitter:card\" content=\"summary_large_image\" \/>\n<meta name=\"twitter:label1\" content=\"Written by\" \/>\n\t<meta name=\"twitter:data1\" content=\"iMex Revista\" \/>\n\t<meta name=\"twitter:label2\" content=\"Est. reading time\" \/>\n\t<meta name=\"twitter:data2\" content=\"5 minutes\" \/>\n<script type=\"application\/ld+json\" class=\"yoast-schema-graph\">{\"@context\":\"https:\\\/\\\/schema.org\",\"@graph\":[{\"@type\":\"Article\",\"@id\":\"https:\\\/\\\/www.imex-revista.com\\\/en\\\/perra-brava-de-orfa-alarcon\\\/#article\",\"isPartOf\":{\"@id\":\"https:\\\/\\\/www.imex-revista.com\\\/en\\\/perra-brava-de-orfa-alarcon\\\/\"},\"author\":{\"name\":\"iMex Revista\",\"@id\":\"https:\\\/\\\/www.imex-revista.com\\\/#\\\/schema\\\/person\\\/b06ca09ee30633a9bca5919aad53cd1f\"},\"headline\":\"Perra brava de Orfa Alarc\u00f3n\",\"datePublished\":\"2018-03-06T09:00:23+00:00\",\"dateModified\":\"2021-12-09T14:24:29+00:00\",\"mainEntityOfPage\":{\"@id\":\"https:\\\/\\\/www.imex-revista.com\\\/en\\\/perra-brava-de-orfa-alarcon\\\/\"},\"wordCount\":1058,\"image\":{\"@id\":\"https:\\\/\\\/www.imex-revista.com\\\/en\\\/perra-brava-de-orfa-alarcon\\\/#primaryimage\"},\"thumbnailUrl\":\"https:\\\/\\\/www.imex-revista.com\\\/wp-content\\\/uploads\\\/Foto_Sanchez-Garay_bearb-e1456520349830.jpg\",\"articleSection\":[\"Culture space\"],\"inLanguage\":\"en-US\"},{\"@type\":\"WebPage\",\"@id\":\"https:\\\/\\\/www.imex-revista.com\\\/en\\\/perra-brava-de-orfa-alarcon\\\/\",\"url\":\"https:\\\/\\\/www.imex-revista.com\\\/en\\\/perra-brava-de-orfa-alarcon\\\/\",\"name\":\"Perra brava de Orfa Alarc\u00f3n - iMex Revista\",\"isPartOf\":{\"@id\":\"https:\\\/\\\/www.imex-revista.com\\\/#website\"},\"primaryImageOfPage\":{\"@id\":\"https:\\\/\\\/www.imex-revista.com\\\/en\\\/perra-brava-de-orfa-alarcon\\\/#primaryimage\"},\"image\":{\"@id\":\"https:\\\/\\\/www.imex-revista.com\\\/en\\\/perra-brava-de-orfa-alarcon\\\/#primaryimage\"},\"thumbnailUrl\":\"https:\\\/\\\/www.imex-revista.com\\\/wp-content\\\/uploads\\\/Foto_Sanchez-Garay_bearb-e1456520349830.jpg\",\"datePublished\":\"2018-03-06T09:00:23+00:00\",\"dateModified\":\"2021-12-09T14:24:29+00:00\",\"author\":{\"@id\":\"https:\\\/\\\/www.imex-revista.com\\\/#\\\/schema\\\/person\\\/b06ca09ee30633a9bca5919aad53cd1f\"},\"breadcrumb\":{\"@id\":\"https:\\\/\\\/www.imex-revista.com\\\/en\\\/perra-brava-de-orfa-alarcon\\\/#breadcrumb\"},\"inLanguage\":\"en-US\",\"potentialAction\":[{\"@type\":\"ReadAction\",\"target\":[\"https:\\\/\\\/www.imex-revista.com\\\/en\\\/perra-brava-de-orfa-alarcon\\\/\"]}]},{\"@type\":\"ImageObject\",\"inLanguage\":\"en-US\",\"@id\":\"https:\\\/\\\/www.imex-revista.com\\\/en\\\/perra-brava-de-orfa-alarcon\\\/#primaryimage\",\"url\":\"https:\\\/\\\/www.imex-revista.com\\\/wp-content\\\/uploads\\\/Foto_Sanchez-Garay_bearb-e1456520349830.jpg\",\"contentUrl\":\"https:\\\/\\\/www.imex-revista.com\\\/wp-content\\\/uploads\\\/Foto_Sanchez-Garay_bearb-e1456520349830.jpg\"},{\"@type\":\"BreadcrumbList\",\"@id\":\"https:\\\/\\\/www.imex-revista.com\\\/en\\\/perra-brava-de-orfa-alarcon\\\/#breadcrumb\",\"itemListElement\":[{\"@type\":\"ListItem\",\"position\":1,\"name\":\"Home\",\"item\":\"https:\\\/\\\/www.imex-revista.com\\\/en\\\/imex\\\/\"},{\"@type\":\"ListItem\",\"position\":2,\"name\":\"Perra brava de Orfa Alarc\u00f3n\"}]},{\"@type\":\"WebSite\",\"@id\":\"https:\\\/\\\/www.imex-revista.com\\\/#website\",\"url\":\"https:\\\/\\\/www.imex-revista.com\\\/\",\"name\":\"iMex Revista\",\"description\":\"iMex Revista\",\"potentialAction\":[{\"@type\":\"SearchAction\",\"target\":{\"@type\":\"EntryPoint\",\"urlTemplate\":\"https:\\\/\\\/www.imex-revista.com\\\/?s={search_term_string}\"},\"query-input\":{\"@type\":\"PropertyValueSpecification\",\"valueRequired\":true,\"valueName\":\"search_term_string\"}}],\"inLanguage\":\"en-US\"},{\"@type\":\"Person\",\"@id\":\"https:\\\/\\\/www.imex-revista.com\\\/#\\\/schema\\\/person\\\/b06ca09ee30633a9bca5919aad53cd1f\",\"name\":\"iMex Revista\",\"url\":\"https:\\\/\\\/www.imex-revista.com\\\/en\\\/author\\\/temelli\\\/\"}]}<\/script>\n<!-- \/ Yoast SEO plugin. -->","yoast_head_json":{"title":"Perra brava de Orfa Alarc\u00f3n - iMex Revista","robots":{"index":"index","follow":"follow","max-snippet":"max-snippet:-1","max-image-preview":"max-image-preview:large","max-video-preview":"max-video-preview:-1"},"canonical":"https:\/\/www.imex-revista.com\/en\/perra-brava-de-orfa-alarcon\/","og_locale":"en_US","og_type":"article","og_title":"Perra brava de Orfa Alarc\u00f3n - iMex Revista","og_description":"[vc_row type=&#8221;full_width_background&#8221; full_screen_row_position=&#8221;middle&#8221; bg_image=&#8221;31&#8243; bg_position=&#8221;left top&#8221; bg_repeat=&#8221;no-repeat&#8221; scene_position=&#8221;center&#8221; text_color=&#8221;dark&#8221; text_align=&#8221;left&#8221; top_padding=&#8221;0&#8243; bottom_padding=&#8221;0&#8243; enable_gradient=&#8221;true&#8221; color_overlay=&#8221;#252525&#8243; gradient_direction=&#8221;left_to_right&#8221; overlay_strength=&#8221;1&#8243; shape_divider_position=&#8221;bottom&#8221; shape_type=&#8221;&#8221;][vc_column column_padding=&#8221;no-extra-padding&#8221; column_padding_position=&#8221;all&#8221; background_color_opacity=&#8221;1&#8243; background_hover_color_opacity=&#8221;1&#8243; column_shadow=&#8221;none&#8221; column_border_radius=&#8221;none&#8221; width=&#8221;1\/1&#8243; tablet_text_alignment=&#8221;default&#8221; phone_text_alignment=&#8221;default&#8221; column_border_width=&#8221;none&#8221; column_border_style=&#8221;solid&#8221;][vc_column_text] [\/vc_column_text][vc_row_inner...","og_url":"https:\/\/www.imex-revista.com\/en\/perra-brava-de-orfa-alarcon\/","og_site_name":"iMex Revista","article_published_time":"2018-03-06T09:00:23+00:00","article_modified_time":"2021-12-09T14:24:29+00:00","og_image":[{"url":"https:\/\/www.imex-revista.com\/wp-content\/uploads\/Foto_Sanchez-Garay_bearb-e1456520349830.jpg","type":"","width":"","height":""}],"author":"iMex Revista","twitter_card":"summary_large_image","twitter_misc":{"Written by":"iMex Revista","Est. reading time":"5 minutes"},"schema":{"@context":"https:\/\/schema.org","@graph":[{"@type":"Article","@id":"https:\/\/www.imex-revista.com\/en\/perra-brava-de-orfa-alarcon\/#article","isPartOf":{"@id":"https:\/\/www.imex-revista.com\/en\/perra-brava-de-orfa-alarcon\/"},"author":{"name":"iMex Revista","@id":"https:\/\/www.imex-revista.com\/#\/schema\/person\/b06ca09ee30633a9bca5919aad53cd1f"},"headline":"Perra brava de Orfa Alarc\u00f3n","datePublished":"2018-03-06T09:00:23+00:00","dateModified":"2021-12-09T14:24:29+00:00","mainEntityOfPage":{"@id":"https:\/\/www.imex-revista.com\/en\/perra-brava-de-orfa-alarcon\/"},"wordCount":1058,"image":{"@id":"https:\/\/www.imex-revista.com\/en\/perra-brava-de-orfa-alarcon\/#primaryimage"},"thumbnailUrl":"https:\/\/www.imex-revista.com\/wp-content\/uploads\/Foto_Sanchez-Garay_bearb-e1456520349830.jpg","articleSection":["Culture space"],"inLanguage":"en-US"},{"@type":"WebPage","@id":"https:\/\/www.imex-revista.com\/en\/perra-brava-de-orfa-alarcon\/","url":"https:\/\/www.imex-revista.com\/en\/perra-brava-de-orfa-alarcon\/","name":"Perra brava de Orfa Alarc\u00f3n - iMex Revista","isPartOf":{"@id":"https:\/\/www.imex-revista.com\/#website"},"primaryImageOfPage":{"@id":"https:\/\/www.imex-revista.com\/en\/perra-brava-de-orfa-alarcon\/#primaryimage"},"image":{"@id":"https:\/\/www.imex-revista.com\/en\/perra-brava-de-orfa-alarcon\/#primaryimage"},"thumbnailUrl":"https:\/\/www.imex-revista.com\/wp-content\/uploads\/Foto_Sanchez-Garay_bearb-e1456520349830.jpg","datePublished":"2018-03-06T09:00:23+00:00","dateModified":"2021-12-09T14:24:29+00:00","author":{"@id":"https:\/\/www.imex-revista.com\/#\/schema\/person\/b06ca09ee30633a9bca5919aad53cd1f"},"breadcrumb":{"@id":"https:\/\/www.imex-revista.com\/en\/perra-brava-de-orfa-alarcon\/#breadcrumb"},"inLanguage":"en-US","potentialAction":[{"@type":"ReadAction","target":["https:\/\/www.imex-revista.com\/en\/perra-brava-de-orfa-alarcon\/"]}]},{"@type":"ImageObject","inLanguage":"en-US","@id":"https:\/\/www.imex-revista.com\/en\/perra-brava-de-orfa-alarcon\/#primaryimage","url":"https:\/\/www.imex-revista.com\/wp-content\/uploads\/Foto_Sanchez-Garay_bearb-e1456520349830.jpg","contentUrl":"https:\/\/www.imex-revista.com\/wp-content\/uploads\/Foto_Sanchez-Garay_bearb-e1456520349830.jpg"},{"@type":"BreadcrumbList","@id":"https:\/\/www.imex-revista.com\/en\/perra-brava-de-orfa-alarcon\/#breadcrumb","itemListElement":[{"@type":"ListItem","position":1,"name":"Home","item":"https:\/\/www.imex-revista.com\/en\/imex\/"},{"@type":"ListItem","position":2,"name":"Perra brava de Orfa Alarc\u00f3n"}]},{"@type":"WebSite","@id":"https:\/\/www.imex-revista.com\/#website","url":"https:\/\/www.imex-revista.com\/","name":"iMex Revista","description":"iMex Revista","potentialAction":[{"@type":"SearchAction","target":{"@type":"EntryPoint","urlTemplate":"https:\/\/www.imex-revista.com\/?s={search_term_string}"},"query-input":{"@type":"PropertyValueSpecification","valueRequired":true,"valueName":"search_term_string"}}],"inLanguage":"en-US"},{"@type":"Person","@id":"https:\/\/www.imex-revista.com\/#\/schema\/person\/b06ca09ee30633a9bca5919aad53cd1f","name":"iMex Revista","url":"https:\/\/www.imex-revista.com\/en\/author\/temelli\/"}]}},"_links":{"self":[{"href":"https:\/\/www.imex-revista.com\/en\/wp-json\/wp\/v2\/posts\/5666","targetHints":{"allow":["GET"]}}],"collection":[{"href":"https:\/\/www.imex-revista.com\/en\/wp-json\/wp\/v2\/posts"}],"about":[{"href":"https:\/\/www.imex-revista.com\/en\/wp-json\/wp\/v2\/types\/post"}],"author":[{"embeddable":true,"href":"https:\/\/www.imex-revista.com\/en\/wp-json\/wp\/v2\/users\/2"}],"replies":[{"embeddable":true,"href":"https:\/\/www.imex-revista.com\/en\/wp-json\/wp\/v2\/comments?post=5666"}],"version-history":[{"count":3,"href":"https:\/\/www.imex-revista.com\/en\/wp-json\/wp\/v2\/posts\/5666\/revisions"}],"predecessor-version":[{"id":10774,"href":"https:\/\/www.imex-revista.com\/en\/wp-json\/wp\/v2\/posts\/5666\/revisions\/10774"}],"wp:attachment":[{"href":"https:\/\/www.imex-revista.com\/en\/wp-json\/wp\/v2\/media?parent=5666"}],"wp:term":[{"taxonomy":"category","embeddable":true,"href":"https:\/\/www.imex-revista.com\/en\/wp-json\/wp\/v2\/categories?post=5666"},{"taxonomy":"post_tag","embeddable":true,"href":"https:\/\/www.imex-revista.com\/en\/wp-json\/wp\/v2\/tags?post=5666"}],"curies":[{"name":"wp","href":"https:\/\/api.w.org\/{rel}","templated":true}]}}