{"id":5346,"date":"2018-02-14T13:03:24","date_gmt":"2018-02-14T12:03:24","guid":{"rendered":"https:\/\/www.imex-revista.com\/?p=5346"},"modified":"2021-06-01T12:07:14","modified_gmt":"2021-06-01T11:07:14","slug":"xiii-estimulo-3","status":"publish","type":"post","link":"https:\/\/www.imex-revista.com\/en\/xiii-estimulo-3\/","title":{"rendered":"XIII. Impression: The Date &#8211; Cristina Rivera Garza"},"content":{"rendered":"[vc_row type=&#8221;full_width_background&#8221; full_screen_row_position=&#8221;middle&#8221; bg_image=&#8221;31&#8243; bg_position=&#8221;left top&#8221; bg_repeat=&#8221;no-repeat&#8221; scene_position=&#8221;center&#8221; text_color=&#8221;dark&#8221; text_align=&#8221;left&#8221; top_padding=&#8221;0&#8243; bottom_padding=&#8221;30&#8243; overlay_strength=&#8221;1&#8243; shape_divider_position=&#8221;bottom&#8221;][vc_column column_padding=&#8221;no-extra-padding&#8221; column_padding_position=&#8221;all&#8221; background_color_opacity=&#8221;1&#8243; background_hover_color_opacity=&#8221;1&#8243; column_shadow=&#8221;none&#8221; column_border_radius=&#8221;none&#8221; width=&#8221;1\/1&#8243; tablet_text_alignment=&#8221;default&#8221; phone_text_alignment=&#8221;default&#8221; column_border_width=&#8221;none&#8221; column_border_style=&#8221;solid&#8221;][vc_column_text]\n<p style=\"text-align: center;\"><a class=\"nectar-button n-sc-button small accent-color has-icon regular-button\" target=\"_blank\" href=\"https:\/\/www.imex-revista.com\/download\/5407\/\" data-color-override=\"false\" data-hover-color-override=\"false\" data-hover-text-color-override=\"#fff\"><span>Download Issue<\/span><i class=\"icon-button-arrow\"><\/i><\/a> <a class=\"nectar-button n-sc-button small accent-color has-icon regular-button\" target=\"_blank\" href=\"https:\/\/www.imex-revista.com\/download\/5416\/\" data-color-override=\"false\" data-hover-color-override=\"false\" data-hover-text-color-override=\"#fff\"><span>Download Article<\/span><i class=\"icon-button-arrow\"><\/i><\/a>\n[\/vc_column_text][vc_row_inner column_margin=&#8221;default&#8221; text_align=&#8221;left&#8221;][vc_column_inner column_padding=&#8221;no-extra-padding&#8221; column_padding_position=&#8221;all&#8221; background_color_opacity=&#8221;1&#8243; background_hover_color_opacity=&#8221;1&#8243; column_shadow=&#8221;none&#8221; column_border_radius=&#8221;none&#8221; width=&#8221;1\/1&#8243; column_border_width=&#8221;none&#8221; column_border_style=&#8221;solid&#8221;][divider line_type=&#8221;No Line&#8221; custom_height=&#8221;30&#8243;][vc_column_text]\n<h3 style=\"text-align: center;\"><strong><span style=\"color: #b0b0b0;\">Impression: Cristina Rivera Garza &#8211; The Date (pp. 25-27)<\/span><\/strong><\/h3>\n[\/vc_column_text][divider line_type=&#8221;No Line&#8221; custom_height=&#8221;80&#8243;][vc_column_text]\n<h3><span style=\"color: #ffffff;\"><strong><span style=\"color: #b0b0b0;\">Dr. Cristina Rivera Garza<br \/>\n<\/span><\/strong><\/span><\/h3>\n<p style=\"text-align: justify;\"><a href=\"https:\/\/www.imex-revista.com\/wp-content\/uploads\/Rivera_Garza_iMex-1.jpg\" rel=\"attachment wp-att-1036\"><img loading=\"lazy\" decoding=\"async\" class=\"wp-image-5195 size-full alignleft\" src=\"https:\/\/www.imex-revista.com\/wp-content\/uploads\/Rivera_Garza_iMex-1.jpg\" alt=\"\" width=\"150\" height=\"199\" \/><\/a><span style=\"color: #b0b0b0;\">Cristina Rivera Garza is the award-winning author of six novels, three collections of short stories, five collections of poetry and three non-fiction books. Originally written in Spanish, these works have been translated into multiple languages, including English, French, Italian, Portuguese, and Korean. The recipient of the Roger Caillois Award for Latin American Literature (Paris, 2013); as well as the Anna Seghers (Berlin, 2005), she is the only author who has won the International Sor Juana In\u00e9s de la Cruz Prize twice, in 2001 for her novel <em>Nadie me ver\u00e1 llorar<\/em> (translated into English by Andrew Hurley as <em>No One Will See Me Cry<\/em> ) and again in 2009 for her novel La muerte me da. She has translated, from English into Spanish, <em>Notes on Conceptualisms<\/em> by Vanessa Place and Robet Fitterman; and, from Spanish into English, &#8220;Nine Mexican Poets edited by Cristina Rivera Garza,&#8221; in New American Writing 31. She was the Breeden Eminent Scholar at Auburn University in Fall 2015 and a fellow at the UCSD Center for Humanities 2015-2016. She received a Senate Grant from UCSD and the prestigious three-year Sistema Nacional de Creadores grant from Mexico.<\/span><\/p>\n<p style=\"text-align: justify;\"><span style=\"color: #b0b0b0;\"><em>La imaginaci\u00f3n p\u00fablica\/ Public Imagination<\/em> (Conaculta Press, 2015) is her most recent published work. She has developed cross-genre collaborative projects with artists and composers in <em>De Mirabilis Auscultationibus, Arist\u00f3tles, o alguien que se hace pasar por Arist\u00f3tles, cuenta de las maravillas escuchadas por casualidad acerca de Tac\u00e1mbaro De Mirabilis Auscultationibus, Arist\u00f3tles, o someone passing as Aristotle, tells about the marvelous things overheard about Tac\u00e1mbaro<\/em>], bilingual edition (Mexico: Acapulco Press, 2015), with artist Artemio Rodr\u00edguez; VIAJE &#8211; Azione Drammatica Musicale per quattro voci e quattro strumenti (Milan Italy: Sugar Music, 2014), with composer Javier Torres Maldonado; <em>Ah\u00ed te comer\u00e1n las turicatas<\/em> [<em>You will be eaten by turicatas there<\/em>] (Mexico: Caja de Cerillos, 2013).<\/span><\/p>\n<p style=\"text-align: justify;\"><span style=\"color: #b0b0b0;\"><em>Los muertos ind\u00f3ciles. Necroescrituras y desapropiaci\u00f3n<\/em>, her most recent book of criticism, comparatively explores the contemporary discussions surrounding conceptualist writing in the United States, post-exoticism in France, as well as communally-based writing throughout the Americas.<\/span><\/p>\n<p style=\"text-align: justify;\"><span style=\"color: #b0b0b0;\">She was born in Mexico (Matamoros, Tamaulipas, 1964), and has lived in the United States since 1989. She studied urban sociology at the National Autonomous University of Mexico and received her PhD in Latin American history from the University of Houston. She has written extensively on the social history of mental illness in early twentieth-century Mexico, and published academic articles in journals and edited volumes in the United States, England, Argentina and Mexico. She received a Doctorate in Humane Letters Honoris Causa from the University of Houston in 2012.<\/span><\/p>\n[\/vc_column_text][\/vc_column_inner][\/vc_row_inner][divider line_type=&#8221;No Line&#8221; custom_height=&#8221;50&#8243;][vc_column_text]\n<h3 style=\"text-align: right;\"><span style=\"color: #ffffff;\"><strong><span style=\"color: #b0b0b0;\">Sarah Booker MA. (Translator)<br \/>\n<\/span><\/strong><\/span><\/h3>\n<p style=\"text-align: right;\"><a href=\"https:\/\/www.imex-revista.com\/wp-content\/uploads\/Sarah_Booker_iMex.jpg\" rel=\"attachment wp-att-1036\"><img loading=\"lazy\" decoding=\"async\" class=\"wp-image-5054 size-full alignright\" src=\"https:\/\/www.imex-revista.com\/wp-content\/uploads\/Sarah_Booker_iMex.jpg\" width=\"150\" height=\"189\" \/><\/a><\/p>\n<p style=\"text-align: justify;\"><span style=\"color: #b0b0b0;\">Born in Durham, North Carolina, Sarah Booker is a Spanish-to-English translator and PhD student at the University of North Carolina, Chapel Hill. Her research revolves around contemporary Latin American narratives and translation studies. She has translated texts by Cristina Rivera Garza, Ricardo Piglia, Amparo D\u00e1vila, Margarita Garc\u00eda Robayo, and Gabriela Wiener. Her translation of Rivera Garza\u2019s The Iliac Crest was published with the <a href=\"https:\/\/www.feministpress.org\/books-a-m\/the-iliac-crest\">Feminist Press in October 2017<\/a>. She is the assistant editor for The Mercurian and an assistant blog editor for Asymptote. She is currently serving as a visiting lecturer in the English Literature department at the Universidad de Sevilla. <\/span><\/p>\n[\/vc_column_text][divider line_type=&#8221;No Line&#8221; custom_height=&#8221;50&#8243;][tabbed_section style=&#8221;default&#8221; alignment=&#8221;left&#8221; spacing=&#8221;default&#8221; tab_color=&#8221;Accent-Color&#8221;][tab icon_family=&#8221;none&#8221; title=&#8221;About the short story&#8221; tab_id=&#8221;1515063729061-8&#8243; id=&#8221;1515067231231-2&#8243;][vc_column_text]\n<p style=\"text-align: justify;\"><span style=\"color: #b0b0b0;\">This short story is a translation of &#8220;La cita&#8221;, which is a shortened story of &#8220;La ciudad de los hombres&#8221;, published in\u00a0<a href=\"http:\/\/www.elem.mx\/obra\/datos\/202199\"><em>La frontera m\u00e1s<\/em> distante<\/a>.<br \/>\n<\/span><\/p>\n[\/vc_column_text][\/tab][tab icon_family=&#8221;none&#8221; title=&#8221;Links&#8221; tab_id=&#8221;1515065619491-5&#8243; id=&#8221;1515067231304-0&#8243;][vc_column_text]<span style=\"color: #b0b0b0;\"><strong>Related article<br \/>\n<\/strong><\/span><\/p>\n<a class=\"nectar-button n-sc-button small see-through-2 has-icon\" target=\"_blank\" href=\"https:\/\/www.imex-revista.com\/en\/xiii-traces-lesbianism\/\" data-color-override=\"#ffffff\" data-hover-color-override=\"false\" data-hover-text-color-override=\"#fff\"><span>Alejandra M\u00e1rquez - Traces of Lesbianism<\/span><i class=\"icon-button-arrow\"><\/i><\/a>\n<p><span style=\"color: #b0b0b0;\"><strong>Website<\/strong><\/span><\/p>\n<a class=\"nectar-button n-sc-button small see-through-2 has-icon\" target=\"_blank\" href=\"http:\/\/cristinariveragarza.blogspot.de\/\" data-color-override=\"#ffffff\" data-hover-color-override=\"false\" data-hover-text-color-override=\"#fff\"><span>Blog - Cristina Rivera Garza<\/span><i class=\"icon-button-arrow\"><\/i><\/a>[\/vc_column_text][\/tab][tab icon_family=&#8221;none&#8221; title=&#8221;iMex N\u00b013 Gender and Sexuality&#8221; id=&#8221;1513086651055-1&#8243; tab_id=&#8221;1515063729215-10&#8243;][vc_column_text]\n<p style=\"text-align: justify;\"><a class=\"nectar-button n-sc-button small see-through-2 has-icon\" target=\"_blank\" href=\"https:\/\/www.imex-revista.com\/en\/xiii-editorial\/\" data-color-override=\"#ffffff\" data-hover-color-override=\"false\" data-hover-text-color-override=\"#fff\"><span>Oswaldo Estrada - Editorial<\/span><i class=\"icon-button-arrow\"><\/i><\/a>\n<a class=\"nectar-button n-sc-button small see-through-2 has-icon\" target=\"_blank\" href=\"https:\/\/www.imex-revista.com\/en\/xiii-estimulo-1\/\" data-color-override=\"#ffffff\" data-hover-color-override=\"false\" data-hover-text-color-override=\"#fff\"><span>Ana Clavel - Est\u00edmulo: Dos cuerpos del deseo <\/span><i class=\"icon-button-arrow\"><\/i><\/a>\n<a class=\"nectar-button n-sc-button small see-through-2 has-icon\" target=\"_blank\" href=\"https:\/\/www.imex-revista.com\/en\/xiii-estimulo-2\/\" data-color-override=\"#ffffff\" data-hover-color-override=\"false\" data-hover-text-color-override=\"#fff\"><span>Adriana Gonz\u00e1lez Mateos - Est\u00edmulo: Family Values <\/span><i class=\"icon-button-arrow\"><\/i><\/a>\n<a class=\"nectar-button n-sc-button small see-through-2 has-icon\" target=\"_blank\" href=\"https:\/\/www.imex-revista.com\/en\/xiii-estimulo-3\/\" data-color-override=\"#ffffff\" data-hover-color-override=\"false\" data-hover-text-color-override=\"#fff\"><span>Cristina Rivera Garza - Est\u00edmulo: The Date<\/span><i class=\"icon-button-arrow\"><\/i><\/a>\n<a class=\"nectar-button n-sc-button small see-through-2 has-icon\" target=\"_blank\" href=\"https:\/\/www.imex-revista.com\/en\/xiii-cuerpo-sexualidad-usos-amorosos\/\" data-color-override=\"#ffffff\" data-hover-color-override=\"false\" data-hover-text-color-override=\"#fff\"><span>Ignacio Ruiz P\u00e9rez - Cuerpo, sexualidad y usos amorosos<\/span><i class=\"icon-button-arrow\"><\/i><\/a>\n<a class=\"nectar-button n-sc-button small see-through-2 has-icon\" target=\"_blank\" href=\"https:\/\/www.imex-revista.com\/en\/xiii-todo-lo-perdido-regresa-travestido\/\" data-color-override=\"#ffffff\" data-hover-color-override=\"false\" data-hover-text-color-override=\"#fff\"><span>Tamara R. Williams - Todo lo perdido regresa travestido<\/span><i class=\"icon-button-arrow\"><\/i><\/a>\n<a class=\"nectar-button n-sc-button small see-through-2 has-icon\" target=\"_blank\" href=\"https:\/\/www.imex-revista.com\/en\/xiii-traces-lesbianism\/\" data-color-override=\"#ffffff\" data-hover-color-override=\"false\" data-hover-text-color-override=\"#fff\"><span>Alejandra M\u00e1rquez - Traces of Lesbianism<\/span><i class=\"icon-button-arrow\"><\/i><\/a>\n<a class=\"nectar-button n-sc-button small see-through-2 has-icon\" target=\"_blank\" href=\"https:\/\/www.imex-revista.com\/en\/xiii-generos-sadomasoquismo\/\" data-color-override=\"#ffffff\" data-hover-color-override=\"false\" data-hover-text-color-override=\"#fff\"><span>Christian Gr\u00fcnnagel - G\u00e9nero(s) y sadomasoquismo<\/span><i class=\"icon-button-arrow\"><\/i><\/a>\n<a class=\"nectar-button n-sc-button small see-through-2 has-icon\" target=\"_blank\" href=\"https:\/\/www.imex-revista.com\/en\/xiii-limites-deseo-incesto-familia\/\" data-color-override=\"#ffffff\" data-hover-color-override=\"false\" data-hover-text-color-override=\"#fff\"><span>Anca Koczkas - L\u00edmites del deseo: incesto y familia<\/span><i class=\"icon-button-arrow\"><\/i><\/a>\n<a class=\"nectar-button n-sc-button small see-through-2 has-icon\" target=\"_blank\" href=\"https:\/\/www.imex-revista.com\/en\/xiii-politics-female-identity\/\" data-color-override=\"#ffffff\" data-hover-color-override=\"false\" data-hover-text-color-override=\"#fff\"><span>Adrienne Erazo - The Politics of Female Identity<\/span><i class=\"icon-button-arrow\"><\/i><\/a>\n<a class=\"nectar-button n-sc-button small see-through-2 has-icon\" target=\"_blank\" href=\"https:\/\/www.imex-revista.com\/en\/xiii-discapacidad-construcciones-de-genero\/\" data-color-override=\"#ffffff\" data-hover-color-override=\"false\" data-hover-text-color-override=\"#fff\"><span>Etna \u00c1valos - Discapacidad y construcciones de g\u00e9nero<\/span><i class=\"icon-button-arrow\"><\/i><\/a>\n<a class=\"nectar-button n-sc-button small see-through-2 has-icon\" target=\"_blank\" href=\"https:\/\/www.imex-revista.com\/en\/xiii-nueva-masculinidad\/\" data-color-override=\"#ffffff\" data-hover-color-override=\"false\" data-hover-text-color-override=\"#fff\"><span>Carmen Patricia Tovar - En busca de una nueva masculinidad<\/span><i class=\"icon-button-arrow\"><\/i><\/a>\n<a class=\"nectar-button n-sc-button small see-through-2 has-icon\" target=\"_blank\" href=\"https:\/\/www.imex-revista.com\/en\/xiii-notes-queer-mexican-literature\/\" data-color-override=\"#ffffff\" data-hover-color-override=\"false\" data-hover-text-color-override=\"#fff\"><span>Vinodh Venkatesh - Notes on a Queer (Mexican) Literature<\/span><i class=\"icon-button-arrow\"><\/i><\/a>\n<a class=\"nectar-button n-sc-button small see-through-2 has-icon\" target=\"_blank\" href=\"https:\/\/www.imex-revista.com\/en\/xiii-resenas\/\" data-color-override=\"#ffffff\" data-hover-color-override=\"false\" data-hover-text-color-override=\"#fff\"><span>Rese\u00f1as<\/span><i class=\"icon-button-arrow\"><\/i><\/a>\n[\/vc_column_text][\/tab][\/tabbed_section][\/vc_column][\/vc_row]\n","protected":false},"excerpt":{"rendered":"<p>[vc_row type=&#8221;full_width_background&#8221; full_screen_row_position=&#8221;middle&#8221; bg_image=&#8221;31&#8243; bg_position=&#8221;left top&#8221; bg_repeat=&#8221;no-repeat&#8221; scene_position=&#8221;center&#8221; text_color=&#8221;dark&#8221; text_align=&#8221;left&#8221; top_padding=&#8221;0&#8243; bottom_padding=&#8221;30&#8243; overlay_strength=&#8221;1&#8243; shape_divider_position=&#8221;bottom&#8221;][vc_column column_padding=&#8221;no-extra-padding&#8221; column_padding_position=&#8221;all&#8221; background_color_opacity=&#8221;1&#8243; background_hover_color_opacity=&#8221;1&#8243; column_shadow=&#8221;none&#8221; column_border_radius=&#8221;none&#8221; width=&#8221;1\/1&#8243; tablet_text_alignment=&#8221;default&#8221; phone_text_alignment=&#8221;default&#8221; column_border_width=&#8221;none&#8221; column_border_style=&#8221;solid&#8221;][vc_column_text] [\/vc_column_text][vc_row_inner column_margin=&#8221;default&#8221; text_align=&#8221;left&#8221;][vc_column_inner column_padding=&#8221;no-extra-padding&#8221; column_padding_position=&#8221;all&#8221;&#8230;<\/p>\n","protected":false},"author":2,"featured_media":0,"comment_status":"closed","ping_status":"closed","sticky":false,"template":"","format":"standard","meta":{"footnotes":""},"categories":[569,580,1111],"tags":[1433,314],"class_list":["post-5346","post","type-post","status-publish","format-standard","category-culture-space","category-issues","category-xiii-gender-and-sexuality","tag-cristina-rivera-garza-en","tag-cuento"],"yoast_head":"<!-- This site is optimized with the Yoast SEO plugin v28.4 - https:\/\/yoast.com\/product\/yoast-seo-wordpress\/ -->\n<title>XIII. Impression: The Date - Cristina Rivera Garza - iMex Revista<\/title>\n<meta name=\"robots\" content=\"index, follow, max-snippet:-1, max-image-preview:large, max-video-preview:-1\" \/>\n<link rel=\"canonical\" href=\"https:\/\/www.imex-revista.com\/en\/xiii-estimulo-3\/\" \/>\n<meta property=\"og:locale\" content=\"en_US\" \/>\n<meta property=\"og:type\" content=\"article\" \/>\n<meta property=\"og:title\" content=\"XIII. Impression: The Date - Cristina Rivera Garza - iMex Revista\" \/>\n<meta property=\"og:description\" content=\"[vc_row type=&#8221;full_width_background&#8221; full_screen_row_position=&#8221;middle&#8221; bg_image=&#8221;31&#8243; bg_position=&#8221;left top&#8221; bg_repeat=&#8221;no-repeat&#8221; scene_position=&#8221;center&#8221; text_color=&#8221;dark&#8221; text_align=&#8221;left&#8221; top_padding=&#8221;0&#8243; bottom_padding=&#8221;30&#8243; overlay_strength=&#8221;1&#8243; shape_divider_position=&#8221;bottom&#8221;][vc_column column_padding=&#8221;no-extra-padding&#8221; column_padding_position=&#8221;all&#8221; background_color_opacity=&#8221;1&#8243; background_hover_color_opacity=&#8221;1&#8243; column_shadow=&#8221;none&#8221; column_border_radius=&#8221;none&#8221; width=&#8221;1\/1&#8243; tablet_text_alignment=&#8221;default&#8221; phone_text_alignment=&#8221;default&#8221; column_border_width=&#8221;none&#8221; column_border_style=&#8221;solid&#8221;][vc_column_text] [\/vc_column_text][vc_row_inner column_margin=&#8221;default&#8221; text_align=&#8221;left&#8221;][vc_column_inner column_padding=&#8221;no-extra-padding&#8221; column_padding_position=&#8221;all&#8221;...\" \/>\n<meta property=\"og:url\" content=\"https:\/\/www.imex-revista.com\/en\/xiii-estimulo-3\/\" \/>\n<meta property=\"og:site_name\" content=\"iMex Revista\" \/>\n<meta property=\"article:published_time\" content=\"2018-02-14T12:03:24+00:00\" \/>\n<meta property=\"article:modified_time\" content=\"2021-06-01T11:07:14+00:00\" \/>\n<meta property=\"og:image\" content=\"https:\/\/www.imex-revista.com\/wp-content\/uploads\/Rivera_Garza_iMex-1.jpg\" \/>\n<meta name=\"author\" content=\"iMex Revista\" \/>\n<meta name=\"twitter:card\" content=\"summary_large_image\" \/>\n<meta name=\"twitter:label1\" content=\"Written by\" \/>\n\t<meta name=\"twitter:data1\" content=\"iMex Revista\" \/>\n\t<meta name=\"twitter:label2\" content=\"Est. reading time\" \/>\n\t<meta name=\"twitter:data2\" content=\"7 minutes\" \/>\n<script type=\"application\/ld+json\" class=\"yoast-schema-graph\">{\"@context\":\"https:\\\/\\\/schema.org\",\"@graph\":[{\"@type\":\"Article\",\"@id\":\"https:\\\/\\\/www.imex-revista.com\\\/en\\\/xiii-estimulo-3\\\/#article\",\"isPartOf\":{\"@id\":\"https:\\\/\\\/www.imex-revista.com\\\/en\\\/xiii-estimulo-3\\\/\"},\"author\":{\"name\":\"iMex Revista\",\"@id\":\"https:\\\/\\\/www.imex-revista.com\\\/#\\\/schema\\\/person\\\/b06ca09ee30633a9bca5919aad53cd1f\"},\"headline\":\"XIII. Impression: The Date &#8211; Cristina Rivera Garza\",\"datePublished\":\"2018-02-14T12:03:24+00:00\",\"dateModified\":\"2021-06-01T11:07:14+00:00\",\"mainEntityOfPage\":{\"@id\":\"https:\\\/\\\/www.imex-revista.com\\\/en\\\/xiii-estimulo-3\\\/\"},\"wordCount\":1447,\"image\":{\"@id\":\"https:\\\/\\\/www.imex-revista.com\\\/en\\\/xiii-estimulo-3\\\/#primaryimage\"},\"thumbnailUrl\":\"https:\\\/\\\/www.imex-revista.com\\\/wp-content\\\/uploads\\\/Rivera_Garza_iMex-1.jpg\",\"keywords\":[\"Cristina Rivera Garza\",\"cuento\"],\"articleSection\":[\"Culture space\",\"Issues\",\"XIII. Gender and Sexuality\"],\"inLanguage\":\"en-US\"},{\"@type\":\"WebPage\",\"@id\":\"https:\\\/\\\/www.imex-revista.com\\\/en\\\/xiii-estimulo-3\\\/\",\"url\":\"https:\\\/\\\/www.imex-revista.com\\\/en\\\/xiii-estimulo-3\\\/\",\"name\":\"XIII. Impression: The Date - Cristina Rivera Garza - iMex Revista\",\"isPartOf\":{\"@id\":\"https:\\\/\\\/www.imex-revista.com\\\/#website\"},\"primaryImageOfPage\":{\"@id\":\"https:\\\/\\\/www.imex-revista.com\\\/en\\\/xiii-estimulo-3\\\/#primaryimage\"},\"image\":{\"@id\":\"https:\\\/\\\/www.imex-revista.com\\\/en\\\/xiii-estimulo-3\\\/#primaryimage\"},\"thumbnailUrl\":\"https:\\\/\\\/www.imex-revista.com\\\/wp-content\\\/uploads\\\/Rivera_Garza_iMex-1.jpg\",\"datePublished\":\"2018-02-14T12:03:24+00:00\",\"dateModified\":\"2021-06-01T11:07:14+00:00\",\"author\":{\"@id\":\"https:\\\/\\\/www.imex-revista.com\\\/#\\\/schema\\\/person\\\/b06ca09ee30633a9bca5919aad53cd1f\"},\"breadcrumb\":{\"@id\":\"https:\\\/\\\/www.imex-revista.com\\\/en\\\/xiii-estimulo-3\\\/#breadcrumb\"},\"inLanguage\":\"en-US\",\"potentialAction\":[{\"@type\":\"ReadAction\",\"target\":[\"https:\\\/\\\/www.imex-revista.com\\\/en\\\/xiii-estimulo-3\\\/\"]}]},{\"@type\":\"ImageObject\",\"inLanguage\":\"en-US\",\"@id\":\"https:\\\/\\\/www.imex-revista.com\\\/en\\\/xiii-estimulo-3\\\/#primaryimage\",\"url\":\"https:\\\/\\\/www.imex-revista.com\\\/wp-content\\\/uploads\\\/Rivera_Garza_iMex-1.jpg\",\"contentUrl\":\"https:\\\/\\\/www.imex-revista.com\\\/wp-content\\\/uploads\\\/Rivera_Garza_iMex-1.jpg\"},{\"@type\":\"BreadcrumbList\",\"@id\":\"https:\\\/\\\/www.imex-revista.com\\\/en\\\/xiii-estimulo-3\\\/#breadcrumb\",\"itemListElement\":[{\"@type\":\"ListItem\",\"position\":1,\"name\":\"Home\",\"item\":\"https:\\\/\\\/www.imex-revista.com\\\/en\\\/imex\\\/\"},{\"@type\":\"ListItem\",\"position\":2,\"name\":\"XIII. Impression: The Date &#8211; Cristina Rivera Garza\"}]},{\"@type\":\"WebSite\",\"@id\":\"https:\\\/\\\/www.imex-revista.com\\\/#website\",\"url\":\"https:\\\/\\\/www.imex-revista.com\\\/\",\"name\":\"iMex Revista\",\"description\":\"iMex Revista\",\"potentialAction\":[{\"@type\":\"SearchAction\",\"target\":{\"@type\":\"EntryPoint\",\"urlTemplate\":\"https:\\\/\\\/www.imex-revista.com\\\/?s={search_term_string}\"},\"query-input\":{\"@type\":\"PropertyValueSpecification\",\"valueRequired\":true,\"valueName\":\"search_term_string\"}}],\"inLanguage\":\"en-US\"},{\"@type\":\"Person\",\"@id\":\"https:\\\/\\\/www.imex-revista.com\\\/#\\\/schema\\\/person\\\/b06ca09ee30633a9bca5919aad53cd1f\",\"name\":\"iMex Revista\",\"url\":\"https:\\\/\\\/www.imex-revista.com\\\/en\\\/author\\\/temelli\\\/\"}]}<\/script>\n<!-- \/ Yoast SEO plugin. -->","yoast_head_json":{"title":"XIII. Impression: The Date - Cristina Rivera Garza - iMex Revista","robots":{"index":"index","follow":"follow","max-snippet":"max-snippet:-1","max-image-preview":"max-image-preview:large","max-video-preview":"max-video-preview:-1"},"canonical":"https:\/\/www.imex-revista.com\/en\/xiii-estimulo-3\/","og_locale":"en_US","og_type":"article","og_title":"XIII. Impression: The Date - Cristina Rivera Garza - iMex Revista","og_description":"[vc_row type=&#8221;full_width_background&#8221; full_screen_row_position=&#8221;middle&#8221; bg_image=&#8221;31&#8243; bg_position=&#8221;left top&#8221; bg_repeat=&#8221;no-repeat&#8221; scene_position=&#8221;center&#8221; text_color=&#8221;dark&#8221; text_align=&#8221;left&#8221; top_padding=&#8221;0&#8243; bottom_padding=&#8221;30&#8243; overlay_strength=&#8221;1&#8243; shape_divider_position=&#8221;bottom&#8221;][vc_column column_padding=&#8221;no-extra-padding&#8221; column_padding_position=&#8221;all&#8221; background_color_opacity=&#8221;1&#8243; background_hover_color_opacity=&#8221;1&#8243; column_shadow=&#8221;none&#8221; column_border_radius=&#8221;none&#8221; width=&#8221;1\/1&#8243; tablet_text_alignment=&#8221;default&#8221; phone_text_alignment=&#8221;default&#8221; column_border_width=&#8221;none&#8221; column_border_style=&#8221;solid&#8221;][vc_column_text] [\/vc_column_text][vc_row_inner column_margin=&#8221;default&#8221; text_align=&#8221;left&#8221;][vc_column_inner column_padding=&#8221;no-extra-padding&#8221; column_padding_position=&#8221;all&#8221;...","og_url":"https:\/\/www.imex-revista.com\/en\/xiii-estimulo-3\/","og_site_name":"iMex Revista","article_published_time":"2018-02-14T12:03:24+00:00","article_modified_time":"2021-06-01T11:07:14+00:00","og_image":[{"url":"https:\/\/www.imex-revista.com\/wp-content\/uploads\/Rivera_Garza_iMex-1.jpg","type":"","width":"","height":""}],"author":"iMex Revista","twitter_card":"summary_large_image","twitter_misc":{"Written by":"iMex Revista","Est. reading time":"7 minutes"},"schema":{"@context":"https:\/\/schema.org","@graph":[{"@type":"Article","@id":"https:\/\/www.imex-revista.com\/en\/xiii-estimulo-3\/#article","isPartOf":{"@id":"https:\/\/www.imex-revista.com\/en\/xiii-estimulo-3\/"},"author":{"name":"iMex Revista","@id":"https:\/\/www.imex-revista.com\/#\/schema\/person\/b06ca09ee30633a9bca5919aad53cd1f"},"headline":"XIII. Impression: The Date &#8211; Cristina Rivera Garza","datePublished":"2018-02-14T12:03:24+00:00","dateModified":"2021-06-01T11:07:14+00:00","mainEntityOfPage":{"@id":"https:\/\/www.imex-revista.com\/en\/xiii-estimulo-3\/"},"wordCount":1447,"image":{"@id":"https:\/\/www.imex-revista.com\/en\/xiii-estimulo-3\/#primaryimage"},"thumbnailUrl":"https:\/\/www.imex-revista.com\/wp-content\/uploads\/Rivera_Garza_iMex-1.jpg","keywords":["Cristina Rivera Garza","cuento"],"articleSection":["Culture space","Issues","XIII. Gender and Sexuality"],"inLanguage":"en-US"},{"@type":"WebPage","@id":"https:\/\/www.imex-revista.com\/en\/xiii-estimulo-3\/","url":"https:\/\/www.imex-revista.com\/en\/xiii-estimulo-3\/","name":"XIII. Impression: The Date - Cristina Rivera Garza - iMex Revista","isPartOf":{"@id":"https:\/\/www.imex-revista.com\/#website"},"primaryImageOfPage":{"@id":"https:\/\/www.imex-revista.com\/en\/xiii-estimulo-3\/#primaryimage"},"image":{"@id":"https:\/\/www.imex-revista.com\/en\/xiii-estimulo-3\/#primaryimage"},"thumbnailUrl":"https:\/\/www.imex-revista.com\/wp-content\/uploads\/Rivera_Garza_iMex-1.jpg","datePublished":"2018-02-14T12:03:24+00:00","dateModified":"2021-06-01T11:07:14+00:00","author":{"@id":"https:\/\/www.imex-revista.com\/#\/schema\/person\/b06ca09ee30633a9bca5919aad53cd1f"},"breadcrumb":{"@id":"https:\/\/www.imex-revista.com\/en\/xiii-estimulo-3\/#breadcrumb"},"inLanguage":"en-US","potentialAction":[{"@type":"ReadAction","target":["https:\/\/www.imex-revista.com\/en\/xiii-estimulo-3\/"]}]},{"@type":"ImageObject","inLanguage":"en-US","@id":"https:\/\/www.imex-revista.com\/en\/xiii-estimulo-3\/#primaryimage","url":"https:\/\/www.imex-revista.com\/wp-content\/uploads\/Rivera_Garza_iMex-1.jpg","contentUrl":"https:\/\/www.imex-revista.com\/wp-content\/uploads\/Rivera_Garza_iMex-1.jpg"},{"@type":"BreadcrumbList","@id":"https:\/\/www.imex-revista.com\/en\/xiii-estimulo-3\/#breadcrumb","itemListElement":[{"@type":"ListItem","position":1,"name":"Home","item":"https:\/\/www.imex-revista.com\/en\/imex\/"},{"@type":"ListItem","position":2,"name":"XIII. Impression: The Date &#8211; Cristina Rivera Garza"}]},{"@type":"WebSite","@id":"https:\/\/www.imex-revista.com\/#website","url":"https:\/\/www.imex-revista.com\/","name":"iMex Revista","description":"iMex Revista","potentialAction":[{"@type":"SearchAction","target":{"@type":"EntryPoint","urlTemplate":"https:\/\/www.imex-revista.com\/?s={search_term_string}"},"query-input":{"@type":"PropertyValueSpecification","valueRequired":true,"valueName":"search_term_string"}}],"inLanguage":"en-US"},{"@type":"Person","@id":"https:\/\/www.imex-revista.com\/#\/schema\/person\/b06ca09ee30633a9bca5919aad53cd1f","name":"iMex Revista","url":"https:\/\/www.imex-revista.com\/en\/author\/temelli\/"}]}},"_links":{"self":[{"href":"https:\/\/www.imex-revista.com\/en\/wp-json\/wp\/v2\/posts\/5346","targetHints":{"allow":["GET"]}}],"collection":[{"href":"https:\/\/www.imex-revista.com\/en\/wp-json\/wp\/v2\/posts"}],"about":[{"href":"https:\/\/www.imex-revista.com\/en\/wp-json\/wp\/v2\/types\/post"}],"author":[{"embeddable":true,"href":"https:\/\/www.imex-revista.com\/en\/wp-json\/wp\/v2\/users\/2"}],"replies":[{"embeddable":true,"href":"https:\/\/www.imex-revista.com\/en\/wp-json\/wp\/v2\/comments?post=5346"}],"version-history":[{"count":8,"href":"https:\/\/www.imex-revista.com\/en\/wp-json\/wp\/v2\/posts\/5346\/revisions"}],"predecessor-version":[{"id":5451,"href":"https:\/\/www.imex-revista.com\/en\/wp-json\/wp\/v2\/posts\/5346\/revisions\/5451"}],"wp:attachment":[{"href":"https:\/\/www.imex-revista.com\/en\/wp-json\/wp\/v2\/media?parent=5346"}],"wp:term":[{"taxonomy":"category","embeddable":true,"href":"https:\/\/www.imex-revista.com\/en\/wp-json\/wp\/v2\/categories?post=5346"},{"taxonomy":"post_tag","embeddable":true,"href":"https:\/\/www.imex-revista.com\/en\/wp-json\/wp\/v2\/tags?post=5346"}],"curies":[{"name":"wp","href":"https:\/\/api.w.org\/{rel}","templated":true}]}}