{"id":5308,"date":"2018-02-14T12:38:54","date_gmt":"2018-02-14T11:38:54","guid":{"rendered":"https:\/\/www.imex-revista.com\/?p=5308"},"modified":"2021-06-01T12:07:17","modified_gmt":"2021-06-01T11:07:17","slug":"xiii-discapacidad-construcciones-de-genero","status":"publish","type":"post","link":"https:\/\/www.imex-revista.com\/en\/xiii-discapacidad-construcciones-de-genero\/","title":{"rendered":"XIII. Discapacidad y construcciones de g\u00e9nero &#8211; Etna \u00c1valos"},"content":{"rendered":"[vc_row type=&#8221;full_width_background&#8221; full_screen_row_position=&#8221;middle&#8221; bg_image=&#8221;31&#8243; bg_position=&#8221;left top&#8221; bg_repeat=&#8221;no-repeat&#8221; scene_position=&#8221;center&#8221; text_color=&#8221;dark&#8221; text_align=&#8221;left&#8221; top_padding=&#8221;0&#8243; bottom_padding=&#8221;30&#8243; overlay_strength=&#8221;1&#8243; shape_divider_position=&#8221;bottom&#8221;][vc_column column_padding=&#8221;no-extra-padding&#8221; column_padding_position=&#8221;all&#8221; background_color_opacity=&#8221;1&#8243; background_hover_color_opacity=&#8221;1&#8243; column_shadow=&#8221;none&#8221; column_border_radius=&#8221;none&#8221; width=&#8221;1\/1&#8243; tablet_text_alignment=&#8221;default&#8221; phone_text_alignment=&#8221;default&#8221; column_border_width=&#8221;none&#8221; column_border_style=&#8221;solid&#8221;][vc_column_text]\n<p style=\"text-align: center;\"><a class=\"nectar-button n-sc-button small accent-color has-icon regular-button\" target=\"_blank\" href=\"https:\/\/www.imex-revista.com\/download\/5407\/\" data-color-override=\"false\" data-hover-color-override=\"false\" data-hover-text-color-override=\"#fff\"><span>Download Issue<\/span><i class=\"icon-button-arrow\"><\/i><\/a> <a class=\"nectar-button n-sc-button small accent-color has-icon regular-button\" target=\"_blank\" href=\"https:\/\/www.imex-revista.com\/download\/5423\/\" data-color-override=\"false\" data-hover-color-override=\"false\" data-hover-text-color-override=\"#fff\"><span>Download Article<\/span><i class=\"icon-button-arrow\"><\/i><\/a>\n[\/vc_column_text][vc_row_inner column_margin=&#8221;default&#8221; text_align=&#8221;left&#8221;][vc_column_inner column_padding=&#8221;no-extra-padding&#8221; column_padding_position=&#8221;all&#8221; background_color_opacity=&#8221;1&#8243; background_hover_color_opacity=&#8221;1&#8243; column_shadow=&#8221;none&#8221; column_border_radius=&#8221;none&#8221; width=&#8221;1\/1&#8243; column_border_width=&#8221;none&#8221; column_border_style=&#8221;solid&#8221;][divider line_type=&#8221;No Line&#8221; custom_height=&#8221;30&#8243;][vc_column_text]\n<h3 style=\"text-align: center;\"><strong><span style=\"color: #b0b0b0;\">Discapacidad y construcciones de g\u00e9nero en <em>Despu\u00e9s del invierno<\/em> de Guadalupe Nettel<br \/>\n(pp. 113-126; DOI: 10.23692\/iMex.13.8)<\/span><\/strong><\/h3>\n[\/vc_column_text][divider line_type=&#8221;No Line&#8221; custom_height=&#8221;80&#8243;][vc_column_text]\n<h3><span style=\"color: #ffffff;\"><strong><span style=\"color: #b0b0b0;\">Etna \u00c1valos M.A.<br \/>\n<\/span><\/strong><\/span><\/h3>\n<p style=\"text-align: justify;\"><a href=\"https:\/\/www.imex-revista.com\/wp-content\/uploads\/Etna-Avalos_iMex.jpg\" rel=\"attachment wp-att-1036\"><img loading=\"lazy\" decoding=\"async\" class=\"wp-image-5094 size-full alignleft\" src=\"https:\/\/www.imex-revista.com\/wp-content\/uploads\/Etna-Avalos_iMex.jpg\" width=\"150\" height=\"193\" \/><\/a><span style=\"color: #b0b0b0;\">Etna \u00c1valos es estudiante del doctorado en Literatura Hisp\u00e1nica en la Universidad de Carolina del Norte en Chapel Hill. Cuenta con una maestr\u00eda en Espa\u00f1ol por la Universidad\u00a0 Estatal de Carolina del Norte, as\u00ed como con una maestr\u00eda en Literatura Inglesa por la Universidad Humboldt de Berl\u00edn. Egresada de la licenciatura en Comunicaci\u00f3n por la Universidad Nacional Aut\u00f3noma de M\u00e9xico, tambi\u00e9n cuenta con estudios de posgrado en la Facultad Latinoamericana de Ciencias Sociales en M\u00e9xico y en la Universidad del Claustro de Sor Juana. Su investigaci\u00f3n se enfoca en el estudio de las representaciones de la discapacidad, el g\u00e9nero y las masculinidades en la literatura latinoamericana contempor\u00e1nea.<\/span><\/p>\n[\/vc_column_text][\/vc_column_inner][\/vc_row_inner][divider line_type=&#8221;No Line&#8221; custom_height=&#8221;50&#8243;][tabbed_section style=&#8221;default&#8221; alignment=&#8221;left&#8221; spacing=&#8221;default&#8221; tab_color=&#8221;Accent-Color&#8221;][tab icon_family=&#8221;none&#8221; title=&#8221;Resumen&#8221; id=&#8221;f3d2c81c-2033-4&#8243; tab_id=&#8221;1515073670343-10&#8243;][vc_column_text]\n<p style=\"text-align: justify;\"><span style=\"color: #b0b0b0;\">Las representaciones de la discapacidad en la literatura de Guadalupe Nettel a menudo funcionan como dispositivos para realizar una cr\u00edtica social en contra de los discursos de la normalidad en la sociedad latinoamericana contempor\u00e1nea y en un contexto global. Este an\u00e1lisis busca aproximarse al estudio de la representaci\u00f3n de la discapacidad en la novela <em>Despu\u00e9s del invierno<\/em> (2014) con el objetivo de desentra\u00f1ar los procesos mediante los que se confrontan las nociones restrictivas y opresivas de &#8220;lo femenino&#8221; y &#8220;lo masculino&#8221;. A partir de los postulados te\u00f3ricos que definen a la discapacidad como una construcci\u00f3n social, as\u00ed como de las teor\u00edas de g\u00e9nero y masculinidades, este estudio busca conocer de qu\u00e9 manera la normalizaci\u00f3n y naturalizaci\u00f3n de la otredad devela la plasticidad de la construcci\u00f3n de las identidades de los protagonistas. A partir de lo anterior, el an\u00e1lisis del nexo entre la discapacidad y el g\u00e9nero en la novela atiende a la relaci\u00f3n rec\u00edproca en que la discapacidad afecta la construcci\u00f3n de la identidad de g\u00e9nero, pero tambi\u00e9n trata de identificar si de alg\u00fan modo los paradigmas de &#8220;lo femenino&#8221; y &#8220;lo masculino&#8221; interfieren o influyen en la percepci\u00f3n social de la discapacidad.<\/span><\/p>\n[\/vc_column_text][\/tab][tab icon_family=&#8221;none&#8221; title=&#8221;Abstract&#8221; id=&#8221;1513084525043-810ce-a1d7&#8243; tab_id=&#8221;1515073374137-8&#8243;][vc_column_text]\n<p style=\"text-align: justify;\"><span style=\"color: #b0b0b0;\">In Guadalupe Nettel\u2019s narratives, the representation of disability deconstructs various Latin American paradigms of &#8220;normalcy&#8221;, within a global context. Drawing primarily from her novel, <em>Despu\u00e9s del invierno<\/em> (2014), this study focuses on the processes that confront the restrictive and oppressive notions of &#8220;the feminine&#8221; and &#8220;the masculine&#8221;. Following theoretical postulates that define disability as a social construction, as well as contemporary theories on gender and masculinities, this essay seeks to uncover the ways in which the normalization of otherness reveals the elastic and malleable identity of the protagonists. Consequently, the study also traces the reciprocal connection between gender and disability as portrayed in the novel, as well as the social perception of disability.<\/span><\/p>\n[\/vc_column_text][\/tab][tab icon_family=&#8221;none&#8221; title=&#8221;iMex N\u00b013 Gender and Sexuality&#8221; id=&#8221;1513086651055-1&#8243; tab_id=&#8221;1515073374327-2&#8243;][vc_column_text]\n<p style=\"text-align: justify;\"><a class=\"nectar-button n-sc-button small see-through-2 has-icon\" target=\"_blank\" href=\"https:\/\/www.imex-revista.com\/en\/xiii-editorial\/\" data-color-override=\"#ffffff\" data-hover-color-override=\"false\" data-hover-text-color-override=\"#fff\"><span>Oswaldo Estrada - Editorial<\/span><i class=\"icon-button-arrow\"><\/i><\/a>\n<a class=\"nectar-button n-sc-button small see-through-2 has-icon\" target=\"_blank\" href=\"https:\/\/www.imex-revista.com\/en\/xiii-estimulo-1\/\" data-color-override=\"#ffffff\" data-hover-color-override=\"false\" data-hover-text-color-override=\"#fff\"><span>Ana Clavel - Est\u00edmulo: Dos cuerpos del deseo <\/span><i class=\"icon-button-arrow\"><\/i><\/a>\n<a class=\"nectar-button n-sc-button small see-through-2 has-icon\" target=\"_blank\" href=\"https:\/\/www.imex-revista.com\/en\/xiii-estimulo-2\/\" data-color-override=\"#ffffff\" data-hover-color-override=\"false\" data-hover-text-color-override=\"#fff\"><span>Adriana Gonz\u00e1lez Mateos - Est\u00edmulo: Family Values <\/span><i class=\"icon-button-arrow\"><\/i><\/a>\n<a class=\"nectar-button n-sc-button small see-through-2 has-icon\" target=\"_blank\" href=\"https:\/\/www.imex-revista.com\/en\/xiii-estimulo-3\/\" data-color-override=\"#ffffff\" data-hover-color-override=\"false\" data-hover-text-color-override=\"#fff\"><span>Cristina Rivera Garza - Est\u00edmulo: The Date<\/span><i class=\"icon-button-arrow\"><\/i><\/a>\n<a class=\"nectar-button n-sc-button small see-through-2 has-icon\" target=\"_blank\" href=\"https:\/\/www.imex-revista.com\/en\/xiii-cuerpo-sexualidad-usos-amorosos\/\" data-color-override=\"#ffffff\" data-hover-color-override=\"false\" data-hover-text-color-override=\"#fff\"><span>Ignacio Ruiz P\u00e9rez - Cuerpo, sexualidad y usos amorosos<\/span><i class=\"icon-button-arrow\"><\/i><\/a>\n<a class=\"nectar-button n-sc-button small see-through-2 has-icon\" target=\"_blank\" href=\"https:\/\/www.imex-revista.com\/en\/xiii-todo-lo-perdido-regresa-travestido\/\" data-color-override=\"#ffffff\" data-hover-color-override=\"false\" data-hover-text-color-override=\"#fff\"><span>Tamara R. Williams - Todo lo perdido regresa travestido<\/span><i class=\"icon-button-arrow\"><\/i><\/a>\n<a class=\"nectar-button n-sc-button small see-through-2 has-icon\" target=\"_blank\" href=\"https:\/\/www.imex-revista.com\/en\/xiii-traces-lesbianism\/\" data-color-override=\"#ffffff\" data-hover-color-override=\"false\" data-hover-text-color-override=\"#fff\"><span>Alejandra M\u00e1rquez - Traces of Lesbianism<\/span><i class=\"icon-button-arrow\"><\/i><\/a>\n<a class=\"nectar-button n-sc-button small see-through-2 has-icon\" target=\"_blank\" href=\"https:\/\/www.imex-revista.com\/en\/xiii-generos-sadomasoquismo\/\" data-color-override=\"#ffffff\" data-hover-color-override=\"false\" data-hover-text-color-override=\"#fff\"><span>Christian Gr\u00fcnnagel - G\u00e9nero(s) y sadomasoquismo<\/span><i class=\"icon-button-arrow\"><\/i><\/a>\n<a class=\"nectar-button n-sc-button small see-through-2 has-icon\" target=\"_blank\" href=\"https:\/\/www.imex-revista.com\/en\/xiii-limites-deseo-incesto-familia\/\" data-color-override=\"#ffffff\" data-hover-color-override=\"false\" data-hover-text-color-override=\"#fff\"><span>Anca Koczkas - L\u00edmites del deseo: incesto y familia<\/span><i class=\"icon-button-arrow\"><\/i><\/a>\n<a class=\"nectar-button n-sc-button small see-through-2 has-icon\" target=\"_blank\" href=\"https:\/\/www.imex-revista.com\/en\/xiii-politics-female-identity\/\" data-color-override=\"#ffffff\" data-hover-color-override=\"false\" data-hover-text-color-override=\"#fff\"><span>Adrienne Erazo - The Politics of Female Identity<\/span><i class=\"icon-button-arrow\"><\/i><\/a>\n<a class=\"nectar-button n-sc-button small see-through-2 has-icon\" target=\"_blank\" href=\"https:\/\/www.imex-revista.com\/en\/xiii-discapacidad-construcciones-de-genero\/\" data-color-override=\"#ffffff\" data-hover-color-override=\"false\" data-hover-text-color-override=\"#fff\"><span>Etna \u00c1valos - Discapacidad y construcciones de g\u00e9nero<\/span><i class=\"icon-button-arrow\"><\/i><\/a>\n<a class=\"nectar-button n-sc-button small see-through-2 has-icon\" target=\"_blank\" href=\"https:\/\/www.imex-revista.com\/en\/xiii-nueva-masculinidad\/\" data-color-override=\"#ffffff\" data-hover-color-override=\"false\" data-hover-text-color-override=\"#fff\"><span>Carmen Patricia Tovar - En busca de una nueva masculinidad<\/span><i class=\"icon-button-arrow\"><\/i><\/a>\n<a class=\"nectar-button n-sc-button small see-through-2 has-icon\" target=\"_blank\" href=\"https:\/\/www.imex-revista.com\/en\/xiii-notes-queer-mexican-literature\/\" data-color-override=\"#ffffff\" data-hover-color-override=\"false\" data-hover-text-color-override=\"#fff\"><span>Vinodh Venkatesh - Notes on a Queer (Mexican) Literature<\/span><i class=\"icon-button-arrow\"><\/i><\/a>\n<a class=\"nectar-button n-sc-button small see-through-2 has-icon\" target=\"_blank\" href=\"https:\/\/www.imex-revista.com\/en\/xiii-resenas\/\" data-color-override=\"#ffffff\" data-hover-color-override=\"false\" data-hover-text-color-override=\"#fff\"><span>Rese\u00f1as<\/span><i class=\"icon-button-arrow\"><\/i><\/a>\n[\/vc_column_text][\/tab][\/tabbed_section][\/vc_column][\/vc_row]\n","protected":false},"excerpt":{"rendered":"<p>[vc_row type=&#8221;full_width_background&#8221; full_screen_row_position=&#8221;middle&#8221; bg_image=&#8221;31&#8243; bg_position=&#8221;left top&#8221; bg_repeat=&#8221;no-repeat&#8221; scene_position=&#8221;center&#8221; text_color=&#8221;dark&#8221; text_align=&#8221;left&#8221; top_padding=&#8221;0&#8243; bottom_padding=&#8221;30&#8243; overlay_strength=&#8221;1&#8243; shape_divider_position=&#8221;bottom&#8221;][vc_column column_padding=&#8221;no-extra-padding&#8221; column_padding_position=&#8221;all&#8221; background_color_opacity=&#8221;1&#8243; background_hover_color_opacity=&#8221;1&#8243; column_shadow=&#8221;none&#8221; column_border_radius=&#8221;none&#8221; width=&#8221;1\/1&#8243; tablet_text_alignment=&#8221;default&#8221; phone_text_alignment=&#8221;default&#8221; column_border_width=&#8221;none&#8221; column_border_style=&#8221;solid&#8221;][vc_column_text] [\/vc_column_text][vc_row_inner column_margin=&#8221;default&#8221; text_align=&#8221;left&#8221;][vc_column_inner column_padding=&#8221;no-extra-padding&#8221; column_padding_position=&#8221;all&#8221;&#8230;<\/p>\n","protected":false},"author":2,"featured_media":13211,"comment_status":"closed","ping_status":"closed","sticky":false,"template":"","format":"standard","meta":{"footnotes":""},"categories":[580,1111],"tags":[1398,1063,1061],"class_list":["post-5308","post","type-post","status-publish","format-standard","has-post-thumbnail","category-issues","category-xiii-gender-and-sexuality","tag-cuerpo-en","tag-discapacidad","tag-etna-avalos"],"yoast_head":"<!-- This site is optimized with the Yoast SEO plugin v28.4 - https:\/\/yoast.com\/product\/yoast-seo-wordpress\/ -->\n<title>XIII. Discapacidad y construcciones de g\u00e9nero - Etna \u00c1valos - iMex Revista<\/title>\n<meta name=\"robots\" content=\"index, follow, max-snippet:-1, max-image-preview:large, max-video-preview:-1\" \/>\n<link rel=\"canonical\" href=\"https:\/\/www.imex-revista.com\/en\/xiii-discapacidad-construcciones-de-genero\/\" \/>\n<meta property=\"og:locale\" content=\"en_US\" \/>\n<meta property=\"og:type\" content=\"article\" \/>\n<meta property=\"og:title\" content=\"XIII. Discapacidad y construcciones de g\u00e9nero - Etna \u00c1valos - iMex Revista\" \/>\n<meta property=\"og:description\" content=\"[vc_row type=&#8221;full_width_background&#8221; full_screen_row_position=&#8221;middle&#8221; bg_image=&#8221;31&#8243; bg_position=&#8221;left top&#8221; bg_repeat=&#8221;no-repeat&#8221; scene_position=&#8221;center&#8221; text_color=&#8221;dark&#8221; text_align=&#8221;left&#8221; top_padding=&#8221;0&#8243; bottom_padding=&#8221;30&#8243; overlay_strength=&#8221;1&#8243; shape_divider_position=&#8221;bottom&#8221;][vc_column column_padding=&#8221;no-extra-padding&#8221; column_padding_position=&#8221;all&#8221; background_color_opacity=&#8221;1&#8243; background_hover_color_opacity=&#8221;1&#8243; column_shadow=&#8221;none&#8221; column_border_radius=&#8221;none&#8221; width=&#8221;1\/1&#8243; tablet_text_alignment=&#8221;default&#8221; phone_text_alignment=&#8221;default&#8221; column_border_width=&#8221;none&#8221; column_border_style=&#8221;solid&#8221;][vc_column_text] [\/vc_column_text][vc_row_inner column_margin=&#8221;default&#8221; text_align=&#8221;left&#8221;][vc_column_inner column_padding=&#8221;no-extra-padding&#8221; column_padding_position=&#8221;all&#8221;...\" \/>\n<meta property=\"og:url\" content=\"https:\/\/www.imex-revista.com\/en\/xiii-discapacidad-construcciones-de-genero\/\" \/>\n<meta property=\"og:site_name\" content=\"iMex Revista\" \/>\n<meta property=\"article:published_time\" content=\"2018-02-14T11:38:54+00:00\" \/>\n<meta property=\"article:modified_time\" content=\"2021-06-01T11:07:17+00:00\" \/>\n<meta property=\"og:image\" content=\"https:\/\/www.imex-revista.com\/wp-content\/uploads\/edicion-13.webp\" \/>\n\t<meta property=\"og:image:width\" content=\"515\" \/>\n\t<meta property=\"og:image:height\" content=\"515\" \/>\n\t<meta property=\"og:image:type\" content=\"image\/webp\" \/>\n<meta name=\"author\" content=\"iMex Revista\" \/>\n<meta name=\"twitter:card\" content=\"summary_large_image\" \/>\n<meta name=\"twitter:label1\" content=\"Written by\" \/>\n\t<meta name=\"twitter:data1\" content=\"iMex Revista\" \/>\n\t<meta name=\"twitter:label2\" content=\"Est. reading time\" \/>\n\t<meta name=\"twitter:data2\" content=\"6 minutes\" \/>\n<script type=\"application\/ld+json\" class=\"yoast-schema-graph\">{\"@context\":\"https:\\\/\\\/schema.org\",\"@graph\":[{\"@type\":\"Article\",\"@id\":\"https:\\\/\\\/www.imex-revista.com\\\/en\\\/xiii-discapacidad-construcciones-de-genero\\\/#article\",\"isPartOf\":{\"@id\":\"https:\\\/\\\/www.imex-revista.com\\\/en\\\/xiii-discapacidad-construcciones-de-genero\\\/\"},\"author\":{\"name\":\"iMex Revista\",\"@id\":\"https:\\\/\\\/www.imex-revista.com\\\/#\\\/schema\\\/person\\\/b06ca09ee30633a9bca5919aad53cd1f\"},\"headline\":\"XIII. Discapacidad y construcciones de g\u00e9nero &#8211; Etna \u00c1valos\",\"datePublished\":\"2018-02-14T11:38:54+00:00\",\"dateModified\":\"2021-06-01T11:07:17+00:00\",\"mainEntityOfPage\":{\"@id\":\"https:\\\/\\\/www.imex-revista.com\\\/en\\\/xiii-discapacidad-construcciones-de-genero\\\/\"},\"wordCount\":1272,\"image\":{\"@id\":\"https:\\\/\\\/www.imex-revista.com\\\/en\\\/xiii-discapacidad-construcciones-de-genero\\\/#primaryimage\"},\"thumbnailUrl\":\"https:\\\/\\\/www.imex-revista.com\\\/wp-content\\\/uploads\\\/edicion-13.webp\",\"keywords\":[\"cuerpo\",\"discapacidad\",\"Etna \u00c1valos\"],\"articleSection\":[\"Issues\",\"XIII. Gender and Sexuality\"],\"inLanguage\":\"en-US\"},{\"@type\":\"WebPage\",\"@id\":\"https:\\\/\\\/www.imex-revista.com\\\/en\\\/xiii-discapacidad-construcciones-de-genero\\\/\",\"url\":\"https:\\\/\\\/www.imex-revista.com\\\/en\\\/xiii-discapacidad-construcciones-de-genero\\\/\",\"name\":\"XIII. Discapacidad y construcciones de g\u00e9nero - Etna \u00c1valos - iMex Revista\",\"isPartOf\":{\"@id\":\"https:\\\/\\\/www.imex-revista.com\\\/#website\"},\"primaryImageOfPage\":{\"@id\":\"https:\\\/\\\/www.imex-revista.com\\\/en\\\/xiii-discapacidad-construcciones-de-genero\\\/#primaryimage\"},\"image\":{\"@id\":\"https:\\\/\\\/www.imex-revista.com\\\/en\\\/xiii-discapacidad-construcciones-de-genero\\\/#primaryimage\"},\"thumbnailUrl\":\"https:\\\/\\\/www.imex-revista.com\\\/wp-content\\\/uploads\\\/edicion-13.webp\",\"datePublished\":\"2018-02-14T11:38:54+00:00\",\"dateModified\":\"2021-06-01T11:07:17+00:00\",\"author\":{\"@id\":\"https:\\\/\\\/www.imex-revista.com\\\/#\\\/schema\\\/person\\\/b06ca09ee30633a9bca5919aad53cd1f\"},\"breadcrumb\":{\"@id\":\"https:\\\/\\\/www.imex-revista.com\\\/en\\\/xiii-discapacidad-construcciones-de-genero\\\/#breadcrumb\"},\"inLanguage\":\"en-US\",\"potentialAction\":[{\"@type\":\"ReadAction\",\"target\":[\"https:\\\/\\\/www.imex-revista.com\\\/en\\\/xiii-discapacidad-construcciones-de-genero\\\/\"]}]},{\"@type\":\"ImageObject\",\"inLanguage\":\"en-US\",\"@id\":\"https:\\\/\\\/www.imex-revista.com\\\/en\\\/xiii-discapacidad-construcciones-de-genero\\\/#primaryimage\",\"url\":\"https:\\\/\\\/www.imex-revista.com\\\/wp-content\\\/uploads\\\/edicion-13.webp\",\"contentUrl\":\"https:\\\/\\\/www.imex-revista.com\\\/wp-content\\\/uploads\\\/edicion-13.webp\",\"width\":515,\"height\":515},{\"@type\":\"BreadcrumbList\",\"@id\":\"https:\\\/\\\/www.imex-revista.com\\\/en\\\/xiii-discapacidad-construcciones-de-genero\\\/#breadcrumb\",\"itemListElement\":[{\"@type\":\"ListItem\",\"position\":1,\"name\":\"Home\",\"item\":\"https:\\\/\\\/www.imex-revista.com\\\/en\\\/imex\\\/\"},{\"@type\":\"ListItem\",\"position\":2,\"name\":\"XIII. Discapacidad y construcciones de g\u00e9nero &#8211; Etna \u00c1valos\"}]},{\"@type\":\"WebSite\",\"@id\":\"https:\\\/\\\/www.imex-revista.com\\\/#website\",\"url\":\"https:\\\/\\\/www.imex-revista.com\\\/\",\"name\":\"iMex Revista\",\"description\":\"iMex Revista\",\"potentialAction\":[{\"@type\":\"SearchAction\",\"target\":{\"@type\":\"EntryPoint\",\"urlTemplate\":\"https:\\\/\\\/www.imex-revista.com\\\/?s={search_term_string}\"},\"query-input\":{\"@type\":\"PropertyValueSpecification\",\"valueRequired\":true,\"valueName\":\"search_term_string\"}}],\"inLanguage\":\"en-US\"},{\"@type\":\"Person\",\"@id\":\"https:\\\/\\\/www.imex-revista.com\\\/#\\\/schema\\\/person\\\/b06ca09ee30633a9bca5919aad53cd1f\",\"name\":\"iMex Revista\",\"url\":\"https:\\\/\\\/www.imex-revista.com\\\/en\\\/author\\\/temelli\\\/\"}]}<\/script>\n<!-- \/ Yoast SEO plugin. -->","yoast_head_json":{"title":"XIII. Discapacidad y construcciones de g\u00e9nero - Etna \u00c1valos - iMex Revista","robots":{"index":"index","follow":"follow","max-snippet":"max-snippet:-1","max-image-preview":"max-image-preview:large","max-video-preview":"max-video-preview:-1"},"canonical":"https:\/\/www.imex-revista.com\/en\/xiii-discapacidad-construcciones-de-genero\/","og_locale":"en_US","og_type":"article","og_title":"XIII. Discapacidad y construcciones de g\u00e9nero - Etna \u00c1valos - iMex Revista","og_description":"[vc_row type=&#8221;full_width_background&#8221; full_screen_row_position=&#8221;middle&#8221; bg_image=&#8221;31&#8243; bg_position=&#8221;left top&#8221; bg_repeat=&#8221;no-repeat&#8221; scene_position=&#8221;center&#8221; text_color=&#8221;dark&#8221; text_align=&#8221;left&#8221; top_padding=&#8221;0&#8243; bottom_padding=&#8221;30&#8243; overlay_strength=&#8221;1&#8243; shape_divider_position=&#8221;bottom&#8221;][vc_column column_padding=&#8221;no-extra-padding&#8221; column_padding_position=&#8221;all&#8221; background_color_opacity=&#8221;1&#8243; background_hover_color_opacity=&#8221;1&#8243; column_shadow=&#8221;none&#8221; column_border_radius=&#8221;none&#8221; width=&#8221;1\/1&#8243; tablet_text_alignment=&#8221;default&#8221; phone_text_alignment=&#8221;default&#8221; column_border_width=&#8221;none&#8221; column_border_style=&#8221;solid&#8221;][vc_column_text] [\/vc_column_text][vc_row_inner column_margin=&#8221;default&#8221; text_align=&#8221;left&#8221;][vc_column_inner column_padding=&#8221;no-extra-padding&#8221; column_padding_position=&#8221;all&#8221;...","og_url":"https:\/\/www.imex-revista.com\/en\/xiii-discapacidad-construcciones-de-genero\/","og_site_name":"iMex Revista","article_published_time":"2018-02-14T11:38:54+00:00","article_modified_time":"2021-06-01T11:07:17+00:00","og_image":[{"width":515,"height":515,"url":"https:\/\/www.imex-revista.com\/wp-content\/uploads\/edicion-13.webp","type":"image\/webp"}],"author":"iMex Revista","twitter_card":"summary_large_image","twitter_misc":{"Written by":"iMex Revista","Est. reading time":"6 minutes"},"schema":{"@context":"https:\/\/schema.org","@graph":[{"@type":"Article","@id":"https:\/\/www.imex-revista.com\/en\/xiii-discapacidad-construcciones-de-genero\/#article","isPartOf":{"@id":"https:\/\/www.imex-revista.com\/en\/xiii-discapacidad-construcciones-de-genero\/"},"author":{"name":"iMex Revista","@id":"https:\/\/www.imex-revista.com\/#\/schema\/person\/b06ca09ee30633a9bca5919aad53cd1f"},"headline":"XIII. Discapacidad y construcciones de g\u00e9nero &#8211; Etna \u00c1valos","datePublished":"2018-02-14T11:38:54+00:00","dateModified":"2021-06-01T11:07:17+00:00","mainEntityOfPage":{"@id":"https:\/\/www.imex-revista.com\/en\/xiii-discapacidad-construcciones-de-genero\/"},"wordCount":1272,"image":{"@id":"https:\/\/www.imex-revista.com\/en\/xiii-discapacidad-construcciones-de-genero\/#primaryimage"},"thumbnailUrl":"https:\/\/www.imex-revista.com\/wp-content\/uploads\/edicion-13.webp","keywords":["cuerpo","discapacidad","Etna \u00c1valos"],"articleSection":["Issues","XIII. Gender and Sexuality"],"inLanguage":"en-US"},{"@type":"WebPage","@id":"https:\/\/www.imex-revista.com\/en\/xiii-discapacidad-construcciones-de-genero\/","url":"https:\/\/www.imex-revista.com\/en\/xiii-discapacidad-construcciones-de-genero\/","name":"XIII. Discapacidad y construcciones de g\u00e9nero - Etna \u00c1valos - iMex Revista","isPartOf":{"@id":"https:\/\/www.imex-revista.com\/#website"},"primaryImageOfPage":{"@id":"https:\/\/www.imex-revista.com\/en\/xiii-discapacidad-construcciones-de-genero\/#primaryimage"},"image":{"@id":"https:\/\/www.imex-revista.com\/en\/xiii-discapacidad-construcciones-de-genero\/#primaryimage"},"thumbnailUrl":"https:\/\/www.imex-revista.com\/wp-content\/uploads\/edicion-13.webp","datePublished":"2018-02-14T11:38:54+00:00","dateModified":"2021-06-01T11:07:17+00:00","author":{"@id":"https:\/\/www.imex-revista.com\/#\/schema\/person\/b06ca09ee30633a9bca5919aad53cd1f"},"breadcrumb":{"@id":"https:\/\/www.imex-revista.com\/en\/xiii-discapacidad-construcciones-de-genero\/#breadcrumb"},"inLanguage":"en-US","potentialAction":[{"@type":"ReadAction","target":["https:\/\/www.imex-revista.com\/en\/xiii-discapacidad-construcciones-de-genero\/"]}]},{"@type":"ImageObject","inLanguage":"en-US","@id":"https:\/\/www.imex-revista.com\/en\/xiii-discapacidad-construcciones-de-genero\/#primaryimage","url":"https:\/\/www.imex-revista.com\/wp-content\/uploads\/edicion-13.webp","contentUrl":"https:\/\/www.imex-revista.com\/wp-content\/uploads\/edicion-13.webp","width":515,"height":515},{"@type":"BreadcrumbList","@id":"https:\/\/www.imex-revista.com\/en\/xiii-discapacidad-construcciones-de-genero\/#breadcrumb","itemListElement":[{"@type":"ListItem","position":1,"name":"Home","item":"https:\/\/www.imex-revista.com\/en\/imex\/"},{"@type":"ListItem","position":2,"name":"XIII. Discapacidad y construcciones de g\u00e9nero &#8211; Etna \u00c1valos"}]},{"@type":"WebSite","@id":"https:\/\/www.imex-revista.com\/#website","url":"https:\/\/www.imex-revista.com\/","name":"iMex Revista","description":"iMex Revista","potentialAction":[{"@type":"SearchAction","target":{"@type":"EntryPoint","urlTemplate":"https:\/\/www.imex-revista.com\/?s={search_term_string}"},"query-input":{"@type":"PropertyValueSpecification","valueRequired":true,"valueName":"search_term_string"}}],"inLanguage":"en-US"},{"@type":"Person","@id":"https:\/\/www.imex-revista.com\/#\/schema\/person\/b06ca09ee30633a9bca5919aad53cd1f","name":"iMex Revista","url":"https:\/\/www.imex-revista.com\/en\/author\/temelli\/"}]}},"_links":{"self":[{"href":"https:\/\/www.imex-revista.com\/en\/wp-json\/wp\/v2\/posts\/5308","targetHints":{"allow":["GET"]}}],"collection":[{"href":"https:\/\/www.imex-revista.com\/en\/wp-json\/wp\/v2\/posts"}],"about":[{"href":"https:\/\/www.imex-revista.com\/en\/wp-json\/wp\/v2\/types\/post"}],"author":[{"embeddable":true,"href":"https:\/\/www.imex-revista.com\/en\/wp-json\/wp\/v2\/users\/2"}],"replies":[{"embeddable":true,"href":"https:\/\/www.imex-revista.com\/en\/wp-json\/wp\/v2\/comments?post=5308"}],"version-history":[{"count":3,"href":"https:\/\/www.imex-revista.com\/en\/wp-json\/wp\/v2\/posts\/5308\/revisions"}],"predecessor-version":[{"id":5436,"href":"https:\/\/www.imex-revista.com\/en\/wp-json\/wp\/v2\/posts\/5308\/revisions\/5436"}],"wp:featuredmedia":[{"embeddable":true,"href":"https:\/\/www.imex-revista.com\/en\/wp-json\/wp\/v2\/media\/13211"}],"wp:attachment":[{"href":"https:\/\/www.imex-revista.com\/en\/wp-json\/wp\/v2\/media?parent=5308"}],"wp:term":[{"taxonomy":"category","embeddable":true,"href":"https:\/\/www.imex-revista.com\/en\/wp-json\/wp\/v2\/categories?post=5308"},{"taxonomy":"post_tag","embeddable":true,"href":"https:\/\/www.imex-revista.com\/en\/wp-json\/wp\/v2\/tags?post=5308"}],"curies":[{"name":"wp","href":"https:\/\/api.w.org\/{rel}","templated":true}]}}