{"id":4657,"date":"2017-02-01T11:55:45","date_gmt":"2017-02-01T10:55:45","guid":{"rendered":"http:\/\/p440994.mittwaldserver.info\/en\/xi-resenas\/"},"modified":"2021-06-01T12:09:11","modified_gmt":"2021-06-01T11:09:11","slug":"xi-resenas","status":"publish","type":"post","link":"https:\/\/www.imex-revista.com\/en\/xi-resenas\/","title":{"rendered":"XI. Rese\u00f1as"},"content":{"rendered":"[vc_row type=&#8221;full_width_background&#8221; bg_image=&#8221;31&#8243; bg_position=&#8221;left top&#8221; bg_repeat=&#8221;no-repeat&#8221; scene_position=&#8221;center&#8221; text_color=&#8221;dark&#8221; text_align=&#8221;left&#8221; top_padding=&#8221;0&#8243; bottom_padding=&#8221;30&#8243; overlay_strength=&#8221;1&#8243;][vc_column column_padding=&#8221;no-extra-padding&#8221; column_padding_position=&#8221;all&#8221; background_color_opacity=&#8221;1&#8243; background_hover_color_opacity=&#8221;1&#8243; width=&#8221;1\/1&#8243;][vc_column_text]\n<p style=\"text-align: center;\"><a class=\"nectar-button n-sc-button small accent-color has-icon regular-button\" target=\"_blank\" href=\"https:\/\/www.imex-revista.com\/wp-content\/uploads\/iMex_11_Naci%C3%B3n_y_Nacionalismo.pdf\" data-color-override=\"false\" data-hover-color-override=\"false\" data-hover-text-color-override=\"#fff\"><span>Download Edici\u00f3n<\/span><i class=\"icon-button-arrow\"><\/i><\/a> <a class=\"nectar-button n-sc-button small accent-color has-icon regular-button\" target=\"_blank\" href=\"https:\/\/www.imex-revista.com\/wp-content\/uploads\/9.Rese\u00f1as_iMex11.pdf\" data-color-override=\"false\" data-hover-color-override=\"false\" data-hover-text-color-override=\"#fff\"><span>Download Art\u00edculo<\/span><i class=\"icon-button-arrow\"><\/i><\/a>\n[\/vc_column_text][vc_row_inner][vc_column_inner column_padding=&#8221;no-extra-padding&#8221; column_padding_position=&#8221;all&#8221; background_color_opacity=&#8221;1&#8243; width=&#8221;1\/1&#8243;][divider line_type=&#8221;No Line&#8221; custom_height=&#8221;30&#8243;][vc_column_text]\n<h3 style=\"text-align: center;\"><strong><span style=\"color: #b0b0b0;\">Reviews (pp. 129-143)<\/span><span style=\"color: #b0b0b0;\"><br \/>\n<\/span><\/strong><\/h3>\n[\/vc_column_text][divider line_type=&#8221;No Line&#8221; custom_height=&#8221;80&#8243;][vc_column_text]\n<h3 style=\"text-align: justify;\"><span style=\"color: #b0b0b0;\"><strong><a href=\"https:\/\/www.imex-revista.com\/wp-content\/uploads\/Resena1.jpg\" rel=\"attachment wp-att-3317\"><img loading=\"lazy\" decoding=\"async\" class=\"wp-image-4413 size-full alignleft\" src=\"https:\/\/www.imex-revista.com\/wp-content\/uploads\/Resena1.jpg\" width=\"150\" height=\"220\" \/><\/a>Prof. Dr. Jacobo Sefam\u00ed<br \/>\n<\/strong><\/span><\/h3>\n<p style=\"text-align: justify;\"><span style=\"color: #b0b0b0;\"><span lang=\"ES-PR\">Jos\u00e9 Ram\u00f3n Ruis\u00e1nchez <\/span>(2015): <i>Pozos.<\/i> M\u00e9xico: UNAM \/ Era, 145 p\u00e1ginas.<\/span><\/p>\n<p style=\"text-align: justify;\">[divider line_type=&#8221;No Line&#8221; custom_height=&#8221;150&#8243;]\n[\/vc_column_text][divider line_type=&#8221;No Line&#8221; custom_height=&#8221;80&#8243;][vc_column_text]\n<h3><span style=\"color: #b0b0b0;\"><strong><a href=\"https:\/\/www.imex-revista.com\/wp-content\/uploads\/Resena2.png\" rel=\"attachment wp-att-2515\"><img loading=\"lazy\" decoding=\"async\" class=\"wp-image-4414 size-full alignleft\" src=\"https:\/\/www.imex-revista.com\/wp-content\/uploads\/Resena2.png\" width=\"150\" height=\"220\" \/><\/a>Meryem I\u00e7in M.A.<br \/>\n<\/strong><\/span><\/h3>\n<p style=\"text-align: justify;\"><span style=\"color: #b0b0b0;\">Alfonso de Toro \/ Ren\u00e9 Ceballos (eds.) (2014): <em>Frida Kahlo &#8216;revisitada&#8217;. Estrategias transmediales \u2013 transculturales \u2013 transpicturales<\/em>. Hildesheim \/ Z\u00farich \/ Nueva York: Georg Olms, 193 p\u00e1ginas.<\/span><\/p>\n<p style=\"text-align: justify;\"><span style=\"color: #b0b0b0;\">[divider line_type=&#8221;No Line&#8221; custom_height=&#8221;150&#8243;]<\/span><\/p>\n[\/vc_column_text][divider line_type=&#8221;No Line&#8221; custom_height=&#8221;80&#8243;][vc_column_text]\n<h3><span style=\"color: #b0b0b0;\"><strong><a href=\"https:\/\/www.imex-revista.com\/wp-content\/uploads\/Resena3.jpg\" rel=\"attachment wp-att-2515\"><img loading=\"lazy\" decoding=\"async\" class=\"wp-image-4415 size-full alignleft\" src=\"https:\/\/www.imex-revista.com\/wp-content\/uploads\/Resena3.jpg\" width=\"150\" height=\"220\" \/><\/a>Dr. des. Dirk Brunke<br \/>\n<\/strong><\/span><\/h3>\n<p style=\"text-align: justify;\"><span style=\"color: #b0b0b0;\">Rike Bolte \/ Susanne Klengel (eds.) (2013): <em>Sondierungen. Lateinamerikanische Literaturen im 21. Jahrhundert. <\/em>Frankfurt a.M. \/ Madrid: Vervuert \/ Iberoamericana, 280 p\u00e1ginas.<\/span><\/p>\n<p style=\"text-align: justify;\"><span style=\"color: #b0b0b0;\">[divider line_type=&#8221;No Line&#8221; custom_height=&#8221;150&#8243;]<\/span><\/p>\n[\/vc_column_text][divider line_type=&#8221;No Line&#8221; custom_height=&#8221;80&#8243;][vc_column_text]\n<h3><span style=\"color: #b0b0b0;\"><strong><a href=\"https:\/\/www.imex-revista.com\/wp-content\/uploads\/Resena4.jpg\" rel=\"attachment wp-att-2515\"><img loading=\"lazy\" decoding=\"async\" class=\"wp-image-4416 size-full alignleft\" src=\"https:\/\/www.imex-revista.com\/wp-content\/uploads\/Resena4.jpg\" width=\"150\" height=\"220\" \/><\/a>Dr. Martina Meidl<br \/>\n<\/strong><\/span><\/h3>\n<p style=\"text-align: justify;\"><span style=\"color: #b0b0b0;\">Javier Ordiz (ed.) (2014):<em> Estrategias y figuraciones de lo ins\u00f3lito en la narrativa mexicana (siglos XIX-XXI)<\/em>. Berna: Peter Lang, 231 p\u00e1ginas.<\/span><\/p>\n<p style=\"text-align: justify;\"><span style=\"color: #b0b0b0;\">[divider line_type=&#8221;No Line&#8221; custom_height=&#8221;150&#8243;]<\/span><\/p>\n[\/vc_column_text][divider line_type=&#8221;No Line&#8221; custom_height=&#8221;80&#8243;][vc_column_text]\n<h3><span style=\"color: #b0b0b0;\"><strong><a href=\"https:\/\/www.imex-revista.com\/wp-content\/uploads\/Resena5.jpg\" rel=\"attachment wp-att-2515\"><img loading=\"lazy\" decoding=\"async\" class=\"wp-image-4417 size-full alignleft\" src=\"https:\/\/www.imex-revista.com\/wp-content\/uploads\/Resena5.jpg\" width=\"150\" height=\"220\" \/><\/a>Dipl.-Uebers. Bianca Ebert<br \/>\n<\/strong><\/span><\/h3>\n<p style=\"text-align: justify;\"><span style=\"color: #b0b0b0;\">Carlo Klauth (2012): <em>Geschichtskonstruktion bei der Eroberung Mexikos. <\/em><em>Am Beispiel der Chronisten Bernal D\u00edaz del Castillo, Bartolom\u00e9 de las Casas und Gonzalo Fern\u00e1ndez de Oviedo. <\/em>Hildesheim \/ New York \/ Z\u00fcrich: Georg Olms Verlag, 233 p\u00e1ginas.<\/span><\/p>\n<p style=\"text-align: justify;\"><span style=\"color: #b0b0b0;\">[divider line_type=&#8221;No Line&#8221; custom_height=&#8221;150&#8243;]<\/span><\/p>\n[\/vc_column_text][tabbed_section style=&#8221;default&#8221; alignment=&#8221;left&#8221;][tab title=&#8221;iMex N\u00b011 Naci\u00f3n y Nacionalismo&#8221; id=&#8221;&#8221; tab_id=&#8221;1486475979400-0&#8243;][vc_column_text]\n<p style=\"text-align: justify;\"><a class=\"nectar-button n-sc-button small see-through-2 has-icon\" target=\"_blank\" href=\"https:\/\/www.imex-revista.com\/xi-editorial\/\" data-color-override=\"#ffffff\" data-hover-color-override=\"false\" data-hover-text-color-override=\"#fff\"><span>Gustavo Leyva \/ Yasmin Temelli - Editorial<\/span><i class=\"icon-button-arrow\"><\/i><\/a>\n<a class=\"nectar-button n-sc-button small see-through-2 has-icon\" target=\"_blank\" href=\"https:\/\/www.imex-revista.com\/xi-cultural-nationalism\/\" data-color-override=\"#ffffff\" data-hover-color-override=\"false\" data-hover-text-color-override=\"#fff\"><span>Claudio Lomnitz - Cultural Nationalism<\/span><i class=\"icon-button-arrow\"><\/i><\/a>\n<a class=\"nectar-button n-sc-button small see-through-2 has-icon\" target=\"_blank\" href=\"https:\/\/www.imex-revista.com\/xi-reglas-de-la-globalizacion\/\" data-color-override=\"#ffffff\" data-hover-color-override=\"false\" data-hover-text-color-override=\"#fff\"><span>Javier Esteinou Madrid - Reglas de la globalizaci\u00f3n<\/span><i class=\"icon-button-arrow\"><\/i><\/a>\n<a class=\"nectar-button n-sc-button small see-through-2 has-icon\" target=\"_blank\" href=\"https:\/\/www.imex-revista.com\/xi-el-proyecto-mundo-maya\/\" data-color-override=\"#ffffff\" data-hover-color-override=\"false\" data-hover-text-color-override=\"#fff\"><span>Hans Bouchard - El proyecto Mundo Maya<\/span><i class=\"icon-button-arrow\"><\/i><\/a>\n<a class=\"nectar-button n-sc-button small see-through-2 has-icon\" target=\"_blank\" href=\"https:\/\/www.imex-revista.com\/xi-imagenes-poeticas\/\" data-color-override=\"#ffffff\" data-hover-color-override=\"false\" data-hover-text-color-override=\"#fff\"><span>Guillermo Ferrer - Im\u00e1genes po\u00e9ticas<\/span><i class=\"icon-button-arrow\"><\/i><\/a>\n<a class=\"nectar-button n-sc-button small see-through-2 has-icon\" target=\"_blank\" href=\"https:\/\/www.imex-revista.com\/xi-escribir-la-nacion\/\" data-color-override=\"#ffffff\" data-hover-color-override=\"false\" data-hover-text-color-override=\"#fff\"><span>Anne Kraume - Escribir la naci\u00f3n<\/span><i class=\"icon-button-arrow\"><\/i><\/a>\n<a class=\"nectar-button n-sc-button small see-through-2 has-icon\" target=\"_blank\" href=\"https:\/\/www.imex-revista.com\/xi-mexico-poesia-y-patria\/\" data-color-override=\"#ffffff\" data-hover-color-override=\"false\" data-hover-text-color-override=\"#fff\"><span>Alejandro Higashi - M\u00e9xico, poesia y patria<\/span><i class=\"icon-button-arrow\"><\/i><\/a>\n<a class=\"nectar-button n-sc-button small see-through-2 has-icon\" target=\"_blank\" href=\"https:\/\/www.imex-revista.com\/xi-masculinidades-del-norte\/\" data-color-override=\"#ffffff\" data-hover-color-override=\"false\" data-hover-text-color-override=\"#fff\"><span>Zaida Godoy Navarro - Masculinidades del norte<\/span><i class=\"icon-button-arrow\"><\/i><\/a>\n<a class=\"nectar-button n-sc-button small see-through-2 has-icon\" target=\"_blank\" href=\"https:\/\/www.imex-revista.com\/xi-italian-theory\/\" data-color-override=\"#ffffff\" data-hover-color-override=\"false\" data-hover-text-color-override=\"#fff\"><span>Dario Gentili - Italian Theory<\/span><i class=\"icon-button-arrow\"><\/i><\/a>\n<a class=\"nectar-button n-sc-button small see-through-2 has-icon\" target=\"_blank\" href=\"https:\/\/www.imex-revista.com\/xi-resenas\/\" data-color-override=\"#ffffff\" data-hover-color-override=\"false\" data-hover-text-color-override=\"#fff\"><span>Rese\u00f1as<\/span><i class=\"icon-button-arrow\"><\/i><\/a>\n[\/vc_column_text][\/tab][\/tabbed_section][\/vc_column][\/vc_row]\n","protected":false},"excerpt":{"rendered":"<p>[vc_row type=&#8221;full_width_background&#8221; bg_image=&#8221;31&#8243; bg_position=&#8221;left top&#8221; bg_repeat=&#8221;no-repeat&#8221; scene_position=&#8221;center&#8221; text_color=&#8221;dark&#8221; text_align=&#8221;left&#8221; top_padding=&#8221;0&#8243; bottom_padding=&#8221;30&#8243; overlay_strength=&#8221;1&#8243;][vc_column column_padding=&#8221;no-extra-padding&#8221; column_padding_position=&#8221;all&#8221; background_color_opacity=&#8221;1&#8243; background_hover_color_opacity=&#8221;1&#8243; width=&#8221;1\/1&#8243;][vc_column_text] [\/vc_column_text][vc_row_inner][vc_column_inner column_padding=&#8221;no-extra-padding&#8221; column_padding_position=&#8221;all&#8221; background_color_opacity=&#8221;1&#8243; width=&#8221;1\/1&#8243;][divider line_type=&#8221;No Line&#8221; custom_height=&#8221;30&#8243;][vc_column_text] Reviews (pp. 129-143) [\/vc_column_text][divider line_type=&#8221;No&#8230;<\/p>\n","protected":false},"author":2,"featured_media":13207,"comment_status":"open","ping_status":"closed","sticky":false,"template":"","format":"standard","meta":{"footnotes":""},"categories":[580,933,945],"tags":[978,878,877],"class_list":["post-4657","post","type-post","status-publish","format-standard","has-post-thumbnail","category-issues","category-xi-nacion-y-nacionalismo-en","category-xi-nation-and-nationalism","tag-11-en","tag-carlo-klauth","tag-javier-ordiz"],"yoast_head":"<!-- This site is optimized with the Yoast SEO plugin v28.4 - https:\/\/yoast.com\/product\/yoast-seo-wordpress\/ -->\n<title>XI. Rese\u00f1as - iMex Revista<\/title>\n<meta name=\"robots\" content=\"index, follow, max-snippet:-1, max-image-preview:large, max-video-preview:-1\" \/>\n<link rel=\"canonical\" href=\"https:\/\/www.imex-revista.com\/en\/xi-resenas\/\" \/>\n<meta property=\"og:locale\" content=\"en_US\" \/>\n<meta property=\"og:type\" content=\"article\" \/>\n<meta property=\"og:title\" content=\"XI. Rese\u00f1as - iMex Revista\" \/>\n<meta property=\"og:description\" content=\"[vc_row type=&#8221;full_width_background&#8221; bg_image=&#8221;31&#8243; bg_position=&#8221;left top&#8221; bg_repeat=&#8221;no-repeat&#8221; scene_position=&#8221;center&#8221; text_color=&#8221;dark&#8221; text_align=&#8221;left&#8221; top_padding=&#8221;0&#8243; bottom_padding=&#8221;30&#8243; overlay_strength=&#8221;1&#8243;][vc_column column_padding=&#8221;no-extra-padding&#8221; column_padding_position=&#8221;all&#8221; background_color_opacity=&#8221;1&#8243; background_hover_color_opacity=&#8221;1&#8243; width=&#8221;1\/1&#8243;][vc_column_text] [\/vc_column_text][vc_row_inner][vc_column_inner column_padding=&#8221;no-extra-padding&#8221; column_padding_position=&#8221;all&#8221; background_color_opacity=&#8221;1&#8243; width=&#8221;1\/1&#8243;][divider line_type=&#8221;No Line&#8221; custom_height=&#8221;30&#8243;][vc_column_text] Reviews (pp. 129-143) [\/vc_column_text][divider line_type=&#8221;No...\" \/>\n<meta property=\"og:url\" content=\"https:\/\/www.imex-revista.com\/en\/xi-resenas\/\" \/>\n<meta property=\"og:site_name\" content=\"iMex Revista\" \/>\n<meta property=\"article:published_time\" content=\"2017-02-01T10:55:45+00:00\" \/>\n<meta property=\"article:modified_time\" content=\"2021-06-01T11:09:11+00:00\" \/>\n<meta property=\"og:image\" content=\"https:\/\/www.imex-revista.com\/wp-content\/uploads\/edicion-11.webp\" \/>\n\t<meta property=\"og:image:width\" content=\"614\" \/>\n\t<meta property=\"og:image:height\" content=\"614\" \/>\n\t<meta property=\"og:image:type\" content=\"image\/webp\" \/>\n<meta name=\"author\" content=\"iMex Revista\" \/>\n<meta name=\"twitter:card\" content=\"summary_large_image\" \/>\n<meta name=\"twitter:label1\" content=\"Written by\" \/>\n\t<meta name=\"twitter:data1\" content=\"iMex Revista\" \/>\n\t<meta name=\"twitter:label2\" content=\"Est. reading time\" \/>\n\t<meta name=\"twitter:data2\" content=\"4 minutes\" \/>\n<script type=\"application\/ld+json\" class=\"yoast-schema-graph\">{\"@context\":\"https:\\\/\\\/schema.org\",\"@graph\":[{\"@type\":\"Article\",\"@id\":\"https:\\\/\\\/www.imex-revista.com\\\/en\\\/xi-resenas\\\/#article\",\"isPartOf\":{\"@id\":\"https:\\\/\\\/www.imex-revista.com\\\/en\\\/xi-resenas\\\/\"},\"author\":{\"name\":\"iMex Revista\",\"@id\":\"https:\\\/\\\/www.imex-revista.com\\\/#\\\/schema\\\/person\\\/b06ca09ee30633a9bca5919aad53cd1f\"},\"headline\":\"XI. Rese\u00f1as\",\"datePublished\":\"2017-02-01T10:55:45+00:00\",\"dateModified\":\"2021-06-01T11:09:11+00:00\",\"mainEntityOfPage\":{\"@id\":\"https:\\\/\\\/www.imex-revista.com\\\/en\\\/xi-resenas\\\/\"},\"wordCount\":742,\"commentCount\":0,\"image\":{\"@id\":\"https:\\\/\\\/www.imex-revista.com\\\/en\\\/xi-resenas\\\/#primaryimage\"},\"thumbnailUrl\":\"https:\\\/\\\/www.imex-revista.com\\\/wp-content\\\/uploads\\\/edicion-11.webp\",\"keywords\":[\"11\",\"Carlo Klauth\",\"Javier Ordiz\"],\"articleSection\":[\"Issues\",\"XI. Naci\u00f3n y Nacionalismo\",\"XI. Nation and Nationalism\"],\"inLanguage\":\"en-US\",\"potentialAction\":[{\"@type\":\"CommentAction\",\"name\":\"Comment\",\"target\":[\"https:\\\/\\\/www.imex-revista.com\\\/en\\\/xi-resenas\\\/#respond\"]}]},{\"@type\":\"WebPage\",\"@id\":\"https:\\\/\\\/www.imex-revista.com\\\/en\\\/xi-resenas\\\/\",\"url\":\"https:\\\/\\\/www.imex-revista.com\\\/en\\\/xi-resenas\\\/\",\"name\":\"XI. Rese\u00f1as - iMex Revista\",\"isPartOf\":{\"@id\":\"https:\\\/\\\/www.imex-revista.com\\\/#website\"},\"primaryImageOfPage\":{\"@id\":\"https:\\\/\\\/www.imex-revista.com\\\/en\\\/xi-resenas\\\/#primaryimage\"},\"image\":{\"@id\":\"https:\\\/\\\/www.imex-revista.com\\\/en\\\/xi-resenas\\\/#primaryimage\"},\"thumbnailUrl\":\"https:\\\/\\\/www.imex-revista.com\\\/wp-content\\\/uploads\\\/edicion-11.webp\",\"datePublished\":\"2017-02-01T10:55:45+00:00\",\"dateModified\":\"2021-06-01T11:09:11+00:00\",\"author\":{\"@id\":\"https:\\\/\\\/www.imex-revista.com\\\/#\\\/schema\\\/person\\\/b06ca09ee30633a9bca5919aad53cd1f\"},\"breadcrumb\":{\"@id\":\"https:\\\/\\\/www.imex-revista.com\\\/en\\\/xi-resenas\\\/#breadcrumb\"},\"inLanguage\":\"en-US\",\"potentialAction\":[{\"@type\":\"ReadAction\",\"target\":[\"https:\\\/\\\/www.imex-revista.com\\\/en\\\/xi-resenas\\\/\"]}]},{\"@type\":\"ImageObject\",\"inLanguage\":\"en-US\",\"@id\":\"https:\\\/\\\/www.imex-revista.com\\\/en\\\/xi-resenas\\\/#primaryimage\",\"url\":\"https:\\\/\\\/www.imex-revista.com\\\/wp-content\\\/uploads\\\/edicion-11.webp\",\"contentUrl\":\"https:\\\/\\\/www.imex-revista.com\\\/wp-content\\\/uploads\\\/edicion-11.webp\",\"width\":614,\"height\":614},{\"@type\":\"BreadcrumbList\",\"@id\":\"https:\\\/\\\/www.imex-revista.com\\\/en\\\/xi-resenas\\\/#breadcrumb\",\"itemListElement\":[{\"@type\":\"ListItem\",\"position\":1,\"name\":\"Home\",\"item\":\"https:\\\/\\\/www.imex-revista.com\\\/en\\\/imex\\\/\"},{\"@type\":\"ListItem\",\"position\":2,\"name\":\"XI. Rese\u00f1as\"}]},{\"@type\":\"WebSite\",\"@id\":\"https:\\\/\\\/www.imex-revista.com\\\/#website\",\"url\":\"https:\\\/\\\/www.imex-revista.com\\\/\",\"name\":\"iMex Revista\",\"description\":\"iMex Revista\",\"potentialAction\":[{\"@type\":\"SearchAction\",\"target\":{\"@type\":\"EntryPoint\",\"urlTemplate\":\"https:\\\/\\\/www.imex-revista.com\\\/?s={search_term_string}\"},\"query-input\":{\"@type\":\"PropertyValueSpecification\",\"valueRequired\":true,\"valueName\":\"search_term_string\"}}],\"inLanguage\":\"en-US\"},{\"@type\":\"Person\",\"@id\":\"https:\\\/\\\/www.imex-revista.com\\\/#\\\/schema\\\/person\\\/b06ca09ee30633a9bca5919aad53cd1f\",\"name\":\"iMex Revista\",\"url\":\"https:\\\/\\\/www.imex-revista.com\\\/en\\\/author\\\/temelli\\\/\"}]}<\/script>\n<!-- \/ Yoast SEO plugin. -->","yoast_head_json":{"title":"XI. Rese\u00f1as - iMex Revista","robots":{"index":"index","follow":"follow","max-snippet":"max-snippet:-1","max-image-preview":"max-image-preview:large","max-video-preview":"max-video-preview:-1"},"canonical":"https:\/\/www.imex-revista.com\/en\/xi-resenas\/","og_locale":"en_US","og_type":"article","og_title":"XI. Rese\u00f1as - iMex Revista","og_description":"[vc_row type=&#8221;full_width_background&#8221; bg_image=&#8221;31&#8243; bg_position=&#8221;left top&#8221; bg_repeat=&#8221;no-repeat&#8221; scene_position=&#8221;center&#8221; text_color=&#8221;dark&#8221; text_align=&#8221;left&#8221; top_padding=&#8221;0&#8243; bottom_padding=&#8221;30&#8243; overlay_strength=&#8221;1&#8243;][vc_column column_padding=&#8221;no-extra-padding&#8221; column_padding_position=&#8221;all&#8221; background_color_opacity=&#8221;1&#8243; background_hover_color_opacity=&#8221;1&#8243; width=&#8221;1\/1&#8243;][vc_column_text] [\/vc_column_text][vc_row_inner][vc_column_inner column_padding=&#8221;no-extra-padding&#8221; column_padding_position=&#8221;all&#8221; background_color_opacity=&#8221;1&#8243; width=&#8221;1\/1&#8243;][divider line_type=&#8221;No Line&#8221; custom_height=&#8221;30&#8243;][vc_column_text] Reviews (pp. 129-143) [\/vc_column_text][divider line_type=&#8221;No...","og_url":"https:\/\/www.imex-revista.com\/en\/xi-resenas\/","og_site_name":"iMex Revista","article_published_time":"2017-02-01T10:55:45+00:00","article_modified_time":"2021-06-01T11:09:11+00:00","og_image":[{"width":614,"height":614,"url":"https:\/\/www.imex-revista.com\/wp-content\/uploads\/edicion-11.webp","type":"image\/webp"}],"author":"iMex Revista","twitter_card":"summary_large_image","twitter_misc":{"Written by":"iMex Revista","Est. reading time":"4 minutes"},"schema":{"@context":"https:\/\/schema.org","@graph":[{"@type":"Article","@id":"https:\/\/www.imex-revista.com\/en\/xi-resenas\/#article","isPartOf":{"@id":"https:\/\/www.imex-revista.com\/en\/xi-resenas\/"},"author":{"name":"iMex Revista","@id":"https:\/\/www.imex-revista.com\/#\/schema\/person\/b06ca09ee30633a9bca5919aad53cd1f"},"headline":"XI. Rese\u00f1as","datePublished":"2017-02-01T10:55:45+00:00","dateModified":"2021-06-01T11:09:11+00:00","mainEntityOfPage":{"@id":"https:\/\/www.imex-revista.com\/en\/xi-resenas\/"},"wordCount":742,"commentCount":0,"image":{"@id":"https:\/\/www.imex-revista.com\/en\/xi-resenas\/#primaryimage"},"thumbnailUrl":"https:\/\/www.imex-revista.com\/wp-content\/uploads\/edicion-11.webp","keywords":["11","Carlo Klauth","Javier Ordiz"],"articleSection":["Issues","XI. Naci\u00f3n y Nacionalismo","XI. Nation and Nationalism"],"inLanguage":"en-US","potentialAction":[{"@type":"CommentAction","name":"Comment","target":["https:\/\/www.imex-revista.com\/en\/xi-resenas\/#respond"]}]},{"@type":"WebPage","@id":"https:\/\/www.imex-revista.com\/en\/xi-resenas\/","url":"https:\/\/www.imex-revista.com\/en\/xi-resenas\/","name":"XI. Rese\u00f1as - iMex Revista","isPartOf":{"@id":"https:\/\/www.imex-revista.com\/#website"},"primaryImageOfPage":{"@id":"https:\/\/www.imex-revista.com\/en\/xi-resenas\/#primaryimage"},"image":{"@id":"https:\/\/www.imex-revista.com\/en\/xi-resenas\/#primaryimage"},"thumbnailUrl":"https:\/\/www.imex-revista.com\/wp-content\/uploads\/edicion-11.webp","datePublished":"2017-02-01T10:55:45+00:00","dateModified":"2021-06-01T11:09:11+00:00","author":{"@id":"https:\/\/www.imex-revista.com\/#\/schema\/person\/b06ca09ee30633a9bca5919aad53cd1f"},"breadcrumb":{"@id":"https:\/\/www.imex-revista.com\/en\/xi-resenas\/#breadcrumb"},"inLanguage":"en-US","potentialAction":[{"@type":"ReadAction","target":["https:\/\/www.imex-revista.com\/en\/xi-resenas\/"]}]},{"@type":"ImageObject","inLanguage":"en-US","@id":"https:\/\/www.imex-revista.com\/en\/xi-resenas\/#primaryimage","url":"https:\/\/www.imex-revista.com\/wp-content\/uploads\/edicion-11.webp","contentUrl":"https:\/\/www.imex-revista.com\/wp-content\/uploads\/edicion-11.webp","width":614,"height":614},{"@type":"BreadcrumbList","@id":"https:\/\/www.imex-revista.com\/en\/xi-resenas\/#breadcrumb","itemListElement":[{"@type":"ListItem","position":1,"name":"Home","item":"https:\/\/www.imex-revista.com\/en\/imex\/"},{"@type":"ListItem","position":2,"name":"XI. Rese\u00f1as"}]},{"@type":"WebSite","@id":"https:\/\/www.imex-revista.com\/#website","url":"https:\/\/www.imex-revista.com\/","name":"iMex Revista","description":"iMex Revista","potentialAction":[{"@type":"SearchAction","target":{"@type":"EntryPoint","urlTemplate":"https:\/\/www.imex-revista.com\/?s={search_term_string}"},"query-input":{"@type":"PropertyValueSpecification","valueRequired":true,"valueName":"search_term_string"}}],"inLanguage":"en-US"},{"@type":"Person","@id":"https:\/\/www.imex-revista.com\/#\/schema\/person\/b06ca09ee30633a9bca5919aad53cd1f","name":"iMex Revista","url":"https:\/\/www.imex-revista.com\/en\/author\/temelli\/"}]}},"_links":{"self":[{"href":"https:\/\/www.imex-revista.com\/en\/wp-json\/wp\/v2\/posts\/4657","targetHints":{"allow":["GET"]}}],"collection":[{"href":"https:\/\/www.imex-revista.com\/en\/wp-json\/wp\/v2\/posts"}],"about":[{"href":"https:\/\/www.imex-revista.com\/en\/wp-json\/wp\/v2\/types\/post"}],"author":[{"embeddable":true,"href":"https:\/\/www.imex-revista.com\/en\/wp-json\/wp\/v2\/users\/2"}],"replies":[{"embeddable":true,"href":"https:\/\/www.imex-revista.com\/en\/wp-json\/wp\/v2\/comments?post=4657"}],"version-history":[{"count":2,"href":"https:\/\/www.imex-revista.com\/en\/wp-json\/wp\/v2\/posts\/4657\/revisions"}],"predecessor-version":[{"id":4943,"href":"https:\/\/www.imex-revista.com\/en\/wp-json\/wp\/v2\/posts\/4657\/revisions\/4943"}],"wp:featuredmedia":[{"embeddable":true,"href":"https:\/\/www.imex-revista.com\/en\/wp-json\/wp\/v2\/media\/13207"}],"wp:attachment":[{"href":"https:\/\/www.imex-revista.com\/en\/wp-json\/wp\/v2\/media?parent=4657"}],"wp:term":[{"taxonomy":"category","embeddable":true,"href":"https:\/\/www.imex-revista.com\/en\/wp-json\/wp\/v2\/categories?post=4657"},{"taxonomy":"post_tag","embeddable":true,"href":"https:\/\/www.imex-revista.com\/en\/wp-json\/wp\/v2\/tags?post=4657"}],"curies":[{"name":"wp","href":"https:\/\/api.w.org\/{rel}","templated":true}]}}