{"id":4653,"date":"2017-02-01T11:58:12","date_gmt":"2017-02-01T10:58:12","guid":{"rendered":"http:\/\/p440994.mittwaldserver.info\/en\/xi-masculinidades-del-norte\/"},"modified":"2021-06-01T12:09:08","modified_gmt":"2021-06-01T11:09:08","slug":"xi-masculinidades-del-norte","status":"publish","type":"post","link":"https:\/\/www.imex-revista.com\/en\/xi-masculinidades-del-norte\/","title":{"rendered":"XI. Masculinidades del norte"},"content":{"rendered":"[vc_row type=&#8221;full_width_background&#8221; bg_image=&#8221;31&#8243; bg_position=&#8221;left top&#8221; bg_repeat=&#8221;no-repeat&#8221; scene_position=&#8221;center&#8221; text_color=&#8221;dark&#8221; text_align=&#8221;left&#8221; top_padding=&#8221;0&#8243; bottom_padding=&#8221;30&#8243; overlay_strength=&#8221;1&#8243;][vc_column column_padding=&#8221;no-extra-padding&#8221; column_padding_position=&#8221;all&#8221; background_color_opacity=&#8221;1&#8243; background_hover_color_opacity=&#8221;1&#8243; width=&#8221;1\/1&#8243;][vc_column_text]\n<p style=\"text-align: center;\"><a class=\"nectar-button n-sc-button small accent-color has-icon regular-button\" target=\"_blank\" href=\"https:\/\/www.imex-revista.com\/wp-content\/uploads\/iMex_11_Naci%C3%B3n_y_Nacionalismo.pdf\" data-color-override=\"false\" data-hover-color-override=\"false\" data-hover-text-color-override=\"#fff\"><span>Download Edici\u00f3n<\/span><i class=\"icon-button-arrow\"><\/i><\/a> <a class=\"nectar-button n-sc-button small accent-color has-icon regular-button\" target=\"_blank\" href=\"https:\/\/www.imex-revista.com\/wp-content\/uploads\/7.Godoy_Masculinidades-del-norte_iMex11.pdf\" data-color-override=\"false\" data-hover-color-override=\"false\" data-hover-text-color-override=\"#fff\"><span>Download Art\u00edculo<\/span><i class=\"icon-button-arrow\"><\/i><\/a>\n[\/vc_column_text][vc_row_inner][vc_column_inner column_padding=&#8221;no-extra-padding&#8221; column_padding_position=&#8221;all&#8221; background_color_opacity=&#8221;1&#8243; width=&#8221;1\/1&#8243;][divider line_type=&#8221;No Line&#8221; custom_height=&#8221;30&#8243;][vc_column_text]\n<h3 style=\"text-align: center;\"><strong><span style=\"color: #b0b0b0;\">Entre el hero\u00edsmo y la amnesia: Masculinidades del norte en Memorama de Mario Cant\u00fa Toscano (pp. 103-122)<\/span><span style=\"color: #b0b0b0;\"><br \/>\n<\/span><\/strong><\/h3>\n[\/vc_column_text][divider line_type=&#8221;No Line&#8221; custom_height=&#8221;80&#8243;][vc_column_text]\n<h3><span style=\"color: #ffffff;\"><strong><span style=\"color: #b0b0b0;\">Dr.\u00a0Zaida Godoy Navarro<br \/>\n<\/span><\/strong><\/span><\/h3>\n<p style=\"text-align: justify;\"><a href=\"https:\/\/www.imex-revista.com\/wp-content\/uploads\/Foto_Godoy_iMex.jpeg\" rel=\"attachment wp-att-1036\"><img loading=\"lazy\" decoding=\"async\" class=\"wp-image-4404 size-full alignleft\" src=\"https:\/\/www.imex-revista.com\/wp-content\/uploads\/Foto_Godoy_iMex.jpeg\" width=\"160\" height=\"180\" \/><\/a><\/p>\n<p style=\"text-align: justify;\"><span style=\"color: #b0b0b0;\">Zaida Godoy Navarro. Doctora del Graduate Center &#8211; City University of New York (CUNY) en literaturas y lenguas hisp\u00e1nicas desde 2015. Actualmente trabaja como profesora del Departamento de Lenguas Modernas en Fort Hays State University (Kansas, EE.UU.). Ha trabajado tambi\u00e9n en Heinrich-Heine-Universit\u00e4t D\u00fcsseldorf (Alemania) Lehman College, Queens College, Hunter College, New York University (Nueva York, EE.UU.), y University of North Carolina-Chapel Hill (Carolina del Norte, EE.UU.). En esta \u00faltima universidad obtuvo su maestr\u00eda en Literatura Comparada en 2006. En Espa\u00f1a se licenci\u00f3 en Filolog\u00eda Inglesa en la Universidad de Sevilla (2003). Su trabajo de investigaci\u00f3n se centra en los estudios de g\u00e9nero y el teatro, m\u00e1s concretamente la representaci\u00f3n de la masculinidad en el teatro mexicano contempor\u00e1neo.<\/span><\/p>\n[\/vc_column_text][\/vc_column_inner][\/vc_row_inner][divider line_type=&#8221;No Line&#8221; custom_height=&#8221;50&#8243;][tabbed_section style=&#8221;default&#8221; alignment=&#8221;left&#8221;][tab title=&#8221;Resumen&#8221; id=&#8221;1485983929202-0439d-ca3e&#8221; tab_id=&#8221;1485993463068-8&#8243;][vc_column_text]\n<p style=\"text-align: justify;\"><span style=\"color: #b0b0b0;\">En este trabajo reflexiono sobre la relaci\u00f3n entre g\u00e9nero y nacionalidad a trav\u00e9s de la obra <em>Memorama <\/em>(2011) del escritor del norte Mario Cant\u00fa Toscano. Dependiendo del momento hist\u00f3rico, se defienden ciertos patrones de masculinidad como los que mejor pudieran servir al bienestar y progreso de la patria. Sostengo que la formulaci\u00f3n de par\u00e1metros hegem\u00f3nicos depende del contraste con un &#8220;otro&#8221; al que, al mismo tiempo, ha de inventarse. Como proceso paralelo, considero c\u00f3mo el norte de M\u00e9xico ha sido recreado como un punto de referencia y diferenciaci\u00f3n para proyectos nacionales. <em>Memorama <\/em>exhibe en escena estos procesos de construcciones de identidad y g\u00e9nero, pero tambi\u00e9n cuestiona la din\u00e1mica por la que se subordina a un &#8220;otro&#8221; mitologizado. Los protagonistas de Cant\u00fa Toscano se postulan como modelos de masculinidad para el pa\u00eds, como h\u00e9roes, pero la amnesia y la desinformaci\u00f3n los descalifica. Tanto el estudio de masculinidades como el de la representaci\u00f3n del norte convocan a la violencia dentro de nuestra deliberaci\u00f3n. La agresi\u00f3n es parte de las acciones y reflexiones de los personajes. Por otro lado, si el humor en la obra de Cant\u00fa Toscano disminuye la gravedad de la situaci\u00f3n que se muestra, tambi\u00e9n lleva a la adopci\u00f3n de la violencia como un elemento constituyente de su discurso.<\/span><\/p>\n[\/vc_column_text][\/tab][tab title=&#8221;Abstract&#8221; id=&#8221;1485983933061-7439d-ca3e&#8221; tab_id=&#8221;1485993463165-0&#8243;][vc_column_text]\n<p style=\"text-align: justify;\"><span style=\"color: #b0b0b0;\">In this essay I reflect upon the relationship between gender and nationality through the northern dramatist Mario Cant\u00fa Toscano and his play <em>Memorama <\/em>(2011). Depending on the historical moment, certain masculinity patterns are supported as best serving the well-being and progress of the country. I sustain that the formulation of hegemonic parameters depends on the contrast with an &#8220;other&#8221; that, at the same time, needs to be invented. As a parallel process, I consider how the north of Mexico has been recreated as a point of reference and differentiation for nationalistic projects. <em>Memorama <\/em>displays on stage these processes of identity and gender constructions, but also questions the dynamics of subordinating a mythologized &#8220;other&#8221;. Cant\u00fa Toscano\u2019s protagonists nominate themselves as models of masculinity for the country, as heroes, but amnesia and lack of information disqualify them. Both the study of masculinities and that of the representation of the north call forth a deliberation on violence. Aggression is part of the characters\u2019 actions and reflections. On the other hand, if the use of humor in Cant\u00fa Toscano\u2019s play lessens the gravity of the violent situation being exposed, it also leads to an adoption of violence as a constituting discursive element.<\/span><\/p>\n[\/vc_column_text][\/tab][tab title=&#8221;iMex N\u00b011 Naci\u00f3n y Nacionalismo&#8221; id=&#8221;1485983922466-7439d-ca3e&#8221; tab_id=&#8221;1485993463272-0&#8243;][vc_column_text]\n<p style=\"text-align: justify;\"><a class=\"nectar-button n-sc-button small see-through-2 has-icon\" target=\"_blank\" href=\"https:\/\/www.imex-revista.com\/xi-editorial\/\" data-color-override=\"#ffffff\" data-hover-color-override=\"false\" data-hover-text-color-override=\"#fff\"><span>Gustavo Leyva \/ Yasmin Temelli - Editorial<\/span><i class=\"icon-button-arrow\"><\/i><\/a>\n<a class=\"nectar-button n-sc-button small see-through-2 has-icon\" target=\"_blank\" href=\"https:\/\/www.imex-revista.com\/xi-cultural-nationalism\/\" data-color-override=\"#ffffff\" data-hover-color-override=\"false\" data-hover-text-color-override=\"#fff\"><span>Claudio Lomnitz - Cultural Nationalism<\/span><i class=\"icon-button-arrow\"><\/i><\/a>\n<a class=\"nectar-button n-sc-button small see-through-2 has-icon\" target=\"_blank\" href=\"https:\/\/www.imex-revista.com\/xi-reglas-de-la-globalizacion\/\" data-color-override=\"#ffffff\" data-hover-color-override=\"false\" data-hover-text-color-override=\"#fff\"><span>Javier Esteinou Madrid - Reglas de la globalizaci\u00f3n<\/span><i class=\"icon-button-arrow\"><\/i><\/a>\n<a class=\"nectar-button n-sc-button small see-through-2 has-icon\" target=\"_blank\" href=\"https:\/\/www.imex-revista.com\/xi-el-proyecto-mundo-maya\/\" data-color-override=\"#ffffff\" data-hover-color-override=\"false\" data-hover-text-color-override=\"#fff\"><span>Hans Bouchard - El proyecto Mundo Maya<\/span><i class=\"icon-button-arrow\"><\/i><\/a>\n<a class=\"nectar-button n-sc-button small see-through-2 has-icon\" target=\"_blank\" href=\"https:\/\/www.imex-revista.com\/xi-imagenes-poeticas\/\" data-color-override=\"#ffffff\" data-hover-color-override=\"false\" data-hover-text-color-override=\"#fff\"><span>Guillermo Ferrer - Im\u00e1genes po\u00e9ticas<\/span><i class=\"icon-button-arrow\"><\/i><\/a>\n<a class=\"nectar-button n-sc-button small see-through-2 has-icon\" target=\"_blank\" href=\"https:\/\/www.imex-revista.com\/xi-escribir-la-nacion\/\" data-color-override=\"#ffffff\" data-hover-color-override=\"false\" data-hover-text-color-override=\"#fff\"><span>Anne Kraume - Escribir la naci\u00f3n<\/span><i class=\"icon-button-arrow\"><\/i><\/a>\n<a class=\"nectar-button n-sc-button small see-through-2 has-icon\" target=\"_blank\" href=\"https:\/\/www.imex-revista.com\/xi-mexico-poesia-y-patria\/\" data-color-override=\"#ffffff\" data-hover-color-override=\"false\" data-hover-text-color-override=\"#fff\"><span>Alejandro Higashi - M\u00e9xico, poesia y patria<\/span><i class=\"icon-button-arrow\"><\/i><\/a>\n<a class=\"nectar-button n-sc-button small see-through-2 has-icon\" target=\"_blank\" href=\"https:\/\/www.imex-revista.com\/xi-masculinidades-del-norte\/\" data-color-override=\"#ffffff\" data-hover-color-override=\"false\" data-hover-text-color-override=\"#fff\"><span>Zaida Godoy Navarro - Masculinidades del norte<\/span><i class=\"icon-button-arrow\"><\/i><\/a>\n<a class=\"nectar-button n-sc-button small see-through-2 has-icon\" target=\"_blank\" href=\"https:\/\/www.imex-revista.com\/xi-italian-theory\/\" data-color-override=\"#ffffff\" data-hover-color-override=\"false\" data-hover-text-color-override=\"#fff\"><span>Dario Gentili - Italian Theory<\/span><i class=\"icon-button-arrow\"><\/i><\/a>\n<a class=\"nectar-button n-sc-button small see-through-2 has-icon\" target=\"_blank\" href=\"https:\/\/www.imex-revista.com\/xi-resenas\/\" data-color-override=\"#ffffff\" data-hover-color-override=\"false\" data-hover-text-color-override=\"#fff\"><span>Rese\u00f1as<\/span><i class=\"icon-button-arrow\"><\/i><\/a>\n[\/vc_column_text][\/tab][\/tabbed_section][\/vc_column][\/vc_row]\n","protected":false},"excerpt":{"rendered":"<p>[vc_row type=&#8221;full_width_background&#8221; bg_image=&#8221;31&#8243; bg_position=&#8221;left top&#8221; bg_repeat=&#8221;no-repeat&#8221; scene_position=&#8221;center&#8221; text_color=&#8221;dark&#8221; text_align=&#8221;left&#8221; top_padding=&#8221;0&#8243; bottom_padding=&#8221;30&#8243; overlay_strength=&#8221;1&#8243;][vc_column column_padding=&#8221;no-extra-padding&#8221; column_padding_position=&#8221;all&#8221; background_color_opacity=&#8221;1&#8243; background_hover_color_opacity=&#8221;1&#8243; width=&#8221;1\/1&#8243;][vc_column_text] [\/vc_column_text][vc_row_inner][vc_column_inner column_padding=&#8221;no-extra-padding&#8221; column_padding_position=&#8221;all&#8221; background_color_opacity=&#8221;1&#8243; width=&#8221;1\/1&#8243;][divider line_type=&#8221;No Line&#8221; custom_height=&#8221;30&#8243;][vc_column_text] Entre el hero\u00edsmo y la&#8230;<\/p>\n","protected":false},"author":2,"featured_media":13207,"comment_status":"open","ping_status":"closed","sticky":false,"template":"","format":"standard","meta":{"footnotes":""},"categories":[580,933,945],"tags":[968,910,908],"class_list":["post-4653","post","type-post","status-publish","format-standard","has-post-thumbnail","category-issues","category-xi-nacion-y-nacionalismo-en","category-xi-nation-and-nationalism","tag-heroismo-en","tag-masculinidad","tag-norte"],"yoast_head":"<!-- This site is optimized with the Yoast SEO plugin v28.4 - https:\/\/yoast.com\/product\/yoast-seo-wordpress\/ -->\n<title>XI. Masculinidades del norte - iMex Revista<\/title>\n<meta name=\"robots\" content=\"index, follow, max-snippet:-1, max-image-preview:large, max-video-preview:-1\" \/>\n<link rel=\"canonical\" href=\"https:\/\/www.imex-revista.com\/en\/xi-masculinidades-del-norte\/\" \/>\n<meta property=\"og:locale\" content=\"en_US\" \/>\n<meta property=\"og:type\" content=\"article\" \/>\n<meta property=\"og:title\" content=\"XI. Masculinidades del norte - iMex Revista\" \/>\n<meta property=\"og:description\" content=\"[vc_row type=&#8221;full_width_background&#8221; bg_image=&#8221;31&#8243; bg_position=&#8221;left top&#8221; bg_repeat=&#8221;no-repeat&#8221; scene_position=&#8221;center&#8221; text_color=&#8221;dark&#8221; text_align=&#8221;left&#8221; top_padding=&#8221;0&#8243; bottom_padding=&#8221;30&#8243; overlay_strength=&#8221;1&#8243;][vc_column column_padding=&#8221;no-extra-padding&#8221; column_padding_position=&#8221;all&#8221; background_color_opacity=&#8221;1&#8243; background_hover_color_opacity=&#8221;1&#8243; width=&#8221;1\/1&#8243;][vc_column_text] [\/vc_column_text][vc_row_inner][vc_column_inner column_padding=&#8221;no-extra-padding&#8221; column_padding_position=&#8221;all&#8221; background_color_opacity=&#8221;1&#8243; width=&#8221;1\/1&#8243;][divider line_type=&#8221;No Line&#8221; custom_height=&#8221;30&#8243;][vc_column_text] Entre el hero\u00edsmo y la...\" \/>\n<meta property=\"og:url\" content=\"https:\/\/www.imex-revista.com\/en\/xi-masculinidades-del-norte\/\" \/>\n<meta property=\"og:site_name\" content=\"iMex Revista\" \/>\n<meta property=\"article:published_time\" content=\"2017-02-01T10:58:12+00:00\" \/>\n<meta property=\"article:modified_time\" content=\"2021-06-01T11:09:08+00:00\" \/>\n<meta property=\"og:image\" content=\"https:\/\/www.imex-revista.com\/wp-content\/uploads\/edicion-11.webp\" \/>\n\t<meta property=\"og:image:width\" content=\"614\" \/>\n\t<meta property=\"og:image:height\" content=\"614\" \/>\n\t<meta property=\"og:image:type\" content=\"image\/webp\" \/>\n<meta name=\"author\" content=\"iMex Revista\" \/>\n<meta name=\"twitter:card\" content=\"summary_large_image\" \/>\n<meta name=\"twitter:label1\" content=\"Written by\" \/>\n\t<meta name=\"twitter:data1\" content=\"iMex Revista\" \/>\n\t<meta name=\"twitter:label2\" content=\"Est. reading time\" \/>\n\t<meta name=\"twitter:data2\" content=\"6 minutes\" \/>\n<script type=\"application\/ld+json\" class=\"yoast-schema-graph\">{\"@context\":\"https:\\\/\\\/schema.org\",\"@graph\":[{\"@type\":\"Article\",\"@id\":\"https:\\\/\\\/www.imex-revista.com\\\/en\\\/xi-masculinidades-del-norte\\\/#article\",\"isPartOf\":{\"@id\":\"https:\\\/\\\/www.imex-revista.com\\\/en\\\/xi-masculinidades-del-norte\\\/\"},\"author\":{\"name\":\"iMex Revista\",\"@id\":\"https:\\\/\\\/www.imex-revista.com\\\/#\\\/schema\\\/person\\\/b06ca09ee30633a9bca5919aad53cd1f\"},\"headline\":\"XI. Masculinidades del norte\",\"datePublished\":\"2017-02-01T10:58:12+00:00\",\"dateModified\":\"2021-06-01T11:09:08+00:00\",\"mainEntityOfPage\":{\"@id\":\"https:\\\/\\\/www.imex-revista.com\\\/en\\\/xi-masculinidades-del-norte\\\/\"},\"wordCount\":1154,\"commentCount\":0,\"image\":{\"@id\":\"https:\\\/\\\/www.imex-revista.com\\\/en\\\/xi-masculinidades-del-norte\\\/#primaryimage\"},\"thumbnailUrl\":\"https:\\\/\\\/www.imex-revista.com\\\/wp-content\\\/uploads\\\/edicion-11.webp\",\"keywords\":[\"hero\u00edsmo\",\"masculinidad\",\"norte\"],\"articleSection\":[\"Issues\",\"XI. Naci\u00f3n y Nacionalismo\",\"XI. Nation and Nationalism\"],\"inLanguage\":\"en-US\",\"potentialAction\":[{\"@type\":\"CommentAction\",\"name\":\"Comment\",\"target\":[\"https:\\\/\\\/www.imex-revista.com\\\/en\\\/xi-masculinidades-del-norte\\\/#respond\"]}]},{\"@type\":\"WebPage\",\"@id\":\"https:\\\/\\\/www.imex-revista.com\\\/en\\\/xi-masculinidades-del-norte\\\/\",\"url\":\"https:\\\/\\\/www.imex-revista.com\\\/en\\\/xi-masculinidades-del-norte\\\/\",\"name\":\"XI. Masculinidades del norte - iMex Revista\",\"isPartOf\":{\"@id\":\"https:\\\/\\\/www.imex-revista.com\\\/#website\"},\"primaryImageOfPage\":{\"@id\":\"https:\\\/\\\/www.imex-revista.com\\\/en\\\/xi-masculinidades-del-norte\\\/#primaryimage\"},\"image\":{\"@id\":\"https:\\\/\\\/www.imex-revista.com\\\/en\\\/xi-masculinidades-del-norte\\\/#primaryimage\"},\"thumbnailUrl\":\"https:\\\/\\\/www.imex-revista.com\\\/wp-content\\\/uploads\\\/edicion-11.webp\",\"datePublished\":\"2017-02-01T10:58:12+00:00\",\"dateModified\":\"2021-06-01T11:09:08+00:00\",\"author\":{\"@id\":\"https:\\\/\\\/www.imex-revista.com\\\/#\\\/schema\\\/person\\\/b06ca09ee30633a9bca5919aad53cd1f\"},\"breadcrumb\":{\"@id\":\"https:\\\/\\\/www.imex-revista.com\\\/en\\\/xi-masculinidades-del-norte\\\/#breadcrumb\"},\"inLanguage\":\"en-US\",\"potentialAction\":[{\"@type\":\"ReadAction\",\"target\":[\"https:\\\/\\\/www.imex-revista.com\\\/en\\\/xi-masculinidades-del-norte\\\/\"]}]},{\"@type\":\"ImageObject\",\"inLanguage\":\"en-US\",\"@id\":\"https:\\\/\\\/www.imex-revista.com\\\/en\\\/xi-masculinidades-del-norte\\\/#primaryimage\",\"url\":\"https:\\\/\\\/www.imex-revista.com\\\/wp-content\\\/uploads\\\/edicion-11.webp\",\"contentUrl\":\"https:\\\/\\\/www.imex-revista.com\\\/wp-content\\\/uploads\\\/edicion-11.webp\",\"width\":614,\"height\":614},{\"@type\":\"BreadcrumbList\",\"@id\":\"https:\\\/\\\/www.imex-revista.com\\\/en\\\/xi-masculinidades-del-norte\\\/#breadcrumb\",\"itemListElement\":[{\"@type\":\"ListItem\",\"position\":1,\"name\":\"Home\",\"item\":\"https:\\\/\\\/www.imex-revista.com\\\/en\\\/imex\\\/\"},{\"@type\":\"ListItem\",\"position\":2,\"name\":\"XI. Masculinidades del norte\"}]},{\"@type\":\"WebSite\",\"@id\":\"https:\\\/\\\/www.imex-revista.com\\\/#website\",\"url\":\"https:\\\/\\\/www.imex-revista.com\\\/\",\"name\":\"iMex Revista\",\"description\":\"iMex Revista\",\"potentialAction\":[{\"@type\":\"SearchAction\",\"target\":{\"@type\":\"EntryPoint\",\"urlTemplate\":\"https:\\\/\\\/www.imex-revista.com\\\/?s={search_term_string}\"},\"query-input\":{\"@type\":\"PropertyValueSpecification\",\"valueRequired\":true,\"valueName\":\"search_term_string\"}}],\"inLanguage\":\"en-US\"},{\"@type\":\"Person\",\"@id\":\"https:\\\/\\\/www.imex-revista.com\\\/#\\\/schema\\\/person\\\/b06ca09ee30633a9bca5919aad53cd1f\",\"name\":\"iMex Revista\",\"url\":\"https:\\\/\\\/www.imex-revista.com\\\/en\\\/author\\\/temelli\\\/\"}]}<\/script>\n<!-- \/ Yoast SEO plugin. -->","yoast_head_json":{"title":"XI. Masculinidades del norte - iMex Revista","robots":{"index":"index","follow":"follow","max-snippet":"max-snippet:-1","max-image-preview":"max-image-preview:large","max-video-preview":"max-video-preview:-1"},"canonical":"https:\/\/www.imex-revista.com\/en\/xi-masculinidades-del-norte\/","og_locale":"en_US","og_type":"article","og_title":"XI. Masculinidades del norte - iMex Revista","og_description":"[vc_row type=&#8221;full_width_background&#8221; bg_image=&#8221;31&#8243; bg_position=&#8221;left top&#8221; bg_repeat=&#8221;no-repeat&#8221; scene_position=&#8221;center&#8221; text_color=&#8221;dark&#8221; text_align=&#8221;left&#8221; top_padding=&#8221;0&#8243; bottom_padding=&#8221;30&#8243; overlay_strength=&#8221;1&#8243;][vc_column column_padding=&#8221;no-extra-padding&#8221; column_padding_position=&#8221;all&#8221; background_color_opacity=&#8221;1&#8243; background_hover_color_opacity=&#8221;1&#8243; width=&#8221;1\/1&#8243;][vc_column_text] [\/vc_column_text][vc_row_inner][vc_column_inner column_padding=&#8221;no-extra-padding&#8221; column_padding_position=&#8221;all&#8221; background_color_opacity=&#8221;1&#8243; width=&#8221;1\/1&#8243;][divider line_type=&#8221;No Line&#8221; custom_height=&#8221;30&#8243;][vc_column_text] Entre el hero\u00edsmo y la...","og_url":"https:\/\/www.imex-revista.com\/en\/xi-masculinidades-del-norte\/","og_site_name":"iMex Revista","article_published_time":"2017-02-01T10:58:12+00:00","article_modified_time":"2021-06-01T11:09:08+00:00","og_image":[{"width":614,"height":614,"url":"https:\/\/www.imex-revista.com\/wp-content\/uploads\/edicion-11.webp","type":"image\/webp"}],"author":"iMex Revista","twitter_card":"summary_large_image","twitter_misc":{"Written by":"iMex Revista","Est. reading time":"6 minutes"},"schema":{"@context":"https:\/\/schema.org","@graph":[{"@type":"Article","@id":"https:\/\/www.imex-revista.com\/en\/xi-masculinidades-del-norte\/#article","isPartOf":{"@id":"https:\/\/www.imex-revista.com\/en\/xi-masculinidades-del-norte\/"},"author":{"name":"iMex Revista","@id":"https:\/\/www.imex-revista.com\/#\/schema\/person\/b06ca09ee30633a9bca5919aad53cd1f"},"headline":"XI. Masculinidades del norte","datePublished":"2017-02-01T10:58:12+00:00","dateModified":"2021-06-01T11:09:08+00:00","mainEntityOfPage":{"@id":"https:\/\/www.imex-revista.com\/en\/xi-masculinidades-del-norte\/"},"wordCount":1154,"commentCount":0,"image":{"@id":"https:\/\/www.imex-revista.com\/en\/xi-masculinidades-del-norte\/#primaryimage"},"thumbnailUrl":"https:\/\/www.imex-revista.com\/wp-content\/uploads\/edicion-11.webp","keywords":["hero\u00edsmo","masculinidad","norte"],"articleSection":["Issues","XI. Naci\u00f3n y Nacionalismo","XI. Nation and Nationalism"],"inLanguage":"en-US","potentialAction":[{"@type":"CommentAction","name":"Comment","target":["https:\/\/www.imex-revista.com\/en\/xi-masculinidades-del-norte\/#respond"]}]},{"@type":"WebPage","@id":"https:\/\/www.imex-revista.com\/en\/xi-masculinidades-del-norte\/","url":"https:\/\/www.imex-revista.com\/en\/xi-masculinidades-del-norte\/","name":"XI. Masculinidades del norte - iMex Revista","isPartOf":{"@id":"https:\/\/www.imex-revista.com\/#website"},"primaryImageOfPage":{"@id":"https:\/\/www.imex-revista.com\/en\/xi-masculinidades-del-norte\/#primaryimage"},"image":{"@id":"https:\/\/www.imex-revista.com\/en\/xi-masculinidades-del-norte\/#primaryimage"},"thumbnailUrl":"https:\/\/www.imex-revista.com\/wp-content\/uploads\/edicion-11.webp","datePublished":"2017-02-01T10:58:12+00:00","dateModified":"2021-06-01T11:09:08+00:00","author":{"@id":"https:\/\/www.imex-revista.com\/#\/schema\/person\/b06ca09ee30633a9bca5919aad53cd1f"},"breadcrumb":{"@id":"https:\/\/www.imex-revista.com\/en\/xi-masculinidades-del-norte\/#breadcrumb"},"inLanguage":"en-US","potentialAction":[{"@type":"ReadAction","target":["https:\/\/www.imex-revista.com\/en\/xi-masculinidades-del-norte\/"]}]},{"@type":"ImageObject","inLanguage":"en-US","@id":"https:\/\/www.imex-revista.com\/en\/xi-masculinidades-del-norte\/#primaryimage","url":"https:\/\/www.imex-revista.com\/wp-content\/uploads\/edicion-11.webp","contentUrl":"https:\/\/www.imex-revista.com\/wp-content\/uploads\/edicion-11.webp","width":614,"height":614},{"@type":"BreadcrumbList","@id":"https:\/\/www.imex-revista.com\/en\/xi-masculinidades-del-norte\/#breadcrumb","itemListElement":[{"@type":"ListItem","position":1,"name":"Home","item":"https:\/\/www.imex-revista.com\/en\/imex\/"},{"@type":"ListItem","position":2,"name":"XI. Masculinidades del norte"}]},{"@type":"WebSite","@id":"https:\/\/www.imex-revista.com\/#website","url":"https:\/\/www.imex-revista.com\/","name":"iMex Revista","description":"iMex Revista","potentialAction":[{"@type":"SearchAction","target":{"@type":"EntryPoint","urlTemplate":"https:\/\/www.imex-revista.com\/?s={search_term_string}"},"query-input":{"@type":"PropertyValueSpecification","valueRequired":true,"valueName":"search_term_string"}}],"inLanguage":"en-US"},{"@type":"Person","@id":"https:\/\/www.imex-revista.com\/#\/schema\/person\/b06ca09ee30633a9bca5919aad53cd1f","name":"iMex Revista","url":"https:\/\/www.imex-revista.com\/en\/author\/temelli\/"}]}},"_links":{"self":[{"href":"https:\/\/www.imex-revista.com\/en\/wp-json\/wp\/v2\/posts\/4653","targetHints":{"allow":["GET"]}}],"collection":[{"href":"https:\/\/www.imex-revista.com\/en\/wp-json\/wp\/v2\/posts"}],"about":[{"href":"https:\/\/www.imex-revista.com\/en\/wp-json\/wp\/v2\/types\/post"}],"author":[{"embeddable":true,"href":"https:\/\/www.imex-revista.com\/en\/wp-json\/wp\/v2\/users\/2"}],"replies":[{"embeddable":true,"href":"https:\/\/www.imex-revista.com\/en\/wp-json\/wp\/v2\/comments?post=4653"}],"version-history":[{"count":1,"href":"https:\/\/www.imex-revista.com\/en\/wp-json\/wp\/v2\/posts\/4653\/revisions"}],"predecessor-version":[{"id":4654,"href":"https:\/\/www.imex-revista.com\/en\/wp-json\/wp\/v2\/posts\/4653\/revisions\/4654"}],"wp:featuredmedia":[{"embeddable":true,"href":"https:\/\/www.imex-revista.com\/en\/wp-json\/wp\/v2\/media\/13207"}],"wp:attachment":[{"href":"https:\/\/www.imex-revista.com\/en\/wp-json\/wp\/v2\/media?parent=4653"}],"wp:term":[{"taxonomy":"category","embeddable":true,"href":"https:\/\/www.imex-revista.com\/en\/wp-json\/wp\/v2\/categories?post=4653"},{"taxonomy":"post_tag","embeddable":true,"href":"https:\/\/www.imex-revista.com\/en\/wp-json\/wp\/v2\/tags?post=4653"}],"curies":[{"name":"wp","href":"https:\/\/api.w.org\/{rel}","templated":true}]}}