{"id":4645,"date":"2017-02-01T12:01:52","date_gmt":"2017-02-01T11:01:52","guid":{"rendered":"http:\/\/p440994.mittwaldserver.info\/en\/xi-el-proyecto-mundo-maya\/"},"modified":"2021-06-01T12:07:38","modified_gmt":"2021-06-01T11:07:38","slug":"xi-el-proyecto-mundo-maya","status":"publish","type":"post","link":"https:\/\/www.imex-revista.com\/en\/xi-el-proyecto-mundo-maya\/","title":{"rendered":"XI. El proyecto Mundo Maya"},"content":{"rendered":"[vc_row type=&#8221;full_width_background&#8221; bg_image=&#8221;31&#8243; bg_position=&#8221;left top&#8221; bg_repeat=&#8221;no-repeat&#8221; scene_position=&#8221;center&#8221; text_color=&#8221;dark&#8221; text_align=&#8221;left&#8221; top_padding=&#8221;0&#8243; bottom_padding=&#8221;30&#8243; overlay_strength=&#8221;1&#8243;][vc_column column_padding=&#8221;no-extra-padding&#8221; column_padding_position=&#8221;all&#8221; background_color_opacity=&#8221;1&#8243; background_hover_color_opacity=&#8221;1&#8243; width=&#8221;1\/1&#8243;][vc_column_text]\n<p style=\"text-align: center;\"><a class=\"nectar-button n-sc-button small accent-color has-icon regular-button\" target=\"_blank\" href=\"https:\/\/www.imex-revista.com\/wp-content\/uploads\/iMex_11_Naci%C3%B3n_y_Nacionalismo.pdf\" data-color-override=\"false\" data-hover-color-override=\"false\" data-hover-text-color-override=\"#fff\"><span>Download Edici\u00f3n<\/span><i class=\"icon-button-arrow\"><\/i><\/a> <a class=\"nectar-button n-sc-button small accent-color has-icon regular-button\" target=\"_blank\" href=\"https:\/\/www.imex-revista.com\/wp-content\/uploads\/3.Bouchard_El-proyecto-Mundo-Maya_iMex11.pdf\" data-color-override=\"false\" data-hover-color-override=\"false\" data-hover-text-color-override=\"#fff\"><span>Download Art\u00edculo<\/span><i class=\"icon-button-arrow\"><\/i><\/a>\n[\/vc_column_text][divider line_type=&#8221;No Line&#8221; custom_height=&#8221;30&#8243;][vc_column_text]\n<h3 style=\"text-align: center;\"><strong><span style=\"color: #b0b0b0;\">El proyecto del Mundo Maya: Conceptos del desarrollo entre cultura, identidad nacional y pobreza (pp. 33-54)<\/span><span style=\"color: #b0b0b0;\"><br \/>\n<\/span><\/strong><\/h3>\n[\/vc_column_text][divider line_type=&#8221;No Line&#8221; custom_height=&#8221;80&#8243;][vc_column_text]\n<h3><span style=\"color: #ffffff;\"><strong><span style=\"color: #b0b0b0;\">Hans Bouchard M.A.<br \/>\n<\/span><\/strong><\/span><\/h3>\n<p style=\"text-align: justify;\"><span style=\"color: #b0b0b0;\"><a href=\"https:\/\/www.imex-revista.com\/wp-content\/uploads\/Bouchard_iMex.jpg\"><img loading=\"lazy\" decoding=\"async\" class=\"size-full wp-image-4379 alignleft\" src=\"https:\/\/www.imex-revista.com\/wp-content\/uploads\/Bouchard_iMex.jpg\" alt=\"Bouchard_iMex\" width=\"160\" height=\"180\" \/><\/a>Hans Bouchard es colaborador cient\u00edfico en el\u00a0departamento de Estudios Culturales Latinoamericanos e Ib\u00e9ricos\u00a0en la Universidad del Ruhr en Bochum. Estudi\u00f3 filolog\u00eda y ling\u00fc\u00edstica rom\u00e1nicas e inglesas en la Universidad Heinrich Heine de D\u00fcsseldorf.<\/span><\/p>\n<p style=\"text-align: justify;\"><span style=\"color: #b0b0b0;\">Fue becario del programa &#8220;Chancen Nutzen&#8221; de la Universidad Heinrich Heine de D\u00fcsseldorf y becario de la &#8220;Studienstiftung des Deutschen Volkes&#8221;. Adem\u00e1s, estudi\u00f3 en 2014 un semestre en la UNAM como\u00a0becario del programa &#8220;Internationale Studien- und Ausbildungspartnerschaften&#8221; del DAAD (&#8220;Deutscher Akademischer Austauschdienst&#8221;).<\/span><\/p>\n<p style=\"text-align: justify;\"><span style=\"color: #b0b0b0;\">Campos cient\u00edficos de interes son: met\u00e1foras y conceptualizaciones, estudios culturales y las redes sociales.<\/span><\/p>\n[\/vc_column_text][vc_row_inner][vc_column_inner column_padding=&#8221;no-extra-padding&#8221; column_padding_position=&#8221;all&#8221; background_color_opacity=&#8221;1&#8243; width=&#8221;1\/1&#8243;][divider line_type=&#8221;No Line&#8221; custom_height=&#8221;50&#8243;][\/vc_column_inner][\/vc_row_inner][tabbed_section style=&#8221;default&#8221; alignment=&#8221;left&#8221;][tab title=&#8221;Resumen&#8221; id=&#8221;1485983929202-050ce-f42a&#8221; tab_id=&#8221;1485986565921-4&#8243;][vc_column_text]\n<p style=\"text-align: justify;\"><span style=\"color: #b0b0b0;\">En este ensayo se tratar\u00e1 deconstruir el concepto del desarrollo, la identidad nacional y la pobreza mediante un analisis del proyecto del Mundo Maya. El concepto clave para deshacer esos v\u00ednculos es la figura del &#8220;ind\u00edgena&#8221;. Sin posibilidad alguna de participar en el marco del neoliberalismo, por su afiliaci\u00f3n al grupo de los &#8220;pobres&#8221;, \u2013aunque se proporcionen &#8220;soluciones&#8221; en el \u00e1mbito de las pol\u00edticas del desarrollo para cambiar esas condiciones\u2013 el &#8220;ind\u00edgena&#8221; queda atrapado en su estatus de &#8220;legado cultural de las grandes civilizaciones pasadas&#8221;. Se trata entonces de encontrar nuevos conceptos y programas, a nivel de la construcci\u00f3n de una identidad nacional y la integraci\u00f3n de los individuos en la sociedad, ya que tambi\u00e9n la cultura y la identidad nacional se convierten en un dispositivo, que rige a los actores correspondientes. El ind\u00edgena se inserta en un umbral indisoluble entre la imposibilidad de participaci\u00f3n en el sistema neoliberal (como todos los &#8220;pobres&#8221;) y el deber de la conservaci\u00f3n del legado cultural.<\/span><\/p>\n[\/vc_column_text][\/tab][tab title=&#8221;Abstract&#8221; id=&#8221;1485983933061-750ce-f42a&#8221; tab_id=&#8221;1485986566023-9&#8243;][vc_column_text]\n<p style=\"text-align: justify;\"><span style=\"color: #b0b0b0;\">This article tries to deconstruct the concept of development, national identity and poverty through the analysis of the project Mundo Maya. The key concept to dismantle those connections is the figure of the &#8220;ind\u00edgena&#8221;. Being unable to participate as neoliberal actor as part of the &#8220;poors&#8221;, \u2013\u00a0although the development policies seem to propose solutions in order to fix this\u00a0\u2013 the &#8220;ind\u00edgena&#8221; is stuck in his function as &#8220;cultural heir of the former great civilizations&#8221;. Therefore, it is necessary to develop new concepts and\u00a0agendas, in order to construct a national identity and integrate the individuals into society. This is important because culture and national identity become a dispositiv, which governs the corresponding actors. Thus, the &#8220;ind\u00edgena&#8221; is caught in\u00a0between the impossibility to participate in the neoliberal system (like most of the &#8220;poor&#8221;) and the duty to preserve the cultural legacy.<\/span><\/p>\n[\/vc_column_text][\/tab][tab title=&#8221;iMex N\u00b011 Naci\u00f3n y Nacionalismo&#8221; id=&#8221;1485983922466-750ce-f42a&#8221; tab_id=&#8221;1485986566118-10&#8243;][vc_column_text]\n<p style=\"text-align: justify;\"><a class=\"nectar-button n-sc-button small see-through-2 has-icon\" target=\"_blank\" href=\"https:\/\/www.imex-revista.com\/xi-editorial\/\" data-color-override=\"#ffffff\" data-hover-color-override=\"false\" data-hover-text-color-override=\"#fff\"><span>Gustavo Leyva \/ Yasmin Temelli - Editorial<\/span><i class=\"icon-button-arrow\"><\/i><\/a>\n<a class=\"nectar-button n-sc-button small see-through-2 has-icon\" target=\"_blank\" href=\"https:\/\/www.imex-revista.com\/xi-cultural-nationalism\/\" data-color-override=\"#ffffff\" data-hover-color-override=\"false\" data-hover-text-color-override=\"#fff\"><span>Claudio Lomnitz - Cultural Nationalism<\/span><i class=\"icon-button-arrow\"><\/i><\/a>\n<a class=\"nectar-button n-sc-button small see-through-2 has-icon\" target=\"_blank\" href=\"https:\/\/www.imex-revista.com\/xi-reglas-de-la-globalizacion\/\" data-color-override=\"#ffffff\" data-hover-color-override=\"false\" data-hover-text-color-override=\"#fff\"><span>Javier Esteinou Madrid - Reglas de la globalizaci\u00f3n<\/span><i class=\"icon-button-arrow\"><\/i><\/a>\n<a class=\"nectar-button n-sc-button small see-through-2 has-icon\" target=\"_blank\" href=\"https:\/\/www.imex-revista.com\/xi-el-proyecto-mundo-maya\/\" data-color-override=\"#ffffff\" data-hover-color-override=\"false\" data-hover-text-color-override=\"#fff\"><span>Hans Bouchard - El proyecto Mundo Maya<\/span><i class=\"icon-button-arrow\"><\/i><\/a>\n<a class=\"nectar-button n-sc-button small see-through-2 has-icon\" target=\"_blank\" href=\"https:\/\/www.imex-revista.com\/xi-imagenes-poeticas\/\" data-color-override=\"#ffffff\" data-hover-color-override=\"false\" data-hover-text-color-override=\"#fff\"><span>Guillermo Ferrer - Im\u00e1genes po\u00e9ticas<\/span><i class=\"icon-button-arrow\"><\/i><\/a>\n<a class=\"nectar-button n-sc-button small see-through-2 has-icon\" target=\"_blank\" href=\"https:\/\/www.imex-revista.com\/xi-escribir-la-nacion\/\" data-color-override=\"#ffffff\" data-hover-color-override=\"false\" data-hover-text-color-override=\"#fff\"><span>Anne Kraume - Escribir la naci\u00f3n<\/span><i class=\"icon-button-arrow\"><\/i><\/a>\n<a class=\"nectar-button n-sc-button small see-through-2 has-icon\" target=\"_blank\" href=\"https:\/\/www.imex-revista.com\/xi-mexico-poesia-y-patria\/\" data-color-override=\"#ffffff\" data-hover-color-override=\"false\" data-hover-text-color-override=\"#fff\"><span>Alejandro Higashi - M\u00e9xico, poesia y patria<\/span><i class=\"icon-button-arrow\"><\/i><\/a>\n<a class=\"nectar-button n-sc-button small see-through-2 has-icon\" target=\"_blank\" href=\"https:\/\/www.imex-revista.com\/xi-masculinidades-del-norte\/\" data-color-override=\"#ffffff\" data-hover-color-override=\"false\" data-hover-text-color-override=\"#fff\"><span>Zaida Godoy Navarro - Masculinidades del norte<\/span><i class=\"icon-button-arrow\"><\/i><\/a>\n<a class=\"nectar-button n-sc-button small see-through-2 has-icon\" target=\"_blank\" href=\"https:\/\/www.imex-revista.com\/xi-italian-theory\/\" data-color-override=\"#ffffff\" data-hover-color-override=\"false\" data-hover-text-color-override=\"#fff\"><span>Dario Gentili - Italian Theory<\/span><i class=\"icon-button-arrow\"><\/i><\/a>\n<a class=\"nectar-button n-sc-button small see-through-2 has-icon\" target=\"_blank\" href=\"https:\/\/www.imex-revista.com\/xi-resenas\/\" data-color-override=\"#ffffff\" data-hover-color-override=\"false\" data-hover-text-color-override=\"#fff\"><span>Rese\u00f1as<\/span><i class=\"icon-button-arrow\"><\/i><\/a>\n[\/vc_column_text][\/tab][\/tabbed_section][\/vc_column][\/vc_row]\n","protected":false},"excerpt":{"rendered":"<p>[vc_row type=&#8221;full_width_background&#8221; bg_image=&#8221;31&#8243; bg_position=&#8221;left top&#8221; bg_repeat=&#8221;no-repeat&#8221; scene_position=&#8221;center&#8221; text_color=&#8221;dark&#8221; text_align=&#8221;left&#8221; top_padding=&#8221;0&#8243; bottom_padding=&#8221;30&#8243; overlay_strength=&#8221;1&#8243;][vc_column column_padding=&#8221;no-extra-padding&#8221; column_padding_position=&#8221;all&#8221; background_color_opacity=&#8221;1&#8243; background_hover_color_opacity=&#8221;1&#8243; width=&#8221;1\/1&#8243;][vc_column_text] [\/vc_column_text][divider line_type=&#8221;No Line&#8221; custom_height=&#8221;30&#8243;][vc_column_text] El proyecto del Mundo Maya: Conceptos del desarrollo entre&#8230;<\/p>\n","protected":false},"author":2,"featured_media":13207,"comment_status":"closed","ping_status":"closed","sticky":false,"template":"","format":"standard","meta":{"footnotes":""},"categories":[580,933,945],"tags":[946,891,892],"class_list":["post-4645","post","type-post","status-publish","format-standard","has-post-thumbnail","category-issues","category-xi-nacion-y-nacionalismo-en","category-xi-nation-and-nationalism","tag-desarrollo-en","tag-identidad-nacional","tag-pobreza"],"yoast_head":"<!-- This site is optimized with the Yoast SEO plugin v28.4 - https:\/\/yoast.com\/product\/yoast-seo-wordpress\/ -->\n<title>XI. El proyecto Mundo Maya - iMex Revista<\/title>\n<meta name=\"robots\" content=\"index, follow, max-snippet:-1, max-image-preview:large, max-video-preview:-1\" \/>\n<link rel=\"canonical\" href=\"https:\/\/www.imex-revista.com\/en\/xi-el-proyecto-mundo-maya\/\" \/>\n<meta property=\"og:locale\" content=\"en_US\" \/>\n<meta property=\"og:type\" content=\"article\" \/>\n<meta property=\"og:title\" content=\"XI. El proyecto Mundo Maya - iMex Revista\" \/>\n<meta property=\"og:description\" content=\"[vc_row type=&#8221;full_width_background&#8221; bg_image=&#8221;31&#8243; bg_position=&#8221;left top&#8221; bg_repeat=&#8221;no-repeat&#8221; scene_position=&#8221;center&#8221; text_color=&#8221;dark&#8221; text_align=&#8221;left&#8221; top_padding=&#8221;0&#8243; bottom_padding=&#8221;30&#8243; overlay_strength=&#8221;1&#8243;][vc_column column_padding=&#8221;no-extra-padding&#8221; column_padding_position=&#8221;all&#8221; background_color_opacity=&#8221;1&#8243; background_hover_color_opacity=&#8221;1&#8243; width=&#8221;1\/1&#8243;][vc_column_text] [\/vc_column_text][divider line_type=&#8221;No Line&#8221; custom_height=&#8221;30&#8243;][vc_column_text] El proyecto del Mundo Maya: Conceptos del desarrollo entre...\" \/>\n<meta property=\"og:url\" content=\"https:\/\/www.imex-revista.com\/en\/xi-el-proyecto-mundo-maya\/\" \/>\n<meta property=\"og:site_name\" content=\"iMex Revista\" \/>\n<meta property=\"article:published_time\" content=\"2017-02-01T11:01:52+00:00\" \/>\n<meta property=\"article:modified_time\" content=\"2021-06-01T11:07:38+00:00\" \/>\n<meta property=\"og:image\" content=\"https:\/\/www.imex-revista.com\/wp-content\/uploads\/edicion-11.webp\" \/>\n\t<meta property=\"og:image:width\" content=\"614\" \/>\n\t<meta property=\"og:image:height\" content=\"614\" \/>\n\t<meta property=\"og:image:type\" content=\"image\/webp\" \/>\n<meta name=\"author\" content=\"iMex Revista\" \/>\n<meta name=\"twitter:card\" content=\"summary_large_image\" \/>\n<meta name=\"twitter:label1\" content=\"Written by\" \/>\n\t<meta name=\"twitter:data1\" content=\"iMex Revista\" \/>\n\t<meta name=\"twitter:label2\" content=\"Est. reading time\" \/>\n\t<meta name=\"twitter:data2\" content=\"5 minutes\" \/>\n<script type=\"application\/ld+json\" class=\"yoast-schema-graph\">{\"@context\":\"https:\\\/\\\/schema.org\",\"@graph\":[{\"@type\":\"Article\",\"@id\":\"https:\\\/\\\/www.imex-revista.com\\\/en\\\/xi-el-proyecto-mundo-maya\\\/#article\",\"isPartOf\":{\"@id\":\"https:\\\/\\\/www.imex-revista.com\\\/en\\\/xi-el-proyecto-mundo-maya\\\/\"},\"author\":{\"name\":\"iMex Revista\",\"@id\":\"https:\\\/\\\/www.imex-revista.com\\\/#\\\/schema\\\/person\\\/b06ca09ee30633a9bca5919aad53cd1f\"},\"headline\":\"XI. El proyecto Mundo Maya\",\"datePublished\":\"2017-02-01T11:01:52+00:00\",\"dateModified\":\"2021-06-01T11:07:38+00:00\",\"mainEntityOfPage\":{\"@id\":\"https:\\\/\\\/www.imex-revista.com\\\/en\\\/xi-el-proyecto-mundo-maya\\\/\"},\"wordCount\":1013,\"image\":{\"@id\":\"https:\\\/\\\/www.imex-revista.com\\\/en\\\/xi-el-proyecto-mundo-maya\\\/#primaryimage\"},\"thumbnailUrl\":\"https:\\\/\\\/www.imex-revista.com\\\/wp-content\\\/uploads\\\/edicion-11.webp\",\"keywords\":[\"desarrollo\",\"identidad nacional\",\"pobreza\"],\"articleSection\":[\"Issues\",\"XI. Naci\u00f3n y Nacionalismo\",\"XI. Nation and Nationalism\"],\"inLanguage\":\"en-US\"},{\"@type\":\"WebPage\",\"@id\":\"https:\\\/\\\/www.imex-revista.com\\\/en\\\/xi-el-proyecto-mundo-maya\\\/\",\"url\":\"https:\\\/\\\/www.imex-revista.com\\\/en\\\/xi-el-proyecto-mundo-maya\\\/\",\"name\":\"XI. El proyecto Mundo Maya - iMex Revista\",\"isPartOf\":{\"@id\":\"https:\\\/\\\/www.imex-revista.com\\\/#website\"},\"primaryImageOfPage\":{\"@id\":\"https:\\\/\\\/www.imex-revista.com\\\/en\\\/xi-el-proyecto-mundo-maya\\\/#primaryimage\"},\"image\":{\"@id\":\"https:\\\/\\\/www.imex-revista.com\\\/en\\\/xi-el-proyecto-mundo-maya\\\/#primaryimage\"},\"thumbnailUrl\":\"https:\\\/\\\/www.imex-revista.com\\\/wp-content\\\/uploads\\\/edicion-11.webp\",\"datePublished\":\"2017-02-01T11:01:52+00:00\",\"dateModified\":\"2021-06-01T11:07:38+00:00\",\"author\":{\"@id\":\"https:\\\/\\\/www.imex-revista.com\\\/#\\\/schema\\\/person\\\/b06ca09ee30633a9bca5919aad53cd1f\"},\"breadcrumb\":{\"@id\":\"https:\\\/\\\/www.imex-revista.com\\\/en\\\/xi-el-proyecto-mundo-maya\\\/#breadcrumb\"},\"inLanguage\":\"en-US\",\"potentialAction\":[{\"@type\":\"ReadAction\",\"target\":[\"https:\\\/\\\/www.imex-revista.com\\\/en\\\/xi-el-proyecto-mundo-maya\\\/\"]}]},{\"@type\":\"ImageObject\",\"inLanguage\":\"en-US\",\"@id\":\"https:\\\/\\\/www.imex-revista.com\\\/en\\\/xi-el-proyecto-mundo-maya\\\/#primaryimage\",\"url\":\"https:\\\/\\\/www.imex-revista.com\\\/wp-content\\\/uploads\\\/edicion-11.webp\",\"contentUrl\":\"https:\\\/\\\/www.imex-revista.com\\\/wp-content\\\/uploads\\\/edicion-11.webp\",\"width\":614,\"height\":614},{\"@type\":\"BreadcrumbList\",\"@id\":\"https:\\\/\\\/www.imex-revista.com\\\/en\\\/xi-el-proyecto-mundo-maya\\\/#breadcrumb\",\"itemListElement\":[{\"@type\":\"ListItem\",\"position\":1,\"name\":\"Home\",\"item\":\"https:\\\/\\\/www.imex-revista.com\\\/en\\\/imex\\\/\"},{\"@type\":\"ListItem\",\"position\":2,\"name\":\"XI. El proyecto Mundo Maya\"}]},{\"@type\":\"WebSite\",\"@id\":\"https:\\\/\\\/www.imex-revista.com\\\/#website\",\"url\":\"https:\\\/\\\/www.imex-revista.com\\\/\",\"name\":\"iMex Revista\",\"description\":\"iMex Revista\",\"potentialAction\":[{\"@type\":\"SearchAction\",\"target\":{\"@type\":\"EntryPoint\",\"urlTemplate\":\"https:\\\/\\\/www.imex-revista.com\\\/?s={search_term_string}\"},\"query-input\":{\"@type\":\"PropertyValueSpecification\",\"valueRequired\":true,\"valueName\":\"search_term_string\"}}],\"inLanguage\":\"en-US\"},{\"@type\":\"Person\",\"@id\":\"https:\\\/\\\/www.imex-revista.com\\\/#\\\/schema\\\/person\\\/b06ca09ee30633a9bca5919aad53cd1f\",\"name\":\"iMex Revista\",\"url\":\"https:\\\/\\\/www.imex-revista.com\\\/en\\\/author\\\/temelli\\\/\"}]}<\/script>\n<!-- \/ Yoast SEO plugin. -->","yoast_head_json":{"title":"XI. El proyecto Mundo Maya - iMex Revista","robots":{"index":"index","follow":"follow","max-snippet":"max-snippet:-1","max-image-preview":"max-image-preview:large","max-video-preview":"max-video-preview:-1"},"canonical":"https:\/\/www.imex-revista.com\/en\/xi-el-proyecto-mundo-maya\/","og_locale":"en_US","og_type":"article","og_title":"XI. El proyecto Mundo Maya - iMex Revista","og_description":"[vc_row type=&#8221;full_width_background&#8221; bg_image=&#8221;31&#8243; bg_position=&#8221;left top&#8221; bg_repeat=&#8221;no-repeat&#8221; scene_position=&#8221;center&#8221; text_color=&#8221;dark&#8221; text_align=&#8221;left&#8221; top_padding=&#8221;0&#8243; bottom_padding=&#8221;30&#8243; overlay_strength=&#8221;1&#8243;][vc_column column_padding=&#8221;no-extra-padding&#8221; column_padding_position=&#8221;all&#8221; background_color_opacity=&#8221;1&#8243; background_hover_color_opacity=&#8221;1&#8243; width=&#8221;1\/1&#8243;][vc_column_text] [\/vc_column_text][divider line_type=&#8221;No Line&#8221; custom_height=&#8221;30&#8243;][vc_column_text] El proyecto del Mundo Maya: Conceptos del desarrollo entre...","og_url":"https:\/\/www.imex-revista.com\/en\/xi-el-proyecto-mundo-maya\/","og_site_name":"iMex Revista","article_published_time":"2017-02-01T11:01:52+00:00","article_modified_time":"2021-06-01T11:07:38+00:00","og_image":[{"width":614,"height":614,"url":"https:\/\/www.imex-revista.com\/wp-content\/uploads\/edicion-11.webp","type":"image\/webp"}],"author":"iMex Revista","twitter_card":"summary_large_image","twitter_misc":{"Written by":"iMex Revista","Est. reading time":"5 minutes"},"schema":{"@context":"https:\/\/schema.org","@graph":[{"@type":"Article","@id":"https:\/\/www.imex-revista.com\/en\/xi-el-proyecto-mundo-maya\/#article","isPartOf":{"@id":"https:\/\/www.imex-revista.com\/en\/xi-el-proyecto-mundo-maya\/"},"author":{"name":"iMex Revista","@id":"https:\/\/www.imex-revista.com\/#\/schema\/person\/b06ca09ee30633a9bca5919aad53cd1f"},"headline":"XI. El proyecto Mundo Maya","datePublished":"2017-02-01T11:01:52+00:00","dateModified":"2021-06-01T11:07:38+00:00","mainEntityOfPage":{"@id":"https:\/\/www.imex-revista.com\/en\/xi-el-proyecto-mundo-maya\/"},"wordCount":1013,"image":{"@id":"https:\/\/www.imex-revista.com\/en\/xi-el-proyecto-mundo-maya\/#primaryimage"},"thumbnailUrl":"https:\/\/www.imex-revista.com\/wp-content\/uploads\/edicion-11.webp","keywords":["desarrollo","identidad nacional","pobreza"],"articleSection":["Issues","XI. Naci\u00f3n y Nacionalismo","XI. Nation and Nationalism"],"inLanguage":"en-US"},{"@type":"WebPage","@id":"https:\/\/www.imex-revista.com\/en\/xi-el-proyecto-mundo-maya\/","url":"https:\/\/www.imex-revista.com\/en\/xi-el-proyecto-mundo-maya\/","name":"XI. El proyecto Mundo Maya - iMex Revista","isPartOf":{"@id":"https:\/\/www.imex-revista.com\/#website"},"primaryImageOfPage":{"@id":"https:\/\/www.imex-revista.com\/en\/xi-el-proyecto-mundo-maya\/#primaryimage"},"image":{"@id":"https:\/\/www.imex-revista.com\/en\/xi-el-proyecto-mundo-maya\/#primaryimage"},"thumbnailUrl":"https:\/\/www.imex-revista.com\/wp-content\/uploads\/edicion-11.webp","datePublished":"2017-02-01T11:01:52+00:00","dateModified":"2021-06-01T11:07:38+00:00","author":{"@id":"https:\/\/www.imex-revista.com\/#\/schema\/person\/b06ca09ee30633a9bca5919aad53cd1f"},"breadcrumb":{"@id":"https:\/\/www.imex-revista.com\/en\/xi-el-proyecto-mundo-maya\/#breadcrumb"},"inLanguage":"en-US","potentialAction":[{"@type":"ReadAction","target":["https:\/\/www.imex-revista.com\/en\/xi-el-proyecto-mundo-maya\/"]}]},{"@type":"ImageObject","inLanguage":"en-US","@id":"https:\/\/www.imex-revista.com\/en\/xi-el-proyecto-mundo-maya\/#primaryimage","url":"https:\/\/www.imex-revista.com\/wp-content\/uploads\/edicion-11.webp","contentUrl":"https:\/\/www.imex-revista.com\/wp-content\/uploads\/edicion-11.webp","width":614,"height":614},{"@type":"BreadcrumbList","@id":"https:\/\/www.imex-revista.com\/en\/xi-el-proyecto-mundo-maya\/#breadcrumb","itemListElement":[{"@type":"ListItem","position":1,"name":"Home","item":"https:\/\/www.imex-revista.com\/en\/imex\/"},{"@type":"ListItem","position":2,"name":"XI. El proyecto Mundo Maya"}]},{"@type":"WebSite","@id":"https:\/\/www.imex-revista.com\/#website","url":"https:\/\/www.imex-revista.com\/","name":"iMex Revista","description":"iMex Revista","potentialAction":[{"@type":"SearchAction","target":{"@type":"EntryPoint","urlTemplate":"https:\/\/www.imex-revista.com\/?s={search_term_string}"},"query-input":{"@type":"PropertyValueSpecification","valueRequired":true,"valueName":"search_term_string"}}],"inLanguage":"en-US"},{"@type":"Person","@id":"https:\/\/www.imex-revista.com\/#\/schema\/person\/b06ca09ee30633a9bca5919aad53cd1f","name":"iMex Revista","url":"https:\/\/www.imex-revista.com\/en\/author\/temelli\/"}]}},"_links":{"self":[{"href":"https:\/\/www.imex-revista.com\/en\/wp-json\/wp\/v2\/posts\/4645","targetHints":{"allow":["GET"]}}],"collection":[{"href":"https:\/\/www.imex-revista.com\/en\/wp-json\/wp\/v2\/posts"}],"about":[{"href":"https:\/\/www.imex-revista.com\/en\/wp-json\/wp\/v2\/types\/post"}],"author":[{"embeddable":true,"href":"https:\/\/www.imex-revista.com\/en\/wp-json\/wp\/v2\/users\/2"}],"replies":[{"embeddable":true,"href":"https:\/\/www.imex-revista.com\/en\/wp-json\/wp\/v2\/comments?post=4645"}],"version-history":[{"count":1,"href":"https:\/\/www.imex-revista.com\/en\/wp-json\/wp\/v2\/posts\/4645\/revisions"}],"predecessor-version":[{"id":4646,"href":"https:\/\/www.imex-revista.com\/en\/wp-json\/wp\/v2\/posts\/4645\/revisions\/4646"}],"wp:featuredmedia":[{"embeddable":true,"href":"https:\/\/www.imex-revista.com\/en\/wp-json\/wp\/v2\/media\/13207"}],"wp:attachment":[{"href":"https:\/\/www.imex-revista.com\/en\/wp-json\/wp\/v2\/media?parent=4645"}],"wp:term":[{"taxonomy":"category","embeddable":true,"href":"https:\/\/www.imex-revista.com\/en\/wp-json\/wp\/v2\/categories?post=4645"},{"taxonomy":"post_tag","embeddable":true,"href":"https:\/\/www.imex-revista.com\/en\/wp-json\/wp\/v2\/tags?post=4645"}],"curies":[{"name":"wp","href":"https:\/\/api.w.org\/{rel}","templated":true}]}}