{"id":4139,"date":"2016-10-04T11:53:25","date_gmt":"2016-10-04T10:53:25","guid":{"rendered":"http:\/\/p440994.mittwaldserver.info\/en\/?p=4139"},"modified":"2021-06-01T12:09:18","modified_gmt":"2021-06-01T11:09:18","slug":"x-entrever-y-escribir","status":"publish","type":"post","link":"https:\/\/www.imex-revista.com\/en\/x-entrever-y-escribir\/","title":{"rendered":"X. Entrever y escribir"},"content":{"rendered":"[vc_row type=&#8221;full_width_background&#8221; bg_image=&#8221;31&#8243; bg_position=&#8221;left top&#8221; bg_repeat=&#8221;no-repeat&#8221; scene_position=&#8221;center&#8221; text_color=&#8221;dark&#8221; text_align=&#8221;left&#8221; top_padding=&#8221;0&#8243; bottom_padding=&#8221;30&#8243; overlay_strength=&#8221;1&#8243;][vc_column column_padding=&#8221;no-extra-padding&#8221; column_padding_position=&#8221;all&#8221; background_color_opacity=&#8221;1&#8243; background_hover_color_opacity=&#8221;1&#8243; width=&#8221;1\/1&#8243;][vc_column_text]\n<p style=\"text-align: center;\"><a class=\"nectar-button n-sc-button small accent-color has-icon regular-button\" target=\"_blank\" href=\"https:\/\/www.imex-revista.com\/wp-content\/uploads\/Edici\u00f3n_Completa_10.pdf\" data-color-override=\"false\" data-hover-color-override=\"false\" data-hover-text-color-override=\"#fff\"><span>Download Edici\u00f3n<\/span><i class=\"icon-button-arrow\"><\/i><\/a> <a class=\"nectar-button n-sc-button small accent-color has-icon regular-button\" target=\"_blank\" href=\"https:\/\/www.imex-revista.com\/wp-content\/uploads\/4Entrever-y-escribir_Callsen_10.pdf\" data-color-override=\"false\" data-hover-color-override=\"false\" data-hover-text-color-override=\"#fff\"><span>Download Art\u00edculo<\/span><i class=\"icon-button-arrow\"><\/i><\/a>\n[\/vc_column_text][vc_row_inner][vc_column_inner column_padding=&#8221;no-extra-padding&#8221; column_padding_position=&#8221;all&#8221; background_color_opacity=&#8221;1&#8243; width=&#8221;1\/1&#8243;][divider line_type=&#8221;No Line&#8221; custom_height=&#8221;30&#8243;][vc_column_text]\n<h3 style=\"text-align: center;\"><strong><span style=\"color: #b0b0b0;\">Entrever y escribir: La cr\u00edtica de arte en Paz, Revueltas y Garc\u00eda Ponce (pp. 47-62)<br \/>\n<\/span><\/strong><\/h3>\n[\/vc_column_text][divider line_type=&#8221;No Line&#8221; custom_height=&#8221;80&#8243;][vc_column_text]\n<h3><span style=\"color: #ffffff;\"><strong><span style=\"color: #b0b0b0;\">Dr. Berit Callsen<br \/>\n<\/span><\/strong><\/span><\/h3>\n<p style=\"text-align: justify;\"><a href=\"https:\/\/www.imex-revista.com\/wp-content\/uploads\/Berrit_Callsen.png\" rel=\"attachment wp-att-1036\"><img loading=\"lazy\" decoding=\"async\" class=\"wp-image-3957 size-thumbnail alignleft\" src=\"https:\/\/www.imex-revista.com\/wp-content\/uploads\/Berrit_Callsen-150x150.png\" width=\"150\" height=\"150\" srcset=\"https:\/\/www.imex-revista.com\/wp-content\/uploads\/Berrit_Callsen-150x150.png 150w, https:\/\/www.imex-revista.com\/wp-content\/uploads\/Berrit_Callsen-50x50.png 50w, https:\/\/www.imex-revista.com\/wp-content\/uploads\/Berrit_Callsen-100x100.png 100w\" sizes=\"auto, (max-width: 150px) 100vw, 150px\" \/><\/a><span style=\"color: #b0b0b0;\">Berit Callsen se doctor\u00f3 en la Universidad Humboldt de Berl\u00edn. \u00c1reas de investigaci\u00f3n: la visualidad literaria y f\u00edlmica en una perspectiva interdisciplinar, las literaturas urbanas del siglo XX en Europa y Am\u00e9rica Latina y po\u00e9ticas del sujeto en la literatura espa\u00f1ola (1875-1936). Publicaciones recientes: <em>Mit anderen Augen sehen. Aisthetische Poetiken in der franz\u00f6sischen und mexikanischen Literatur des 20. Jahrhunderts (1963-1984)<\/em> (Fink, 2014) y <em>Bilder-Texte-Bewegungen: Interdisziplin\u00e4re Perspektiven auf Visualit\u00e4t <\/em>(K\u00f6nighsausen&amp;Neumann 2016, edici\u00f3n con Sandra Hettmann y Yolanda Melgar Pern\u00edas)<\/span><\/p>\n[\/vc_column_text][\/vc_column_inner][\/vc_row_inner][divider line_type=&#8221;No Line&#8221; custom_height=&#8221;50&#8243;][tabbed_section style=&#8221;default&#8221; alignment=&#8221;left&#8221;][tab title=&#8221;Resumen&#8221; id=&#8221;1458141266438-9f802-162c&#8221; tab_id=&#8221;1472648349586-7&#8243;][vc_column_text]\n<p style=\"text-align: justify;\"><span style=\"color: #b0b0b0;\">Como cr\u00edticos de arte Octavio Paz, Jos\u00e9 Revueltas y Juan Garc\u00eda Ponce se han desempe\u00f1ado, seg\u00fan dec\u00edan algunos de ellos, en tanto &#8220;observadores intuitivos&#8221;.<\/span><\/p>\n<p style=\"text-align: justify;\"><span style=\"color: #b0b0b0;\">En sus intuiciones visuales todos, y esta ser\u00eda la hip\u00f3tesis que queda por verificar a lo largo del ensayo, operan con una noci\u00f3n productiva que descubren en el arte visual, si bien la direcci\u00f3n y finalidad argumentativas var\u00edan. A trav\u00e9s de un an\u00e1lisis comparativo que re\u00fane fragmentos de cr\u00edtica de arte hasta ahora poco estudiados que Paz, Revueltas y Garc\u00eda Ponce conciben en torno a los pintores de la &#8220;Ruptura&#8221; y sus precursores se examinar\u00e1n, por consiguiente, tanto convergencias como divergencias en los modos de acceder a y dar cuenta de la visualidad est\u00e9tica en el M\u00e9xico del &#8220;medio siglo&#8221;.<br \/>\n<\/span><\/p>\n[\/vc_column_text][\/tab][tab title=&#8221;Abstract&#8221; id=&#8221;1458143705926-0&#8243; tab_id=&#8221;1472648350341-4&#8243;][vc_column_text]\n<p style=\"text-align: justify;\"><span style=\"color: #b0b0b0;\">Art criticism is seen by Octavio Paz, Jos\u00e9 Revueltas y Juan Garc\u00eda Ponce as a part of &#8220;<\/span><span style=\"color: #b0b0b0;\">intuitive observation&#8221;. In their visual intuitions, and this is the hypothesis this article seeks to discuss, all of them deal with a productive notion they discover in visual arts, although their arguments differ.<\/span><\/p>\n<p style=\"text-align: justify;\"><span style=\"color: #b0b0b0;\">By a comparative analysis this essay focuses on critical texts which nearly haven\u2019t been studied until now searching for similarity and differences in the art critique Paz, Revueltas and Garc\u00eda Ponce wrote in the 1960s. Comparing their texts about &#8220;Ruptura&#8221; painters and their precursors the article will point out different modes of studying aesthetic visuality in Mexico.<\/span><\/p>\n[\/vc_column_text][\/tab][tab title=&#8221;iMex N\u00b010&#8243; tab_id=&#8221;1472648349963-2&#8243; id=&#8221;1475498423769-8&#8243;][vc_column_text]\n<p style=\"text-align: justify;\"><span style=\"color: #b0b0b0;\"><a class=\"nectar-button n-sc-button small see-through-2 has-icon\" target=\"_blank\" href=\"https:\/\/www.imex-revista.com\/x-editorial\/\" data-color-override=\"#ffffff\" data-hover-color-override=\"false\" data-hover-text-color-override=\"#fff\"><span>Vittoria Bors\u00f2- Editorial<\/span><i class=\"icon-button-arrow\"><\/i><\/a>\n<a class=\"nectar-button n-sc-button small see-through-2 has-icon\" target=\"_blank\" href=\"https:\/\/www.imex-revista.com\/x-estimulo\/\" data-color-override=\"#ffffff\" data-hover-color-override=\"false\" data-hover-text-color-override=\"#fff\"><span>Armando Gonz\u00e1lez Torres - Est\u00edmulo<\/span><i class=\"icon-button-arrow\"><\/i><\/a><\/span><\/p>\n<p style=\"text-align: justify;\"><span style=\"color: #b0b0b0;\"><strong>Paz y Revueltas: figuras indisolubles, pegadas a la realidad del siglo XX<\/strong><\/span><\/p>\n<p style=\"text-align: justify;\"><span style=\"color: #b0b0b0;\"><a class=\"nectar-button n-sc-button small see-through-2 has-icon\" target=\"_blank\" href=\"https:\/\/www.imex-revista.com\/x-cartografia-de-la-identidad\/\" data-color-override=\"#ffffff\" data-hover-color-override=\"false\" data-hover-text-color-override=\"#fff\"><span>\u00c1lvaro Ruiz Abreu \u2013 Cartograf\u00eda de la identidad<\/span><i class=\"icon-button-arrow\"><\/i><\/a>\n<a class=\"nectar-button n-sc-button small see-through-2 has-icon\" target=\"_blank\" href=\"https:\/\/www.imex-revista.com\/x-coincidencias-y-no-coincidencias\/\" data-color-override=\"#ffffff\" data-hover-color-override=\"false\" data-hover-text-color-override=\"#fff\"><span>Sara Poot Herrera \u2012 Coincidencias y no coincidencias<\/span><i class=\"icon-button-arrow\"><\/i><\/a>\n<a class=\"nectar-button n-sc-button small see-through-2 has-icon\" target=\"_blank\" href=\"https:\/\/www.imex-revista.com\/x-entrever-y-escribir\/\" data-color-override=\"#ffffff\" data-hover-color-override=\"false\" data-hover-text-color-override=\"#fff\"><span>Berit Callsen \u2013 Entrever y escribir<\/span><i class=\"icon-button-arrow\"><\/i><\/a>\n<a class=\"nectar-button n-sc-button small see-through-2 has-icon\" target=\"_blank\" href=\"https:\/\/www.imex-revista.com\/x-estetica-y-politica\/\" data-color-override=\"#ffffff\" data-hover-color-override=\"false\" data-hover-text-color-override=\"#fff\"><span>Friedhelm Schmidt-Welle \u2013 Est\u00e9tica y pol\u00edtica<\/span><i class=\"icon-button-arrow\"><\/i><\/a>\n<a class=\"nectar-button n-sc-button small see-through-2 has-icon\" target=\"_blank\" href=\"https:\/\/www.imex-revista.com\/x-dos-formas-de-relacion\/\" data-color-override=\"#ffffff\" data-hover-color-override=\"false\" data-hover-text-color-override=\"#fff\"><span>Tanius Karam C\u00e1rdenas \u2013 Dos formas de relaci\u00f3n<\/span><i class=\"icon-button-arrow\"><\/i><\/a><\/span><\/p>\n<p style=\"text-align: justify;\"><span style=\"color: #b0b0b0;\"><strong>Octavio Paz &#8211; <em>Polyhistor<\/em>: Transferencias entre Latinoam\u00e9rica y Europa<\/strong><\/span><\/p>\n<p style=\"text-align: justify;\"><span style=\"color: #b0b0b0;\"><a class=\"nectar-button n-sc-button small see-through-2 has-icon\" target=\"_blank\" href=\"https:\/\/www.imex-revista.com\/x-octavio-paz-en-barcelona\/\" data-color-override=\"#ffffff\" data-hover-color-override=\"false\" data-hover-text-color-override=\"#fff\"><span>Judith Farr\u00e9 Vidal \u2013 Octavio Paz en Barcelona<\/span><i class=\"icon-button-arrow\"><\/i><\/a>\n<a class=\"nectar-button n-sc-button small see-through-2 has-icon\" target=\"_blank\" href=\"https:\/\/www.imex-revista.com\/x-correspondencia-unseld-paz\/\" data-color-override=\"#ffffff\" data-hover-color-override=\"false\" data-hover-text-color-override=\"#fff\"><span>Gesine M\u00fcller \u2013 Correspondencia Unseld \u2012 Paz<\/span><i class=\"icon-button-arrow\"><\/i><\/a><\/span><\/p>\n<p style=\"text-align: justify;\"><span style=\"color: #b0b0b0;\"><strong>Jos\u00e9 Revueltas &#8211; Internacionalista proletario:\u00a0 De la \u201ctradici\u00f3n minoritaria\u201d a la \u201cliteratura menor\u201d<\/strong><\/span><\/p>\n<p style=\"text-align: justify;\"><span style=\"color: #b0b0b0;\"><a class=\"nectar-button n-sc-button small see-through-2 has-icon\" target=\"_blank\" href=\"https:\/\/www.imex-revista.com\/x-dialectica-negativa-en-el-apando\/\" data-color-override=\"#ffffff\" data-hover-color-override=\"false\" data-hover-text-color-override=\"#fff\"><span>Yunuen G\u00f3mez Ocampo \u2013 Dial\u00e9ctica negative en <em>El apando<\/em><\/span><i class=\"icon-button-arrow\"><\/i><\/a>\n<span style=\"color: #b0b0b0;\"><a class=\"nectar-button n-sc-button small see-through-2 has-icon\" target=\"_blank\" href=\"https:\/\/www.imex-revista.com\/x-aventureras-y-medio-putas\/\" data-color-override=\"#ffffff\" data-hover-color-override=\"false\" data-hover-text-color-override=\"#fff\"><span>Oswaldo Estrada \u2012 Aventureras y medio putas<\/span><i class=\"icon-button-arrow\"><\/i><\/a>\n<a class=\"nectar-button n-sc-button small see-through-2 has-icon\" target=\"_blank\" href=\"https:\/\/www.imex-revista.com\/x-estampas-alemanas\/\" data-color-override=\"#ffffff\" data-hover-color-override=\"false\" data-hover-text-color-override=\"#fff\"><span>Edith Negr\u00edn \u2013 Estampas alemanas<\/span><i class=\"icon-button-arrow\"><\/i><\/a>\n<a class=\"nectar-button n-sc-button small see-through-2 has-icon\" target=\"_blank\" href=\"https:\/\/www.imex-revista.com\/x-pasajes-entre-revueltas-y-goethe\/\" data-color-override=\"#ffffff\" data-hover-color-override=\"false\" data-hover-text-color-override=\"#fff\"><span>Jos\u00e9 Manuel Mateo \u2012 Pasajes entre Revueltas y Goethe<\/span><i class=\"icon-button-arrow\"><\/i><\/a>\n<a class=\"nectar-button n-sc-button small see-through-2 has-icon\" target=\"_blank\" href=\"https:\/\/www.imex-revista.com\/x-jose-revueltas-un-intelectual-contestatario\" data-color-override=\"#ffffff\" data-hover-color-override=\"false\" data-hover-text-color-override=\"#fff\"><span>Vittoria Bors\u00f2 \u2012 Jos\u00e9 Revueltas: un intelectual contestatario<\/span><i class=\"icon-button-arrow\"><\/i><\/a>\n<\/span><\/span><\/p>\n<p style=\"text-align: justify;\"><span style=\"color: #b0b0b0;\"><strong>Octavio Paz y la poes\u00eda mexicana contempor\u00e1nea<\/strong><\/span><\/p>\n<p style=\"text-align: justify;\"><span style=\"color: #b0b0b0;\"><a class=\"nectar-button n-sc-button small see-through-2 has-icon\" target=\"_blank\" href=\"https:\/\/www.imex-revista.com\/x-el-poema-critico\/\" data-color-override=\"#ffffff\" data-hover-color-override=\"false\" data-hover-text-color-override=\"#fff\"><span>Jacobo Sefam\u00ed \u2012 El po\u00e9ma cr\u00edtico<\/span><i class=\"icon-button-arrow\"><\/i><\/a>\n<a class=\"nectar-button n-sc-button small see-through-2 has-icon\" target=\"_blank\" href=\"https:\/\/www.imex-revista.com\/x-resenas\/\" data-color-override=\"#ffffff\" data-hover-color-override=\"false\" data-hover-text-color-override=\"#fff\"><span>Rese\u00f1as<\/span><i class=\"icon-button-arrow\"><\/i><\/a><\/span><\/p>\n[\/vc_column_text][\/tab][\/tabbed_section][\/vc_column][\/vc_row]\n","protected":false},"excerpt":{"rendered":"<p>[vc_row type=&#8221;full_width_background&#8221; bg_image=&#8221;31&#8243; bg_position=&#8221;left top&#8221; bg_repeat=&#8221;no-repeat&#8221; scene_position=&#8221;center&#8221; text_color=&#8221;dark&#8221; text_align=&#8221;left&#8221; top_padding=&#8221;0&#8243; bottom_padding=&#8221;30&#8243; overlay_strength=&#8221;1&#8243;][vc_column column_padding=&#8221;no-extra-padding&#8221; column_padding_position=&#8221;all&#8221; background_color_opacity=&#8221;1&#8243; background_hover_color_opacity=&#8221;1&#8243; width=&#8221;1\/1&#8243;][vc_column_text] [\/vc_column_text][vc_row_inner][vc_column_inner column_padding=&#8221;no-extra-padding&#8221; column_padding_position=&#8221;all&#8221; background_color_opacity=&#8221;1&#8243; width=&#8221;1\/1&#8243;][divider line_type=&#8221;No Line&#8221; custom_height=&#8221;30&#8243;][vc_column_text] Entrever y escribir: La cr\u00edtica&#8230;<\/p>\n","protected":false},"author":2,"featured_media":13205,"comment_status":"open","ping_status":"closed","sticky":false,"template":"","format":"standard","meta":{"footnotes":""},"categories":[580,837],"tags":[],"class_list":["post-4139","post","type-post","status-publish","format-standard","has-post-thumbnail","category-issues","category-x-octavio-paz-and-jose-revueltas"],"yoast_head":"<!-- This site is optimized with the Yoast SEO plugin v28.4 - https:\/\/yoast.com\/product\/yoast-seo-wordpress\/ -->\n<title>X. Entrever y escribir - iMex Revista<\/title>\n<meta name=\"robots\" content=\"index, follow, max-snippet:-1, max-image-preview:large, max-video-preview:-1\" \/>\n<link rel=\"canonical\" href=\"https:\/\/www.imex-revista.com\/en\/x-entrever-y-escribir\/\" \/>\n<meta property=\"og:locale\" content=\"en_US\" \/>\n<meta property=\"og:type\" content=\"article\" \/>\n<meta property=\"og:title\" content=\"X. Entrever y escribir - iMex Revista\" \/>\n<meta property=\"og:description\" content=\"[vc_row type=&#8221;full_width_background&#8221; bg_image=&#8221;31&#8243; bg_position=&#8221;left top&#8221; bg_repeat=&#8221;no-repeat&#8221; scene_position=&#8221;center&#8221; text_color=&#8221;dark&#8221; text_align=&#8221;left&#8221; top_padding=&#8221;0&#8243; bottom_padding=&#8221;30&#8243; overlay_strength=&#8221;1&#8243;][vc_column column_padding=&#8221;no-extra-padding&#8221; column_padding_position=&#8221;all&#8221; background_color_opacity=&#8221;1&#8243; background_hover_color_opacity=&#8221;1&#8243; width=&#8221;1\/1&#8243;][vc_column_text] [\/vc_column_text][vc_row_inner][vc_column_inner column_padding=&#8221;no-extra-padding&#8221; column_padding_position=&#8221;all&#8221; background_color_opacity=&#8221;1&#8243; width=&#8221;1\/1&#8243;][divider line_type=&#8221;No Line&#8221; custom_height=&#8221;30&#8243;][vc_column_text] Entrever y escribir: La cr\u00edtica...\" \/>\n<meta property=\"og:url\" content=\"https:\/\/www.imex-revista.com\/en\/x-entrever-y-escribir\/\" \/>\n<meta property=\"og:site_name\" content=\"iMex Revista\" \/>\n<meta property=\"article:published_time\" content=\"2016-10-04T10:53:25+00:00\" \/>\n<meta property=\"article:modified_time\" content=\"2021-06-01T11:09:18+00:00\" \/>\n<meta property=\"og:image\" content=\"https:\/\/www.imex-revista.com\/wp-content\/uploads\/edicion-10.webp\" \/>\n\t<meta property=\"og:image:width\" content=\"797\" \/>\n\t<meta property=\"og:image:height\" content=\"743\" \/>\n\t<meta property=\"og:image:type\" content=\"image\/webp\" \/>\n<meta name=\"author\" content=\"iMex Revista\" \/>\n<meta name=\"twitter:card\" content=\"summary_large_image\" \/>\n<meta name=\"twitter:label1\" content=\"Written by\" \/>\n\t<meta name=\"twitter:data1\" content=\"iMex Revista\" \/>\n\t<meta name=\"twitter:label2\" content=\"Est. reading time\" \/>\n\t<meta name=\"twitter:data2\" content=\"6 minutes\" \/>\n<script type=\"application\/ld+json\" class=\"yoast-schema-graph\">{\"@context\":\"https:\\\/\\\/schema.org\",\"@graph\":[{\"@type\":\"Article\",\"@id\":\"https:\\\/\\\/www.imex-revista.com\\\/en\\\/x-entrever-y-escribir\\\/#article\",\"isPartOf\":{\"@id\":\"https:\\\/\\\/www.imex-revista.com\\\/en\\\/x-entrever-y-escribir\\\/\"},\"author\":{\"name\":\"iMex Revista\",\"@id\":\"https:\\\/\\\/www.imex-revista.com\\\/#\\\/schema\\\/person\\\/b06ca09ee30633a9bca5919aad53cd1f\"},\"headline\":\"X. Entrever y escribir\",\"datePublished\":\"2016-10-04T10:53:25+00:00\",\"dateModified\":\"2021-06-01T11:09:18+00:00\",\"mainEntityOfPage\":{\"@id\":\"https:\\\/\\\/www.imex-revista.com\\\/en\\\/x-entrever-y-escribir\\\/\"},\"wordCount\":1166,\"commentCount\":0,\"image\":{\"@id\":\"https:\\\/\\\/www.imex-revista.com\\\/en\\\/x-entrever-y-escribir\\\/#primaryimage\"},\"thumbnailUrl\":\"https:\\\/\\\/www.imex-revista.com\\\/wp-content\\\/uploads\\\/edicion-10.webp\",\"articleSection\":[\"Issues\",\"X. Octavio Paz and Jos\u00e9 Revueltas\"],\"inLanguage\":\"en-US\",\"potentialAction\":[{\"@type\":\"CommentAction\",\"name\":\"Comment\",\"target\":[\"https:\\\/\\\/www.imex-revista.com\\\/en\\\/x-entrever-y-escribir\\\/#respond\"]}]},{\"@type\":\"WebPage\",\"@id\":\"https:\\\/\\\/www.imex-revista.com\\\/en\\\/x-entrever-y-escribir\\\/\",\"url\":\"https:\\\/\\\/www.imex-revista.com\\\/en\\\/x-entrever-y-escribir\\\/\",\"name\":\"X. Entrever y escribir - iMex Revista\",\"isPartOf\":{\"@id\":\"https:\\\/\\\/www.imex-revista.com\\\/#website\"},\"primaryImageOfPage\":{\"@id\":\"https:\\\/\\\/www.imex-revista.com\\\/en\\\/x-entrever-y-escribir\\\/#primaryimage\"},\"image\":{\"@id\":\"https:\\\/\\\/www.imex-revista.com\\\/en\\\/x-entrever-y-escribir\\\/#primaryimage\"},\"thumbnailUrl\":\"https:\\\/\\\/www.imex-revista.com\\\/wp-content\\\/uploads\\\/edicion-10.webp\",\"datePublished\":\"2016-10-04T10:53:25+00:00\",\"dateModified\":\"2021-06-01T11:09:18+00:00\",\"author\":{\"@id\":\"https:\\\/\\\/www.imex-revista.com\\\/#\\\/schema\\\/person\\\/b06ca09ee30633a9bca5919aad53cd1f\"},\"breadcrumb\":{\"@id\":\"https:\\\/\\\/www.imex-revista.com\\\/en\\\/x-entrever-y-escribir\\\/#breadcrumb\"},\"inLanguage\":\"en-US\",\"potentialAction\":[{\"@type\":\"ReadAction\",\"target\":[\"https:\\\/\\\/www.imex-revista.com\\\/en\\\/x-entrever-y-escribir\\\/\"]}]},{\"@type\":\"ImageObject\",\"inLanguage\":\"en-US\",\"@id\":\"https:\\\/\\\/www.imex-revista.com\\\/en\\\/x-entrever-y-escribir\\\/#primaryimage\",\"url\":\"https:\\\/\\\/www.imex-revista.com\\\/wp-content\\\/uploads\\\/edicion-10.webp\",\"contentUrl\":\"https:\\\/\\\/www.imex-revista.com\\\/wp-content\\\/uploads\\\/edicion-10.webp\",\"width\":797,\"height\":743},{\"@type\":\"BreadcrumbList\",\"@id\":\"https:\\\/\\\/www.imex-revista.com\\\/en\\\/x-entrever-y-escribir\\\/#breadcrumb\",\"itemListElement\":[{\"@type\":\"ListItem\",\"position\":1,\"name\":\"Home\",\"item\":\"https:\\\/\\\/www.imex-revista.com\\\/en\\\/imex\\\/\"},{\"@type\":\"ListItem\",\"position\":2,\"name\":\"X. Entrever y escribir\"}]},{\"@type\":\"WebSite\",\"@id\":\"https:\\\/\\\/www.imex-revista.com\\\/#website\",\"url\":\"https:\\\/\\\/www.imex-revista.com\\\/\",\"name\":\"iMex Revista\",\"description\":\"iMex Revista\",\"potentialAction\":[{\"@type\":\"SearchAction\",\"target\":{\"@type\":\"EntryPoint\",\"urlTemplate\":\"https:\\\/\\\/www.imex-revista.com\\\/?s={search_term_string}\"},\"query-input\":{\"@type\":\"PropertyValueSpecification\",\"valueRequired\":true,\"valueName\":\"search_term_string\"}}],\"inLanguage\":\"en-US\"},{\"@type\":\"Person\",\"@id\":\"https:\\\/\\\/www.imex-revista.com\\\/#\\\/schema\\\/person\\\/b06ca09ee30633a9bca5919aad53cd1f\",\"name\":\"iMex Revista\",\"url\":\"https:\\\/\\\/www.imex-revista.com\\\/en\\\/author\\\/temelli\\\/\"}]}<\/script>\n<!-- \/ Yoast SEO plugin. -->","yoast_head_json":{"title":"X. Entrever y escribir - iMex Revista","robots":{"index":"index","follow":"follow","max-snippet":"max-snippet:-1","max-image-preview":"max-image-preview:large","max-video-preview":"max-video-preview:-1"},"canonical":"https:\/\/www.imex-revista.com\/en\/x-entrever-y-escribir\/","og_locale":"en_US","og_type":"article","og_title":"X. Entrever y escribir - iMex Revista","og_description":"[vc_row type=&#8221;full_width_background&#8221; bg_image=&#8221;31&#8243; bg_position=&#8221;left top&#8221; bg_repeat=&#8221;no-repeat&#8221; scene_position=&#8221;center&#8221; text_color=&#8221;dark&#8221; text_align=&#8221;left&#8221; top_padding=&#8221;0&#8243; bottom_padding=&#8221;30&#8243; overlay_strength=&#8221;1&#8243;][vc_column column_padding=&#8221;no-extra-padding&#8221; column_padding_position=&#8221;all&#8221; background_color_opacity=&#8221;1&#8243; background_hover_color_opacity=&#8221;1&#8243; width=&#8221;1\/1&#8243;][vc_column_text] [\/vc_column_text][vc_row_inner][vc_column_inner column_padding=&#8221;no-extra-padding&#8221; column_padding_position=&#8221;all&#8221; background_color_opacity=&#8221;1&#8243; width=&#8221;1\/1&#8243;][divider line_type=&#8221;No Line&#8221; custom_height=&#8221;30&#8243;][vc_column_text] Entrever y escribir: La cr\u00edtica...","og_url":"https:\/\/www.imex-revista.com\/en\/x-entrever-y-escribir\/","og_site_name":"iMex Revista","article_published_time":"2016-10-04T10:53:25+00:00","article_modified_time":"2021-06-01T11:09:18+00:00","og_image":[{"width":797,"height":743,"url":"https:\/\/www.imex-revista.com\/wp-content\/uploads\/edicion-10.webp","type":"image\/webp"}],"author":"iMex Revista","twitter_card":"summary_large_image","twitter_misc":{"Written by":"iMex Revista","Est. reading time":"6 minutes"},"schema":{"@context":"https:\/\/schema.org","@graph":[{"@type":"Article","@id":"https:\/\/www.imex-revista.com\/en\/x-entrever-y-escribir\/#article","isPartOf":{"@id":"https:\/\/www.imex-revista.com\/en\/x-entrever-y-escribir\/"},"author":{"name":"iMex Revista","@id":"https:\/\/www.imex-revista.com\/#\/schema\/person\/b06ca09ee30633a9bca5919aad53cd1f"},"headline":"X. Entrever y escribir","datePublished":"2016-10-04T10:53:25+00:00","dateModified":"2021-06-01T11:09:18+00:00","mainEntityOfPage":{"@id":"https:\/\/www.imex-revista.com\/en\/x-entrever-y-escribir\/"},"wordCount":1166,"commentCount":0,"image":{"@id":"https:\/\/www.imex-revista.com\/en\/x-entrever-y-escribir\/#primaryimage"},"thumbnailUrl":"https:\/\/www.imex-revista.com\/wp-content\/uploads\/edicion-10.webp","articleSection":["Issues","X. Octavio Paz and Jos\u00e9 Revueltas"],"inLanguage":"en-US","potentialAction":[{"@type":"CommentAction","name":"Comment","target":["https:\/\/www.imex-revista.com\/en\/x-entrever-y-escribir\/#respond"]}]},{"@type":"WebPage","@id":"https:\/\/www.imex-revista.com\/en\/x-entrever-y-escribir\/","url":"https:\/\/www.imex-revista.com\/en\/x-entrever-y-escribir\/","name":"X. Entrever y escribir - iMex Revista","isPartOf":{"@id":"https:\/\/www.imex-revista.com\/#website"},"primaryImageOfPage":{"@id":"https:\/\/www.imex-revista.com\/en\/x-entrever-y-escribir\/#primaryimage"},"image":{"@id":"https:\/\/www.imex-revista.com\/en\/x-entrever-y-escribir\/#primaryimage"},"thumbnailUrl":"https:\/\/www.imex-revista.com\/wp-content\/uploads\/edicion-10.webp","datePublished":"2016-10-04T10:53:25+00:00","dateModified":"2021-06-01T11:09:18+00:00","author":{"@id":"https:\/\/www.imex-revista.com\/#\/schema\/person\/b06ca09ee30633a9bca5919aad53cd1f"},"breadcrumb":{"@id":"https:\/\/www.imex-revista.com\/en\/x-entrever-y-escribir\/#breadcrumb"},"inLanguage":"en-US","potentialAction":[{"@type":"ReadAction","target":["https:\/\/www.imex-revista.com\/en\/x-entrever-y-escribir\/"]}]},{"@type":"ImageObject","inLanguage":"en-US","@id":"https:\/\/www.imex-revista.com\/en\/x-entrever-y-escribir\/#primaryimage","url":"https:\/\/www.imex-revista.com\/wp-content\/uploads\/edicion-10.webp","contentUrl":"https:\/\/www.imex-revista.com\/wp-content\/uploads\/edicion-10.webp","width":797,"height":743},{"@type":"BreadcrumbList","@id":"https:\/\/www.imex-revista.com\/en\/x-entrever-y-escribir\/#breadcrumb","itemListElement":[{"@type":"ListItem","position":1,"name":"Home","item":"https:\/\/www.imex-revista.com\/en\/imex\/"},{"@type":"ListItem","position":2,"name":"X. Entrever y escribir"}]},{"@type":"WebSite","@id":"https:\/\/www.imex-revista.com\/#website","url":"https:\/\/www.imex-revista.com\/","name":"iMex Revista","description":"iMex Revista","potentialAction":[{"@type":"SearchAction","target":{"@type":"EntryPoint","urlTemplate":"https:\/\/www.imex-revista.com\/?s={search_term_string}"},"query-input":{"@type":"PropertyValueSpecification","valueRequired":true,"valueName":"search_term_string"}}],"inLanguage":"en-US"},{"@type":"Person","@id":"https:\/\/www.imex-revista.com\/#\/schema\/person\/b06ca09ee30633a9bca5919aad53cd1f","name":"iMex Revista","url":"https:\/\/www.imex-revista.com\/en\/author\/temelli\/"}]}},"_links":{"self":[{"href":"https:\/\/www.imex-revista.com\/en\/wp-json\/wp\/v2\/posts\/4139","targetHints":{"allow":["GET"]}}],"collection":[{"href":"https:\/\/www.imex-revista.com\/en\/wp-json\/wp\/v2\/posts"}],"about":[{"href":"https:\/\/www.imex-revista.com\/en\/wp-json\/wp\/v2\/types\/post"}],"author":[{"embeddable":true,"href":"https:\/\/www.imex-revista.com\/en\/wp-json\/wp\/v2\/users\/2"}],"replies":[{"embeddable":true,"href":"https:\/\/www.imex-revista.com\/en\/wp-json\/wp\/v2\/comments?post=4139"}],"version-history":[{"count":1,"href":"https:\/\/www.imex-revista.com\/en\/wp-json\/wp\/v2\/posts\/4139\/revisions"}],"predecessor-version":[{"id":4148,"href":"https:\/\/www.imex-revista.com\/en\/wp-json\/wp\/v2\/posts\/4139\/revisions\/4148"}],"wp:featuredmedia":[{"embeddable":true,"href":"https:\/\/www.imex-revista.com\/en\/wp-json\/wp\/v2\/media\/13205"}],"wp:attachment":[{"href":"https:\/\/www.imex-revista.com\/en\/wp-json\/wp\/v2\/media?parent=4139"}],"wp:term":[{"taxonomy":"category","embeddable":true,"href":"https:\/\/www.imex-revista.com\/en\/wp-json\/wp\/v2\/categories?post=4139"},{"taxonomy":"post_tag","embeddable":true,"href":"https:\/\/www.imex-revista.com\/en\/wp-json\/wp\/v2\/tags?post=4139"}],"curies":[{"name":"wp","href":"https:\/\/api.w.org\/{rel}","templated":true}]}}