{"id":4137,"date":"2016-10-04T11:52:13","date_gmt":"2016-10-04T10:52:13","guid":{"rendered":"http:\/\/p440994.mittwaldserver.info\/en\/?p=4137"},"modified":"2021-06-01T12:09:19","modified_gmt":"2021-06-01T11:09:19","slug":"x-dos-formas-de-relacion","status":"publish","type":"post","link":"https:\/\/www.imex-revista.com\/en\/x-dos-formas-de-relacion\/","title":{"rendered":"X. Dos formas de relaci\u00f3n"},"content":{"rendered":"[vc_row type=&#8221;full_width_background&#8221; bg_image=&#8221;31&#8243; bg_position=&#8221;left top&#8221; bg_repeat=&#8221;no-repeat&#8221; scene_position=&#8221;center&#8221; text_color=&#8221;dark&#8221; text_align=&#8221;left&#8221; top_padding=&#8221;0&#8243; bottom_padding=&#8221;30&#8243; overlay_strength=&#8221;1&#8243;][vc_column column_padding=&#8221;no-extra-padding&#8221; column_padding_position=&#8221;all&#8221; background_color_opacity=&#8221;1&#8243; background_hover_color_opacity=&#8221;1&#8243; width=&#8221;1\/1&#8243;][vc_column_text]\n<p style=\"text-align: center;\"><a class=\"nectar-button n-sc-button small accent-color has-icon regular-button\" target=\"_blank\" href=\"https:\/\/www.imex-revista.com\/wp-content\/uploads\/Edici\u00f3n_Completa_10.pdf\" data-color-override=\"false\" data-hover-color-override=\"false\" data-hover-text-color-override=\"#fff\"><span>Download Edici\u00f3n<\/span><i class=\"icon-button-arrow\"><\/i><\/a> <a class=\"nectar-button n-sc-button small accent-color has-icon regular-button\" target=\"_blank\" href=\"https:\/\/www.imex-revista.com\/wp-content\/uploads\/6Dos-formas-de-relaci\u00f3n_Karam-C\u00e1rdenas_10.pdf\" data-color-override=\"false\" data-hover-color-override=\"false\" data-hover-text-color-override=\"#fff\"><span>Download Art\u00edculo<\/span><i class=\"icon-button-arrow\"><\/i><\/a>\n[\/vc_column_text][vc_row_inner][vc_column_inner column_padding=&#8221;no-extra-padding&#8221; column_padding_position=&#8221;all&#8221; background_color_opacity=&#8221;1&#8243; width=&#8221;1\/1&#8243;][divider line_type=&#8221;No Line&#8221; custom_height=&#8221;30&#8243;][vc_column_text]\n<h3 style=\"text-align: center;\"><strong><span style=\"color: #b0b0b0;\">Jos\u00e9 Revueltas y Octavio Paz, dos formas de relaci\u00f3n.<br \/>\nUna mirada desde los medios de comunicaci\u00f3n masiva (pp. 81-96)<br \/>\n<\/span><\/strong><\/h3>\n[\/vc_column_text][divider line_type=&#8221;No Line&#8221; custom_height=&#8221;80&#8243;][vc_column_text]\n<h3><span style=\"color: #ffffff;\"><strong><span style=\"color: #b0b0b0;\">Prof. Dr. Tanius Karam C\u00e1rdenas<br \/>\n<\/span><\/strong><\/span><\/h3>\n<p style=\"text-align: justify;\"><a href=\"https:\/\/www.imex-revista.com\/wp-content\/uploads\/Karam-C\u00e1rdenas_iMex.png\" rel=\"attachment wp-att-1036\"><img loading=\"lazy\" decoding=\"async\" class=\"wp-image-3892 size-thumbnail alignleft\" src=\"https:\/\/www.imex-revista.com\/wp-content\/uploads\/Karam-C\u00e1rdenas_iMex-150x150.png\" width=\"150\" height=\"150\" srcset=\"https:\/\/www.imex-revista.com\/wp-content\/uploads\/Karam-C\u00e1rdenas_iMex-150x150.png 150w, https:\/\/www.imex-revista.com\/wp-content\/uploads\/Karam-C\u00e1rdenas_iMex-50x50.png 50w, https:\/\/www.imex-revista.com\/wp-content\/uploads\/Karam-C\u00e1rdenas_iMex-100x100.png 100w\" sizes=\"auto, (max-width: 150px) 100vw, 150px\" \/><\/a><span style=\"color: #b0b0b0;\">Tanius Karam C\u00e1rdenas es Doctor en Ciencias de la Informaci\u00f3n por la Universidad Complutense (Madrid). Miembro del Sistema Nacional de Investigadores.<\/span><\/p>\n<p style=\"text-align: justify;\"><span style=\"color: #b0b0b0;\">Es profesor e investigador en la Academia de Comunicaci\u00f3n y Cultura de la Universidad Aut\u00f3noma de la Ciudad de M\u00e9xico (2002 hasta la fecha). Tambi\u00e9n ha sido profesor en varias universidades mexicanas en las \u00e1reas de teor\u00eda de comunicaci\u00f3n, semi\u00f3tica, metodolog\u00edas de comunicaci\u00f3n y estudios culturales.<\/span><\/p>\n<p style=\"text-align: justify;\"><span style=\"color: #b0b0b0;\">Es coordinador del Grupo de Investigaci\u00f3n 7 &#8220;Lenguaje, discurso y semi\u00f3tica&#8221; de la Asociaci\u00f3n Mexicana de Investigadores de la Comunicaci\u00f3n (AMIC) y Vice-Coordinador Continental del Grupo de Investigaci\u00f3n 14 &#8220;Discurso y Comunicaci\u00f3n&#8221; de la Asociaci\u00f3n Latinoamericana de Investigadores de la Comunicaci\u00f3n (ALAIC).<\/span><\/p>\n<p style=\"text-align: justify;\"><span style=\"color: #b0b0b0;\">En sus publicaciones ha sido co-editor del <i>e-book<\/i> <i>Discurso y comunicaci\u00f3n<\/i> (2014), co-autor del estudio <i>Trova Yucateca como experiencia de recepci\u00f3n y consumo cultural en las familias yucatecas <\/i>(2013), compilador del libro <i>Semi\u00f3tica. Problemas y Perspectivas. Homenaje a Juan Angel Magari\u00f1os de Morent\u00edn <\/i>(2013), autor del libro <i>Los derechos humanos en la prensa. La matanza de Acteal (Chiapas)<\/i>(2011) entre muchos otros. Tambi\u00e9n es autor de varias decenas de art\u00edculos publicados en libros, anuarios acad\u00e9micos, revistas especializadas y electr\u00f3nicas de comunicaci\u00f3n en M\u00e9xico y Am\u00e9rica Latina.<\/span><\/p>\n[\/vc_column_text][\/vc_column_inner][\/vc_row_inner][divider line_type=&#8221;No Line&#8221; custom_height=&#8221;50&#8243;][tabbed_section style=&#8221;default&#8221; alignment=&#8221;left&#8221;][tab title=&#8221;Resumen&#8221; id=&#8221;1458141266438-9fefe-f2c2&#8243; tab_id=&#8221;1472471628419-5&#8243;][vc_column_text]\n<p style=\"text-align: justify;\"><span style=\"color: #b0b0b0;\">Este art\u00edculo se inscribe en el homenaje por los 100 a\u00f1os del nacimiento de los escritores O. Paz y J. Revueltas.<\/span><\/p>\n<p style=\"text-align: justify;\"><span style=\"color: #b0b0b0;\">En la primera parte de la ponencia se hace una lectura de los autores desde su relaci\u00f3n con la comunicaci\u00f3n, la prensa y los medios masivos en el M\u00e9xico del siglo XX. Se se\u00f1alan dos modelos de relaci\u00f3n entre estos intelectuales, los medios impresos y audiovisuales, y la comunicaci\u00f3n pol\u00edtica de su \u00e9poca.<\/span><\/p>\n<p style=\"text-align: justify;\"><span style=\"color: #b0b0b0;\">En la segunda parte se hace un r\u00e1pido recuento de las caracter\u00edsticas que tuvo la relaci\u00f3n entre el Estado, la Sociedad y los Medios sobre todo hasta el a\u00f1o 2000.<\/span><\/p>\n<p style=\"text-align: justify;\"><span style=\"color: #b0b0b0;\">Se proponen algunas contribuciones en cuanto al pensamiento y la est\u00e9tica de estos autores con la &#8220;comunicaci\u00f3n disidente&#8221; y &#8220;comunicaci\u00f3n ciudadana&#8221;. Si bien las diferencias entre los autores y la comunicaci\u00f3n son claras, lo que se intenta es tomarlos como pre-texto para despu\u00e9s vincularlos con algunas caracter\u00edsticas de la comunicaci\u00f3n (sobre todo previo al boom de las nuevas tecnolog\u00edas) y lo que ello ha supuesto para la comunicaci\u00f3n ciudadana.<\/span><\/p>\n<p style=\"text-align: justify;\"><span style=\"color: #b0b0b0;\">Hoy d\u00eda existen caracter\u00edsticas de la comunicaci\u00f3n pol\u00edtica en M\u00e9xico muy particulares, si bien hay avances innegables, dista de ser lo deseable para los retos actuales de la democratizaci\u00f3n del pa\u00eds.<\/span><\/p>\n<p style=\"text-align: justify;\"><span style=\"color: #b0b0b0;\">En la parte final se subrayan, a manera de hip\u00f3tesis, algunos v\u00ednculos entre el pensamiento de estos autores y los retos, oportunidades de la comunicaci\u00f3n pol\u00edtica y ciudadana en M\u00e9xico.<\/span><\/p>\n[\/vc_column_text][\/tab][tab title=&#8221;Abstract&#8221; id=&#8221;1458143705926-0&#8243; tab_id=&#8221;1472471629180-2&#8243;][vc_column_text]\n<p style=\"text-align: justify;\"><span style=\"color: #b0b0b0;\">This paper is part of the tribute to the 100th anniversary of the birth of J.Revueltas O.Paz and writers.<\/span><\/p>\n<p style=\"text-align: justify;\"><span style=\"color: #b0b0b0;\">Firstly we analyze about authors related with the media, the press and mass media in Mexican 20<sup>th<\/sup> century. \u00a0We point out two models of relationship between these intellectuals, the print and broadcast media and political communication of his time are indicated.<\/span><\/p>\n<p style=\"text-align: justify;\"><span style=\"color: #b0b0b0;\">Secondly we make a quick count of the features that had the relationship between the state, the society and the media especially until year 2000 is made.<\/span><\/p>\n<p style=\"text-align: justify;\"><span style=\"color: #b0b0b0;\">Finally we underline some links between the thought of these authors and the challenges, opportunities and public communication policy in Mexico.<\/span><\/p>\n[\/vc_column_text][\/tab][tab title=&#8221;iMex N\u00b010&#8243; tab_id=&#8221;1472471628808-0&#8243; id=&#8221;1475493882663-5&#8243;][vc_column_text]\n<p style=\"text-align: justify;\"><span style=\"color: #b0b0b0;\"><a class=\"nectar-button n-sc-button small see-through-2 has-icon\" target=\"_blank\" href=\"https:\/\/www.imex-revista.com\/x-editorial\/\" data-color-override=\"#ffffff\" data-hover-color-override=\"false\" data-hover-text-color-override=\"#fff\"><span>Vittoria Bors\u00f2- Editorial<\/span><i class=\"icon-button-arrow\"><\/i><\/a>\n<a class=\"nectar-button n-sc-button small see-through-2 has-icon\" target=\"_blank\" href=\"https:\/\/www.imex-revista.com\/x-estimulo\/\" data-color-override=\"#ffffff\" data-hover-color-override=\"false\" data-hover-text-color-override=\"#fff\"><span>Armando Gonz\u00e1lez Torres - Est\u00edmulo<\/span><i class=\"icon-button-arrow\"><\/i><\/a><\/span><\/p>\n<p style=\"text-align: justify;\"><span style=\"color: #b0b0b0;\"><strong>Paz y Revueltas: figuras indisolubles, pegadas a la realidad del siglo XX<\/strong><\/span><\/p>\n<p style=\"text-align: justify;\"><span style=\"color: #b0b0b0;\"><a class=\"nectar-button n-sc-button small see-through-2 has-icon\" target=\"_blank\" href=\"https:\/\/www.imex-revista.com\/x-cartografia-de-la-identidad\/\" data-color-override=\"#ffffff\" data-hover-color-override=\"false\" data-hover-text-color-override=\"#fff\"><span>\u00c1lvaro Ruiz Abreu \u2013 Cartograf\u00eda de la identidad<\/span><i class=\"icon-button-arrow\"><\/i><\/a>\n<a class=\"nectar-button n-sc-button small see-through-2 has-icon\" target=\"_blank\" href=\"https:\/\/www.imex-revista.com\/x-coincidencias-y-no-coincidencias\/\" data-color-override=\"#ffffff\" data-hover-color-override=\"false\" data-hover-text-color-override=\"#fff\"><span>Sara Poot Herrera \u2012 Coincidencias y no coincidencias<\/span><i class=\"icon-button-arrow\"><\/i><\/a>\n<a class=\"nectar-button n-sc-button small see-through-2 has-icon\" target=\"_blank\" href=\"https:\/\/www.imex-revista.com\/x-entrever-y-escribir\/\" data-color-override=\"#ffffff\" data-hover-color-override=\"false\" data-hover-text-color-override=\"#fff\"><span>Berit Callsen \u2013 Entrever y escribir<\/span><i class=\"icon-button-arrow\"><\/i><\/a>\n<a class=\"nectar-button n-sc-button small see-through-2 has-icon\" target=\"_blank\" href=\"https:\/\/www.imex-revista.com\/x-estetica-y-politica\/\" data-color-override=\"#ffffff\" data-hover-color-override=\"false\" data-hover-text-color-override=\"#fff\"><span>Friedhelm Schmidt-Welle \u2013 Est\u00e9tica y pol\u00edtica<\/span><i class=\"icon-button-arrow\"><\/i><\/a>\n<a class=\"nectar-button n-sc-button small see-through-2 has-icon\" target=\"_blank\" href=\"https:\/\/www.imex-revista.com\/x-dos-formas-de-relacion\/\" data-color-override=\"#ffffff\" data-hover-color-override=\"false\" data-hover-text-color-override=\"#fff\"><span>Tanius Karam C\u00e1rdenas \u2013 Dos formas de relaci\u00f3n<\/span><i class=\"icon-button-arrow\"><\/i><\/a><\/span><\/p>\n<p style=\"text-align: justify;\"><span style=\"color: #b0b0b0;\"><strong>Octavio Paz &#8211; <em>Polyhistor<\/em>: Transferencias entre Latinoam\u00e9rica y Europa<\/strong><\/span><\/p>\n<p style=\"text-align: justify;\"><span style=\"color: #b0b0b0;\"><a class=\"nectar-button n-sc-button small see-through-2 has-icon\" target=\"_blank\" href=\"https:\/\/www.imex-revista.com\/x-octavio-paz-en-barcelona\/\" data-color-override=\"#ffffff\" data-hover-color-override=\"false\" data-hover-text-color-override=\"#fff\"><span>Judith Farr\u00e9 Vidal \u2013 Octavio Paz en Barcelona<\/span><i class=\"icon-button-arrow\"><\/i><\/a>\n<a class=\"nectar-button n-sc-button small see-through-2 has-icon\" target=\"_blank\" href=\"https:\/\/www.imex-revista.com\/x-correspondencia-unseld-paz\/\" data-color-override=\"#ffffff\" data-hover-color-override=\"false\" data-hover-text-color-override=\"#fff\"><span>Gesine M\u00fcller \u2013 Correspondencia Unseld \u2012 Paz<\/span><i class=\"icon-button-arrow\"><\/i><\/a><\/span><\/p>\n<p style=\"text-align: justify;\"><span style=\"color: #b0b0b0;\"><strong>Jos\u00e9 Revueltas &#8211; Internacionalista proletario:\u00a0 De la \u201ctradici\u00f3n minoritaria\u201d a la \u201cliteratura menor\u201d<\/strong><\/span><\/p>\n<p style=\"text-align: justify;\"><span style=\"color: #b0b0b0;\"><a class=\"nectar-button n-sc-button small see-through-2 has-icon\" target=\"_blank\" href=\"https:\/\/www.imex-revista.com\/x-dialectica-negativa-en-el-apando\/\" data-color-override=\"#ffffff\" data-hover-color-override=\"false\" data-hover-text-color-override=\"#fff\"><span>Yunuen G\u00f3mez Ocampo \u2013 Dial\u00e9ctica negative en <em>El apando<\/em><\/span><i class=\"icon-button-arrow\"><\/i><\/a>\n<span style=\"color: #b0b0b0;\"><a class=\"nectar-button n-sc-button small see-through-2 has-icon\" target=\"_blank\" href=\"https:\/\/www.imex-revista.com\/x-aventureras-y-medio-putas\/\" data-color-override=\"#ffffff\" data-hover-color-override=\"false\" data-hover-text-color-override=\"#fff\"><span>Oswaldo Estrada \u2012 Aventureras y medio putas<\/span><i class=\"icon-button-arrow\"><\/i><\/a>\n<a class=\"nectar-button n-sc-button small see-through-2 has-icon\" target=\"_blank\" href=\"https:\/\/www.imex-revista.com\/x-estampas-alemanas\/\" data-color-override=\"#ffffff\" data-hover-color-override=\"false\" data-hover-text-color-override=\"#fff\"><span>Edith Negr\u00edn \u2013 Estampas alemanas<\/span><i class=\"icon-button-arrow\"><\/i><\/a>\n<a class=\"nectar-button n-sc-button small see-through-2 has-icon\" target=\"_blank\" href=\"https:\/\/www.imex-revista.com\/x-pasajes-entre-revueltas-y-goethe\/\" data-color-override=\"#ffffff\" data-hover-color-override=\"false\" data-hover-text-color-override=\"#fff\"><span>Jos\u00e9 Manuel Mateo \u2012 Pasajes entre Revueltas y Goethe<\/span><i class=\"icon-button-arrow\"><\/i><\/a>\n<a class=\"nectar-button n-sc-button small see-through-2 has-icon\" target=\"_blank\" href=\"https:\/\/www.imex-revista.com\/x-jose-revueltas-un-intelectual-contestatario\" data-color-override=\"#ffffff\" data-hover-color-override=\"false\" data-hover-text-color-override=\"#fff\"><span>Vittoria Bors\u00f2 \u2012 Jos\u00e9 Revueltas: un intelectual contestatario<\/span><i class=\"icon-button-arrow\"><\/i><\/a>\n<\/span><\/span><\/p>\n<p style=\"text-align: justify;\"><span style=\"color: #b0b0b0;\"><strong>Octavio Paz y la poes\u00eda mexicana contempor\u00e1nea<\/strong><\/span><\/p>\n<p style=\"text-align: justify;\"><span style=\"color: #b0b0b0;\"><a class=\"nectar-button n-sc-button small see-through-2 has-icon\" target=\"_blank\" href=\"https:\/\/www.imex-revista.com\/x-el-poema-critico\/\" data-color-override=\"#ffffff\" data-hover-color-override=\"false\" data-hover-text-color-override=\"#fff\"><span>Jacobo Sefam\u00ed \u2012 El po\u00e9ma cr\u00edtico<\/span><i class=\"icon-button-arrow\"><\/i><\/a>\n<a class=\"nectar-button n-sc-button small see-through-2 has-icon\" target=\"_blank\" href=\"https:\/\/www.imex-revista.com\/x-resenas\/\" data-color-override=\"#ffffff\" data-hover-color-override=\"false\" data-hover-text-color-override=\"#fff\"><span>Rese\u00f1as<\/span><i class=\"icon-button-arrow\"><\/i><\/a><\/span><\/p>\n[\/vc_column_text][\/tab][\/tabbed_section][\/vc_column][\/vc_row]\n","protected":false},"excerpt":{"rendered":"<p>[vc_row type=&#8221;full_width_background&#8221; bg_image=&#8221;31&#8243; bg_position=&#8221;left top&#8221; bg_repeat=&#8221;no-repeat&#8221; scene_position=&#8221;center&#8221; text_color=&#8221;dark&#8221; text_align=&#8221;left&#8221; top_padding=&#8221;0&#8243; bottom_padding=&#8221;30&#8243; overlay_strength=&#8221;1&#8243;][vc_column column_padding=&#8221;no-extra-padding&#8221; column_padding_position=&#8221;all&#8221; background_color_opacity=&#8221;1&#8243; background_hover_color_opacity=&#8221;1&#8243; width=&#8221;1\/1&#8243;][vc_column_text] [\/vc_column_text][vc_row_inner][vc_column_inner column_padding=&#8221;no-extra-padding&#8221; column_padding_position=&#8221;all&#8221; background_color_opacity=&#8221;1&#8243; width=&#8221;1\/1&#8243;][divider line_type=&#8221;No Line&#8221; custom_height=&#8221;30&#8243;][vc_column_text] Jos\u00e9 Revueltas y Octavio Paz,&#8230;<\/p>\n","protected":false},"author":2,"featured_media":13205,"comment_status":"open","ping_status":"closed","sticky":false,"template":"","format":"standard","meta":{"footnotes":""},"categories":[580,837],"tags":[829,826],"class_list":["post-4137","post","type-post","status-publish","format-standard","has-post-thumbnail","category-issues","category-x-octavio-paz-and-jose-revueltas","tag-discurso-politico","tag-prensa"],"yoast_head":"<!-- This site is optimized with the Yoast SEO plugin v28.4 - https:\/\/yoast.com\/product\/yoast-seo-wordpress\/ -->\n<title>X. Dos formas de relaci\u00f3n - iMex Revista<\/title>\n<meta name=\"robots\" content=\"index, follow, max-snippet:-1, max-image-preview:large, max-video-preview:-1\" \/>\n<link rel=\"canonical\" href=\"https:\/\/www.imex-revista.com\/en\/x-dos-formas-de-relacion\/\" \/>\n<meta property=\"og:locale\" content=\"en_US\" \/>\n<meta property=\"og:type\" content=\"article\" \/>\n<meta property=\"og:title\" content=\"X. Dos formas de relaci\u00f3n - iMex Revista\" \/>\n<meta property=\"og:description\" content=\"[vc_row type=&#8221;full_width_background&#8221; bg_image=&#8221;31&#8243; bg_position=&#8221;left top&#8221; bg_repeat=&#8221;no-repeat&#8221; scene_position=&#8221;center&#8221; text_color=&#8221;dark&#8221; text_align=&#8221;left&#8221; top_padding=&#8221;0&#8243; bottom_padding=&#8221;30&#8243; overlay_strength=&#8221;1&#8243;][vc_column column_padding=&#8221;no-extra-padding&#8221; column_padding_position=&#8221;all&#8221; background_color_opacity=&#8221;1&#8243; background_hover_color_opacity=&#8221;1&#8243; width=&#8221;1\/1&#8243;][vc_column_text] [\/vc_column_text][vc_row_inner][vc_column_inner column_padding=&#8221;no-extra-padding&#8221; column_padding_position=&#8221;all&#8221; background_color_opacity=&#8221;1&#8243; width=&#8221;1\/1&#8243;][divider line_type=&#8221;No Line&#8221; custom_height=&#8221;30&#8243;][vc_column_text] Jos\u00e9 Revueltas y Octavio Paz,...\" \/>\n<meta property=\"og:url\" content=\"https:\/\/www.imex-revista.com\/en\/x-dos-formas-de-relacion\/\" \/>\n<meta property=\"og:site_name\" content=\"iMex Revista\" \/>\n<meta property=\"article:published_time\" content=\"2016-10-04T10:52:13+00:00\" \/>\n<meta property=\"article:modified_time\" content=\"2021-06-01T11:09:19+00:00\" \/>\n<meta property=\"og:image\" content=\"https:\/\/www.imex-revista.com\/wp-content\/uploads\/edicion-10.webp\" \/>\n\t<meta property=\"og:image:width\" content=\"797\" \/>\n\t<meta property=\"og:image:height\" content=\"743\" \/>\n\t<meta property=\"og:image:type\" content=\"image\/webp\" \/>\n<meta name=\"author\" content=\"iMex Revista\" \/>\n<meta name=\"twitter:card\" content=\"summary_large_image\" \/>\n<meta name=\"twitter:label1\" content=\"Written by\" \/>\n\t<meta name=\"twitter:data1\" content=\"iMex Revista\" \/>\n\t<meta name=\"twitter:label2\" content=\"Est. reading time\" \/>\n\t<meta name=\"twitter:data2\" content=\"7 minutes\" \/>\n<script type=\"application\/ld+json\" class=\"yoast-schema-graph\">{\"@context\":\"https:\\\/\\\/schema.org\",\"@graph\":[{\"@type\":\"Article\",\"@id\":\"https:\\\/\\\/www.imex-revista.com\\\/en\\\/x-dos-formas-de-relacion\\\/#article\",\"isPartOf\":{\"@id\":\"https:\\\/\\\/www.imex-revista.com\\\/en\\\/x-dos-formas-de-relacion\\\/\"},\"author\":{\"name\":\"iMex Revista\",\"@id\":\"https:\\\/\\\/www.imex-revista.com\\\/#\\\/schema\\\/person\\\/b06ca09ee30633a9bca5919aad53cd1f\"},\"headline\":\"X. Dos formas de relaci\u00f3n\",\"datePublished\":\"2016-10-04T10:52:13+00:00\",\"dateModified\":\"2021-06-01T11:09:19+00:00\",\"mainEntityOfPage\":{\"@id\":\"https:\\\/\\\/www.imex-revista.com\\\/en\\\/x-dos-formas-de-relacion\\\/\"},\"wordCount\":1429,\"commentCount\":0,\"image\":{\"@id\":\"https:\\\/\\\/www.imex-revista.com\\\/en\\\/x-dos-formas-de-relacion\\\/#primaryimage\"},\"thumbnailUrl\":\"https:\\\/\\\/www.imex-revista.com\\\/wp-content\\\/uploads\\\/edicion-10.webp\",\"keywords\":[\"Discurso pol\u00edtico\",\"Prensa\"],\"articleSection\":[\"Issues\",\"X. Octavio Paz and Jos\u00e9 Revueltas\"],\"inLanguage\":\"en-US\",\"potentialAction\":[{\"@type\":\"CommentAction\",\"name\":\"Comment\",\"target\":[\"https:\\\/\\\/www.imex-revista.com\\\/en\\\/x-dos-formas-de-relacion\\\/#respond\"]}]},{\"@type\":\"WebPage\",\"@id\":\"https:\\\/\\\/www.imex-revista.com\\\/en\\\/x-dos-formas-de-relacion\\\/\",\"url\":\"https:\\\/\\\/www.imex-revista.com\\\/en\\\/x-dos-formas-de-relacion\\\/\",\"name\":\"X. Dos formas de relaci\u00f3n - iMex Revista\",\"isPartOf\":{\"@id\":\"https:\\\/\\\/www.imex-revista.com\\\/#website\"},\"primaryImageOfPage\":{\"@id\":\"https:\\\/\\\/www.imex-revista.com\\\/en\\\/x-dos-formas-de-relacion\\\/#primaryimage\"},\"image\":{\"@id\":\"https:\\\/\\\/www.imex-revista.com\\\/en\\\/x-dos-formas-de-relacion\\\/#primaryimage\"},\"thumbnailUrl\":\"https:\\\/\\\/www.imex-revista.com\\\/wp-content\\\/uploads\\\/edicion-10.webp\",\"datePublished\":\"2016-10-04T10:52:13+00:00\",\"dateModified\":\"2021-06-01T11:09:19+00:00\",\"author\":{\"@id\":\"https:\\\/\\\/www.imex-revista.com\\\/#\\\/schema\\\/person\\\/b06ca09ee30633a9bca5919aad53cd1f\"},\"breadcrumb\":{\"@id\":\"https:\\\/\\\/www.imex-revista.com\\\/en\\\/x-dos-formas-de-relacion\\\/#breadcrumb\"},\"inLanguage\":\"en-US\",\"potentialAction\":[{\"@type\":\"ReadAction\",\"target\":[\"https:\\\/\\\/www.imex-revista.com\\\/en\\\/x-dos-formas-de-relacion\\\/\"]}]},{\"@type\":\"ImageObject\",\"inLanguage\":\"en-US\",\"@id\":\"https:\\\/\\\/www.imex-revista.com\\\/en\\\/x-dos-formas-de-relacion\\\/#primaryimage\",\"url\":\"https:\\\/\\\/www.imex-revista.com\\\/wp-content\\\/uploads\\\/edicion-10.webp\",\"contentUrl\":\"https:\\\/\\\/www.imex-revista.com\\\/wp-content\\\/uploads\\\/edicion-10.webp\",\"width\":797,\"height\":743},{\"@type\":\"BreadcrumbList\",\"@id\":\"https:\\\/\\\/www.imex-revista.com\\\/en\\\/x-dos-formas-de-relacion\\\/#breadcrumb\",\"itemListElement\":[{\"@type\":\"ListItem\",\"position\":1,\"name\":\"Home\",\"item\":\"https:\\\/\\\/www.imex-revista.com\\\/en\\\/imex\\\/\"},{\"@type\":\"ListItem\",\"position\":2,\"name\":\"X. Dos formas de relaci\u00f3n\"}]},{\"@type\":\"WebSite\",\"@id\":\"https:\\\/\\\/www.imex-revista.com\\\/#website\",\"url\":\"https:\\\/\\\/www.imex-revista.com\\\/\",\"name\":\"iMex Revista\",\"description\":\"iMex Revista\",\"potentialAction\":[{\"@type\":\"SearchAction\",\"target\":{\"@type\":\"EntryPoint\",\"urlTemplate\":\"https:\\\/\\\/www.imex-revista.com\\\/?s={search_term_string}\"},\"query-input\":{\"@type\":\"PropertyValueSpecification\",\"valueRequired\":true,\"valueName\":\"search_term_string\"}}],\"inLanguage\":\"en-US\"},{\"@type\":\"Person\",\"@id\":\"https:\\\/\\\/www.imex-revista.com\\\/#\\\/schema\\\/person\\\/b06ca09ee30633a9bca5919aad53cd1f\",\"name\":\"iMex Revista\",\"url\":\"https:\\\/\\\/www.imex-revista.com\\\/en\\\/author\\\/temelli\\\/\"}]}<\/script>\n<!-- \/ Yoast SEO plugin. -->","yoast_head_json":{"title":"X. Dos formas de relaci\u00f3n - iMex Revista","robots":{"index":"index","follow":"follow","max-snippet":"max-snippet:-1","max-image-preview":"max-image-preview:large","max-video-preview":"max-video-preview:-1"},"canonical":"https:\/\/www.imex-revista.com\/en\/x-dos-formas-de-relacion\/","og_locale":"en_US","og_type":"article","og_title":"X. Dos formas de relaci\u00f3n - iMex Revista","og_description":"[vc_row type=&#8221;full_width_background&#8221; bg_image=&#8221;31&#8243; bg_position=&#8221;left top&#8221; bg_repeat=&#8221;no-repeat&#8221; scene_position=&#8221;center&#8221; text_color=&#8221;dark&#8221; text_align=&#8221;left&#8221; top_padding=&#8221;0&#8243; bottom_padding=&#8221;30&#8243; overlay_strength=&#8221;1&#8243;][vc_column column_padding=&#8221;no-extra-padding&#8221; column_padding_position=&#8221;all&#8221; background_color_opacity=&#8221;1&#8243; background_hover_color_opacity=&#8221;1&#8243; width=&#8221;1\/1&#8243;][vc_column_text] [\/vc_column_text][vc_row_inner][vc_column_inner column_padding=&#8221;no-extra-padding&#8221; column_padding_position=&#8221;all&#8221; background_color_opacity=&#8221;1&#8243; width=&#8221;1\/1&#8243;][divider line_type=&#8221;No Line&#8221; custom_height=&#8221;30&#8243;][vc_column_text] Jos\u00e9 Revueltas y Octavio Paz,...","og_url":"https:\/\/www.imex-revista.com\/en\/x-dos-formas-de-relacion\/","og_site_name":"iMex Revista","article_published_time":"2016-10-04T10:52:13+00:00","article_modified_time":"2021-06-01T11:09:19+00:00","og_image":[{"width":797,"height":743,"url":"https:\/\/www.imex-revista.com\/wp-content\/uploads\/edicion-10.webp","type":"image\/webp"}],"author":"iMex Revista","twitter_card":"summary_large_image","twitter_misc":{"Written by":"iMex Revista","Est. reading time":"7 minutes"},"schema":{"@context":"https:\/\/schema.org","@graph":[{"@type":"Article","@id":"https:\/\/www.imex-revista.com\/en\/x-dos-formas-de-relacion\/#article","isPartOf":{"@id":"https:\/\/www.imex-revista.com\/en\/x-dos-formas-de-relacion\/"},"author":{"name":"iMex Revista","@id":"https:\/\/www.imex-revista.com\/#\/schema\/person\/b06ca09ee30633a9bca5919aad53cd1f"},"headline":"X. Dos formas de relaci\u00f3n","datePublished":"2016-10-04T10:52:13+00:00","dateModified":"2021-06-01T11:09:19+00:00","mainEntityOfPage":{"@id":"https:\/\/www.imex-revista.com\/en\/x-dos-formas-de-relacion\/"},"wordCount":1429,"commentCount":0,"image":{"@id":"https:\/\/www.imex-revista.com\/en\/x-dos-formas-de-relacion\/#primaryimage"},"thumbnailUrl":"https:\/\/www.imex-revista.com\/wp-content\/uploads\/edicion-10.webp","keywords":["Discurso pol\u00edtico","Prensa"],"articleSection":["Issues","X. Octavio Paz and Jos\u00e9 Revueltas"],"inLanguage":"en-US","potentialAction":[{"@type":"CommentAction","name":"Comment","target":["https:\/\/www.imex-revista.com\/en\/x-dos-formas-de-relacion\/#respond"]}]},{"@type":"WebPage","@id":"https:\/\/www.imex-revista.com\/en\/x-dos-formas-de-relacion\/","url":"https:\/\/www.imex-revista.com\/en\/x-dos-formas-de-relacion\/","name":"X. Dos formas de relaci\u00f3n - iMex Revista","isPartOf":{"@id":"https:\/\/www.imex-revista.com\/#website"},"primaryImageOfPage":{"@id":"https:\/\/www.imex-revista.com\/en\/x-dos-formas-de-relacion\/#primaryimage"},"image":{"@id":"https:\/\/www.imex-revista.com\/en\/x-dos-formas-de-relacion\/#primaryimage"},"thumbnailUrl":"https:\/\/www.imex-revista.com\/wp-content\/uploads\/edicion-10.webp","datePublished":"2016-10-04T10:52:13+00:00","dateModified":"2021-06-01T11:09:19+00:00","author":{"@id":"https:\/\/www.imex-revista.com\/#\/schema\/person\/b06ca09ee30633a9bca5919aad53cd1f"},"breadcrumb":{"@id":"https:\/\/www.imex-revista.com\/en\/x-dos-formas-de-relacion\/#breadcrumb"},"inLanguage":"en-US","potentialAction":[{"@type":"ReadAction","target":["https:\/\/www.imex-revista.com\/en\/x-dos-formas-de-relacion\/"]}]},{"@type":"ImageObject","inLanguage":"en-US","@id":"https:\/\/www.imex-revista.com\/en\/x-dos-formas-de-relacion\/#primaryimage","url":"https:\/\/www.imex-revista.com\/wp-content\/uploads\/edicion-10.webp","contentUrl":"https:\/\/www.imex-revista.com\/wp-content\/uploads\/edicion-10.webp","width":797,"height":743},{"@type":"BreadcrumbList","@id":"https:\/\/www.imex-revista.com\/en\/x-dos-formas-de-relacion\/#breadcrumb","itemListElement":[{"@type":"ListItem","position":1,"name":"Home","item":"https:\/\/www.imex-revista.com\/en\/imex\/"},{"@type":"ListItem","position":2,"name":"X. Dos formas de relaci\u00f3n"}]},{"@type":"WebSite","@id":"https:\/\/www.imex-revista.com\/#website","url":"https:\/\/www.imex-revista.com\/","name":"iMex Revista","description":"iMex Revista","potentialAction":[{"@type":"SearchAction","target":{"@type":"EntryPoint","urlTemplate":"https:\/\/www.imex-revista.com\/?s={search_term_string}"},"query-input":{"@type":"PropertyValueSpecification","valueRequired":true,"valueName":"search_term_string"}}],"inLanguage":"en-US"},{"@type":"Person","@id":"https:\/\/www.imex-revista.com\/#\/schema\/person\/b06ca09ee30633a9bca5919aad53cd1f","name":"iMex Revista","url":"https:\/\/www.imex-revista.com\/en\/author\/temelli\/"}]}},"_links":{"self":[{"href":"https:\/\/www.imex-revista.com\/en\/wp-json\/wp\/v2\/posts\/4137","targetHints":{"allow":["GET"]}}],"collection":[{"href":"https:\/\/www.imex-revista.com\/en\/wp-json\/wp\/v2\/posts"}],"about":[{"href":"https:\/\/www.imex-revista.com\/en\/wp-json\/wp\/v2\/types\/post"}],"author":[{"embeddable":true,"href":"https:\/\/www.imex-revista.com\/en\/wp-json\/wp\/v2\/users\/2"}],"replies":[{"embeddable":true,"href":"https:\/\/www.imex-revista.com\/en\/wp-json\/wp\/v2\/comments?post=4137"}],"version-history":[{"count":4,"href":"https:\/\/www.imex-revista.com\/en\/wp-json\/wp\/v2\/posts\/4137\/revisions"}],"predecessor-version":[{"id":4163,"href":"https:\/\/www.imex-revista.com\/en\/wp-json\/wp\/v2\/posts\/4137\/revisions\/4163"}],"wp:featuredmedia":[{"embeddable":true,"href":"https:\/\/www.imex-revista.com\/en\/wp-json\/wp\/v2\/media\/13205"}],"wp:attachment":[{"href":"https:\/\/www.imex-revista.com\/en\/wp-json\/wp\/v2\/media?parent=4137"}],"wp:term":[{"taxonomy":"category","embeddable":true,"href":"https:\/\/www.imex-revista.com\/en\/wp-json\/wp\/v2\/categories?post=4137"},{"taxonomy":"post_tag","embeddable":true,"href":"https:\/\/www.imex-revista.com\/en\/wp-json\/wp\/v2\/tags?post=4137"}],"curies":[{"name":"wp","href":"https:\/\/api.w.org\/{rel}","templated":true}]}}