{"id":4125,"date":"2016-10-04T11:47:58","date_gmt":"2016-10-04T10:47:58","guid":{"rendered":"http:\/\/p440994.mittwaldserver.info\/en\/?p=4125"},"modified":"2021-06-01T12:09:21","modified_gmt":"2021-06-01T11:09:21","slug":"x-aventureras-y-medio-putas","status":"publish","type":"post","link":"https:\/\/www.imex-revista.com\/en\/x-aventureras-y-medio-putas\/","title":{"rendered":"X. Aventureras y &#8216;medio putas&#8217;"},"content":{"rendered":"[vc_row type=&#8221;full_width_background&#8221; bg_image=&#8221;31&#8243; bg_position=&#8221;left top&#8221; bg_repeat=&#8221;no-repeat&#8221; scene_position=&#8221;center&#8221; text_color=&#8221;dark&#8221; text_align=&#8221;left&#8221; top_padding=&#8221;0&#8243; bottom_padding=&#8221;30&#8243; overlay_strength=&#8221;1&#8243;][vc_column column_padding=&#8221;no-extra-padding&#8221; column_padding_position=&#8221;all&#8221; background_color_opacity=&#8221;1&#8243; background_hover_color_opacity=&#8221;1&#8243; width=&#8221;1\/1&#8243;][vc_column_text]\n<p style=\"text-align: center;\"><a class=\"nectar-button n-sc-button small accent-color has-icon regular-button\" target=\"_blank\" href=\"https:\/\/www.imex-revista.com\/wp-content\/uploads\/Edici\u00f3n_Completa_10.pdf\" data-color-override=\"false\" data-hover-color-override=\"false\" data-hover-text-color-override=\"#fff\"><span>Download Edici\u00f3n<\/span><i class=\"icon-button-arrow\"><\/i><\/a> <a class=\"nectar-button n-sc-button small accent-color has-icon regular-button\" target=\"_blank\" href=\"https:\/\/www.imex-revista.com\/wp-content\/uploads\/10Aventureras-y-medio-putas_Estrada_10.pdf\" data-color-override=\"false\" data-hover-color-override=\"false\" data-hover-text-color-override=\"#fff\"><span>Download Art\u00edculo<\/span><i class=\"icon-button-arrow\"><\/i><\/a>\n[\/vc_column_text][vc_row_inner][vc_column_inner column_padding=&#8221;no-extra-padding&#8221; column_padding_position=&#8221;all&#8221; background_color_opacity=&#8221;1&#8243; width=&#8221;1\/1&#8243;][divider line_type=&#8221;No Line&#8221; custom_height=&#8221;30&#8243;][vc_column_text]\n<h3 style=\"text-align: center;\"><strong><span style=\"color: #b0b0b0;\">Aventureras y &#8216;medio putas&#8217; en la narrativa breve del \u00faltimo Jos\u00e9 Revueltas (pp. 130-142)<br \/>\n<\/span><\/strong><\/h3>\n[\/vc_column_text][divider line_type=&#8221;No Line&#8221; custom_height=&#8221;80&#8243;][vc_column_text]\n<h3><span style=\"color: #ffffff;\"><strong><span style=\"color: #b0b0b0;\">Prof. Dr. Oswaldo Estrada<br \/>\n<\/span><\/strong><\/span><\/h3>\n<p style=\"text-align: justify;\"><a href=\"https:\/\/www.imex-revista.com\/wp-content\/uploads\/Oswaldo_Estrada.jpg\" rel=\"attachment wp-att-1036\"><img loading=\"lazy\" decoding=\"async\" class=\"alignleft wp-image-3935 size-full\" src=\"https:\/\/www.imex-revista.com\/wp-content\/uploads\/Oswaldo_Estrada.jpg\" width=\"200\" height=\"267\" \/><\/a><\/p>\n<p style=\"text-align: justify;\"><span style=\"color: #b0b0b0;\">Oswaldo Estrada es profesor de literatura latinoamericana en The University of North Carolina at Chapel Hill, y editor de <em>Romance Notes<\/em>. Centr\u00e1ndose en las literaturas de M\u00e9xico y el Per\u00fa ha escrito numerosos art\u00edculos en torno al g\u00e9nero y la identidad, la memoria hist\u00f3rica y diversas representaciones de la otredad. Es autor de <em>La imaginaci\u00f3n novelesca. Bernal D\u00edaz entre g\u00e9neros y \u00e9pocas<\/em> (Iberoamericana \/ Vervuert, 2009) y de <em>Ser mujer y estar presente. Disidencias de g\u00e9nero en la literatura mexicana contempor\u00e1nea<\/em> (UNAM, 2014). Es co-autor y editor de <em>Cristina Rivera Garza. Ning\u00fan cr\u00edtico cuenta esto\u2026<\/em> (E\u00f3n \/ UNC-Chapel Hill \/ UC-Mexicanistas, 2010), <em>Colonial Itineraries of Contemporary Mexico. Literary and Cultural Inquiries<\/em> (con Anna M. Nogar, U of Arizona P, 2014) y <em>Senderos de violencia. Latinoam\u00e9rica y sus narrativas armadas<\/em> (Albatros, 2015).<\/span><\/p>\n[\/vc_column_text][\/vc_column_inner][\/vc_row_inner][divider line_type=&#8221;No Line&#8221; custom_height=&#8221;50&#8243;][tabbed_section style=&#8221;default&#8221; alignment=&#8221;left&#8221;][tab title=&#8221;Resumen&#8221; id=&#8221;1458141266438-9fa94-6015&#8243; tab_id=&#8221;1472473525009-4&#8243;][vc_column_text]\n<p style=\"text-align: justify;\"><span style=\"color: #b0b0b0;\">Tomando en cuenta la novela <em>El apando<\/em> (1969) y los \u00faltimos cuentos de Revueltas reunidos en <em>Material de los sue\u00f1os<\/em> (1974), este ensayo analiza la manera en que el escritor mexicano manipula el perfil de las prostitutas, creando personajes femeninos que desestabilizan modelos heredados. Gracias a una serie giros inusuales, descripciones sorprendentes y transgresiones inesperadas, las prostitutas que encontramos en el \u00faltimo Revueltas muestran formas alternativas de ser mujer. Esta maniobra narrativa nos obliga a calibrar el perpetuo estigma de la prostituta y su lugar marginal en una cultura mexicana regida por una doble moral.<\/span><\/p>\n[\/vc_column_text][\/tab][tab title=&#8221;Abstract&#8221; id=&#8221;1458143705926-0&#8243; tab_id=&#8221;1472473525794-10&#8243;][vc_column_text]\n<p style=\"text-align: justify;\"><span style=\"color: #b0b0b0;\">Taking into account the novel <em>El apando<\/em> (1969) and the last short stories that Revueltas gathered in <em>Material de los sue\u00f1os<\/em> (1974), this essay analyzes how the Mexican writer manipulates the profile of the prostitute, in order to create female characters that destabilize inherited models. Thanks to a set of unusual turns, innovative descriptions, and unexpected transgressions, the prostitutes that we find in Revueltas\u2019s last compositions show alternative ways of being a woman. This textual maneuver forces us to reconsider the stigmatization of prostitutes, as well as their marginal place within a Mexican culture that promotes a double standard.<\/span><\/p>\n[\/vc_column_text][\/tab][tab title=&#8221;iMex N\u00b010&#8243; tab_id=&#8221;1472473525401-8&#8243; id=&#8221;1475497976592-7&#8243;][vc_column_text]\n<p style=\"text-align: justify;\"><span style=\"color: #b0b0b0;\"><a class=\"nectar-button n-sc-button small see-through-2 has-icon\" target=\"_blank\" href=\"https:\/\/www.imex-revista.com\/x-editorial\/\" data-color-override=\"#ffffff\" data-hover-color-override=\"false\" data-hover-text-color-override=\"#fff\"><span>Vittoria Bors\u00f2- Editorial<\/span><i class=\"icon-button-arrow\"><\/i><\/a>\n<a class=\"nectar-button n-sc-button small see-through-2 has-icon\" target=\"_blank\" href=\"https:\/\/www.imex-revista.com\/x-estimulo\/\" data-color-override=\"#ffffff\" data-hover-color-override=\"false\" data-hover-text-color-override=\"#fff\"><span>Armando Gonz\u00e1lez Torres - Est\u00edmulo<\/span><i class=\"icon-button-arrow\"><\/i><\/a><\/span><\/p>\n<p style=\"text-align: justify;\"><span style=\"color: #b0b0b0;\"><strong>Paz y Revueltas: figuras indisolubles, pegadas a la realidad del siglo XX<\/strong><\/span><\/p>\n<p style=\"text-align: justify;\"><span style=\"color: #b0b0b0;\"><a class=\"nectar-button n-sc-button small see-through-2 has-icon\" target=\"_blank\" href=\"https:\/\/www.imex-revista.com\/x-cartografia-de-la-identidad\/\" data-color-override=\"#ffffff\" data-hover-color-override=\"false\" data-hover-text-color-override=\"#fff\"><span>\u00c1lvaro Ruiz Abreu \u2013 Cartograf\u00eda de la identidad<\/span><i class=\"icon-button-arrow\"><\/i><\/a>\n<a class=\"nectar-button n-sc-button small see-through-2 has-icon\" target=\"_blank\" href=\"https:\/\/www.imex-revista.com\/x-coincidencias-y-no-coincidencias\/\" data-color-override=\"#ffffff\" data-hover-color-override=\"false\" data-hover-text-color-override=\"#fff\"><span>Sara Poot Herrera \u2012 Coincidencias y no coincidencias<\/span><i class=\"icon-button-arrow\"><\/i><\/a>\n<a class=\"nectar-button n-sc-button small see-through-2 has-icon\" target=\"_blank\" href=\"https:\/\/www.imex-revista.com\/x-entrever-y-escribir\/\" data-color-override=\"#ffffff\" data-hover-color-override=\"false\" data-hover-text-color-override=\"#fff\"><span>Berit Callsen \u2013 Entrever y escribir<\/span><i class=\"icon-button-arrow\"><\/i><\/a>\n<a class=\"nectar-button n-sc-button small see-through-2 has-icon\" target=\"_blank\" href=\"https:\/\/www.imex-revista.com\/x-estetica-y-politica\/\" data-color-override=\"#ffffff\" data-hover-color-override=\"false\" data-hover-text-color-override=\"#fff\"><span>Friedhelm Schmidt-Welle \u2013 Est\u00e9tica y pol\u00edtica<\/span><i class=\"icon-button-arrow\"><\/i><\/a>\n<a class=\"nectar-button n-sc-button small see-through-2 has-icon\" target=\"_blank\" href=\"https:\/\/www.imex-revista.com\/x-dos-formas-de-relacion\/\" data-color-override=\"#ffffff\" data-hover-color-override=\"false\" data-hover-text-color-override=\"#fff\"><span>Tanius Karam C\u00e1rdenas \u2013 Dos formas de relaci\u00f3n<\/span><i class=\"icon-button-arrow\"><\/i><\/a><\/span><\/p>\n<p style=\"text-align: justify;\"><span style=\"color: #b0b0b0;\"><strong>Octavio Paz &#8211; <em>Polyhistor<\/em>: Transferencias entre Latinoam\u00e9rica y Europa<\/strong><\/span><\/p>\n<p style=\"text-align: justify;\"><span style=\"color: #b0b0b0;\"><a class=\"nectar-button n-sc-button small see-through-2 has-icon\" target=\"_blank\" href=\"https:\/\/www.imex-revista.com\/x-octavio-paz-en-barcelona\/\" data-color-override=\"#ffffff\" data-hover-color-override=\"false\" data-hover-text-color-override=\"#fff\"><span>Judith Farr\u00e9 Vidal \u2013 Octavio Paz en Barcelona<\/span><i class=\"icon-button-arrow\"><\/i><\/a>\n<a class=\"nectar-button n-sc-button small see-through-2 has-icon\" target=\"_blank\" href=\"https:\/\/www.imex-revista.com\/x-correspondencia-unseld-paz\/\" data-color-override=\"#ffffff\" data-hover-color-override=\"false\" data-hover-text-color-override=\"#fff\"><span>Gesine M\u00fcller \u2013 Correspondencia Unseld \u2012 Paz<\/span><i class=\"icon-button-arrow\"><\/i><\/a><\/span><\/p>\n<p style=\"text-align: justify;\"><span style=\"color: #b0b0b0;\"><strong>Jos\u00e9 Revueltas &#8211; Internacionalista proletario:\u00a0 De la \u201ctradici\u00f3n minoritaria\u201d a la \u201cliteratura menor\u201d<\/strong><\/span><\/p>\n<p style=\"text-align: justify;\"><span style=\"color: #b0b0b0;\"><a class=\"nectar-button n-sc-button small see-through-2 has-icon\" target=\"_blank\" href=\"https:\/\/www.imex-revista.com\/x-dialectica-negativa-en-el-apando\/\" data-color-override=\"#ffffff\" data-hover-color-override=\"false\" data-hover-text-color-override=\"#fff\"><span>Yunuen G\u00f3mez Ocampo \u2013 Dial\u00e9ctica negative en <em>El apando<\/em><\/span><i class=\"icon-button-arrow\"><\/i><\/a>\n<span style=\"color: #b0b0b0;\"><a class=\"nectar-button n-sc-button small see-through-2 has-icon\" target=\"_blank\" href=\"https:\/\/www.imex-revista.com\/x-aventureras-y-medio-putas\/\" data-color-override=\"#ffffff\" data-hover-color-override=\"false\" data-hover-text-color-override=\"#fff\"><span>Oswaldo Estrada \u2012 Aventureras y medio putas<\/span><i class=\"icon-button-arrow\"><\/i><\/a>\n<a class=\"nectar-button n-sc-button small see-through-2 has-icon\" target=\"_blank\" href=\"https:\/\/www.imex-revista.com\/x-estampas-alemanas\/\" data-color-override=\"#ffffff\" data-hover-color-override=\"false\" data-hover-text-color-override=\"#fff\"><span>Edith Negr\u00edn \u2013 Estampas alemanas<\/span><i class=\"icon-button-arrow\"><\/i><\/a>\n<a class=\"nectar-button n-sc-button small see-through-2 has-icon\" target=\"_blank\" href=\"https:\/\/www.imex-revista.com\/x-pasajes-entre-revueltas-y-goethe\/\" data-color-override=\"#ffffff\" data-hover-color-override=\"false\" data-hover-text-color-override=\"#fff\"><span>Jos\u00e9 Manuel Mateo \u2012 Pasajes entre Revueltas y Goethe<\/span><i class=\"icon-button-arrow\"><\/i><\/a>\n<a class=\"nectar-button n-sc-button small see-through-2 has-icon\" target=\"_blank\" href=\"https:\/\/www.imex-revista.com\/x-jose-revueltas-un-intelectual-contestatario\" data-color-override=\"#ffffff\" data-hover-color-override=\"false\" data-hover-text-color-override=\"#fff\"><span>Vittoria Bors\u00f2 \u2012 Jos\u00e9 Revueltas: un intelectual contestatario<\/span><i class=\"icon-button-arrow\"><\/i><\/a>\n<\/span><\/span><\/p>\n<p style=\"text-align: justify;\"><span style=\"color: #b0b0b0;\"><strong>Octavio Paz y la poes\u00eda mexicana contempor\u00e1nea<\/strong><\/span><\/p>\n<p style=\"text-align: justify;\"><span style=\"color: #b0b0b0;\"><a class=\"nectar-button n-sc-button small see-through-2 has-icon\" target=\"_blank\" href=\"https:\/\/www.imex-revista.com\/x-el-poema-critico\/\" data-color-override=\"#ffffff\" data-hover-color-override=\"false\" data-hover-text-color-override=\"#fff\"><span>Jacobo Sefam\u00ed \u2012 El po\u00e9ma cr\u00edtico<\/span><i class=\"icon-button-arrow\"><\/i><\/a>\n<a class=\"nectar-button n-sc-button small see-through-2 has-icon\" target=\"_blank\" href=\"https:\/\/www.imex-revista.com\/x-resenas\/\" data-color-override=\"#ffffff\" data-hover-color-override=\"false\" data-hover-text-color-override=\"#fff\"><span>Rese\u00f1as<\/span><i class=\"icon-button-arrow\"><\/i><\/a><\/span><\/p>\n[\/vc_column_text][\/tab][\/tabbed_section][\/vc_column][\/vc_row]\n","protected":false},"excerpt":{"rendered":"<p>[vc_row type=&#8221;full_width_background&#8221; bg_image=&#8221;31&#8243; bg_position=&#8221;left top&#8221; bg_repeat=&#8221;no-repeat&#8221; scene_position=&#8221;center&#8221; text_color=&#8221;dark&#8221; text_align=&#8221;left&#8221; top_padding=&#8221;0&#8243; bottom_padding=&#8221;30&#8243; overlay_strength=&#8221;1&#8243;][vc_column column_padding=&#8221;no-extra-padding&#8221; column_padding_position=&#8221;all&#8221; background_color_opacity=&#8221;1&#8243; background_hover_color_opacity=&#8221;1&#8243; width=&#8221;1\/1&#8243;][vc_column_text] [\/vc_column_text][vc_row_inner][vc_column_inner column_padding=&#8221;no-extra-padding&#8221; column_padding_position=&#8221;all&#8221; background_color_opacity=&#8221;1&#8243; width=&#8221;1\/1&#8243;][divider line_type=&#8221;No Line&#8221; custom_height=&#8221;30&#8243;][vc_column_text] Aventureras y &#8216;medio putas&#8217; en&#8230;<\/p>\n","protected":false},"author":2,"featured_media":13205,"comment_status":"open","ping_status":"closed","sticky":false,"template":"","format":"standard","meta":{"footnotes":""},"categories":[580,837],"tags":[755],"class_list":["post-4125","post","type-post","status-publish","format-standard","has-post-thumbnail","category-issues","category-x-octavio-paz-and-jose-revueltas","tag-estrada"],"yoast_head":"<!-- This site is optimized with the Yoast SEO plugin v28.4 - https:\/\/yoast.com\/product\/yoast-seo-wordpress\/ -->\n<title>X. Aventureras y &#039;medio putas&#039; - iMex Revista<\/title>\n<meta name=\"robots\" content=\"index, follow, max-snippet:-1, max-image-preview:large, max-video-preview:-1\" \/>\n<link rel=\"canonical\" href=\"https:\/\/www.imex-revista.com\/en\/x-aventureras-y-medio-putas\/\" \/>\n<meta property=\"og:locale\" content=\"en_US\" \/>\n<meta property=\"og:type\" content=\"article\" \/>\n<meta property=\"og:title\" content=\"X. Aventureras y &#039;medio putas&#039; - iMex Revista\" \/>\n<meta property=\"og:description\" content=\"[vc_row type=&#8221;full_width_background&#8221; bg_image=&#8221;31&#8243; bg_position=&#8221;left top&#8221; bg_repeat=&#8221;no-repeat&#8221; scene_position=&#8221;center&#8221; text_color=&#8221;dark&#8221; text_align=&#8221;left&#8221; top_padding=&#8221;0&#8243; bottom_padding=&#8221;30&#8243; overlay_strength=&#8221;1&#8243;][vc_column column_padding=&#8221;no-extra-padding&#8221; column_padding_position=&#8221;all&#8221; background_color_opacity=&#8221;1&#8243; background_hover_color_opacity=&#8221;1&#8243; width=&#8221;1\/1&#8243;][vc_column_text] [\/vc_column_text][vc_row_inner][vc_column_inner column_padding=&#8221;no-extra-padding&#8221; column_padding_position=&#8221;all&#8221; background_color_opacity=&#8221;1&#8243; width=&#8221;1\/1&#8243;][divider line_type=&#8221;No Line&#8221; custom_height=&#8221;30&#8243;][vc_column_text] Aventureras y &#8216;medio putas&#8217; en...\" \/>\n<meta property=\"og:url\" content=\"https:\/\/www.imex-revista.com\/en\/x-aventureras-y-medio-putas\/\" \/>\n<meta property=\"og:site_name\" content=\"iMex Revista\" \/>\n<meta property=\"article:published_time\" content=\"2016-10-04T10:47:58+00:00\" \/>\n<meta property=\"article:modified_time\" content=\"2021-06-01T11:09:21+00:00\" \/>\n<meta property=\"og:image\" content=\"https:\/\/www.imex-revista.com\/wp-content\/uploads\/edicion-10.webp\" \/>\n\t<meta property=\"og:image:width\" content=\"797\" \/>\n\t<meta property=\"og:image:height\" content=\"743\" \/>\n\t<meta property=\"og:image:type\" content=\"image\/webp\" \/>\n<meta name=\"author\" content=\"iMex Revista\" \/>\n<meta name=\"twitter:card\" content=\"summary_large_image\" \/>\n<meta name=\"twitter:label1\" content=\"Written by\" \/>\n\t<meta name=\"twitter:data1\" content=\"iMex Revista\" \/>\n\t<meta name=\"twitter:label2\" content=\"Est. reading time\" \/>\n\t<meta name=\"twitter:data2\" content=\"6 minutes\" \/>\n<script type=\"application\/ld+json\" class=\"yoast-schema-graph\">{\"@context\":\"https:\\\/\\\/schema.org\",\"@graph\":[{\"@type\":\"Article\",\"@id\":\"https:\\\/\\\/www.imex-revista.com\\\/en\\\/x-aventureras-y-medio-putas\\\/#article\",\"isPartOf\":{\"@id\":\"https:\\\/\\\/www.imex-revista.com\\\/en\\\/x-aventureras-y-medio-putas\\\/\"},\"author\":{\"name\":\"iMex Revista\",\"@id\":\"https:\\\/\\\/www.imex-revista.com\\\/#\\\/schema\\\/person\\\/b06ca09ee30633a9bca5919aad53cd1f\"},\"headline\":\"X. Aventureras y &#8216;medio putas&#8217;\",\"datePublished\":\"2016-10-04T10:47:58+00:00\",\"dateModified\":\"2021-06-01T11:09:21+00:00\",\"mainEntityOfPage\":{\"@id\":\"https:\\\/\\\/www.imex-revista.com\\\/en\\\/x-aventureras-y-medio-putas\\\/\"},\"wordCount\":1153,\"commentCount\":0,\"image\":{\"@id\":\"https:\\\/\\\/www.imex-revista.com\\\/en\\\/x-aventureras-y-medio-putas\\\/#primaryimage\"},\"thumbnailUrl\":\"https:\\\/\\\/www.imex-revista.com\\\/wp-content\\\/uploads\\\/edicion-10.webp\",\"keywords\":[\"estrada\"],\"articleSection\":[\"Issues\",\"X. Octavio Paz and Jos\u00e9 Revueltas\"],\"inLanguage\":\"en-US\",\"potentialAction\":[{\"@type\":\"CommentAction\",\"name\":\"Comment\",\"target\":[\"https:\\\/\\\/www.imex-revista.com\\\/en\\\/x-aventureras-y-medio-putas\\\/#respond\"]}]},{\"@type\":\"WebPage\",\"@id\":\"https:\\\/\\\/www.imex-revista.com\\\/en\\\/x-aventureras-y-medio-putas\\\/\",\"url\":\"https:\\\/\\\/www.imex-revista.com\\\/en\\\/x-aventureras-y-medio-putas\\\/\",\"name\":\"X. Aventureras y 'medio putas' - iMex Revista\",\"isPartOf\":{\"@id\":\"https:\\\/\\\/www.imex-revista.com\\\/#website\"},\"primaryImageOfPage\":{\"@id\":\"https:\\\/\\\/www.imex-revista.com\\\/en\\\/x-aventureras-y-medio-putas\\\/#primaryimage\"},\"image\":{\"@id\":\"https:\\\/\\\/www.imex-revista.com\\\/en\\\/x-aventureras-y-medio-putas\\\/#primaryimage\"},\"thumbnailUrl\":\"https:\\\/\\\/www.imex-revista.com\\\/wp-content\\\/uploads\\\/edicion-10.webp\",\"datePublished\":\"2016-10-04T10:47:58+00:00\",\"dateModified\":\"2021-06-01T11:09:21+00:00\",\"author\":{\"@id\":\"https:\\\/\\\/www.imex-revista.com\\\/#\\\/schema\\\/person\\\/b06ca09ee30633a9bca5919aad53cd1f\"},\"breadcrumb\":{\"@id\":\"https:\\\/\\\/www.imex-revista.com\\\/en\\\/x-aventureras-y-medio-putas\\\/#breadcrumb\"},\"inLanguage\":\"en-US\",\"potentialAction\":[{\"@type\":\"ReadAction\",\"target\":[\"https:\\\/\\\/www.imex-revista.com\\\/en\\\/x-aventureras-y-medio-putas\\\/\"]}]},{\"@type\":\"ImageObject\",\"inLanguage\":\"en-US\",\"@id\":\"https:\\\/\\\/www.imex-revista.com\\\/en\\\/x-aventureras-y-medio-putas\\\/#primaryimage\",\"url\":\"https:\\\/\\\/www.imex-revista.com\\\/wp-content\\\/uploads\\\/edicion-10.webp\",\"contentUrl\":\"https:\\\/\\\/www.imex-revista.com\\\/wp-content\\\/uploads\\\/edicion-10.webp\",\"width\":797,\"height\":743},{\"@type\":\"BreadcrumbList\",\"@id\":\"https:\\\/\\\/www.imex-revista.com\\\/en\\\/x-aventureras-y-medio-putas\\\/#breadcrumb\",\"itemListElement\":[{\"@type\":\"ListItem\",\"position\":1,\"name\":\"Home\",\"item\":\"https:\\\/\\\/www.imex-revista.com\\\/en\\\/imex\\\/\"},{\"@type\":\"ListItem\",\"position\":2,\"name\":\"X. Aventureras y &#8216;medio putas&#8217;\"}]},{\"@type\":\"WebSite\",\"@id\":\"https:\\\/\\\/www.imex-revista.com\\\/#website\",\"url\":\"https:\\\/\\\/www.imex-revista.com\\\/\",\"name\":\"iMex Revista\",\"description\":\"iMex Revista\",\"potentialAction\":[{\"@type\":\"SearchAction\",\"target\":{\"@type\":\"EntryPoint\",\"urlTemplate\":\"https:\\\/\\\/www.imex-revista.com\\\/?s={search_term_string}\"},\"query-input\":{\"@type\":\"PropertyValueSpecification\",\"valueRequired\":true,\"valueName\":\"search_term_string\"}}],\"inLanguage\":\"en-US\"},{\"@type\":\"Person\",\"@id\":\"https:\\\/\\\/www.imex-revista.com\\\/#\\\/schema\\\/person\\\/b06ca09ee30633a9bca5919aad53cd1f\",\"name\":\"iMex Revista\",\"url\":\"https:\\\/\\\/www.imex-revista.com\\\/en\\\/author\\\/temelli\\\/\"}]}<\/script>\n<!-- \/ Yoast SEO plugin. -->","yoast_head_json":{"title":"X. Aventureras y 'medio putas' - iMex Revista","robots":{"index":"index","follow":"follow","max-snippet":"max-snippet:-1","max-image-preview":"max-image-preview:large","max-video-preview":"max-video-preview:-1"},"canonical":"https:\/\/www.imex-revista.com\/en\/x-aventureras-y-medio-putas\/","og_locale":"en_US","og_type":"article","og_title":"X. Aventureras y 'medio putas' - iMex Revista","og_description":"[vc_row type=&#8221;full_width_background&#8221; bg_image=&#8221;31&#8243; bg_position=&#8221;left top&#8221; bg_repeat=&#8221;no-repeat&#8221; scene_position=&#8221;center&#8221; text_color=&#8221;dark&#8221; text_align=&#8221;left&#8221; top_padding=&#8221;0&#8243; bottom_padding=&#8221;30&#8243; overlay_strength=&#8221;1&#8243;][vc_column column_padding=&#8221;no-extra-padding&#8221; column_padding_position=&#8221;all&#8221; background_color_opacity=&#8221;1&#8243; background_hover_color_opacity=&#8221;1&#8243; width=&#8221;1\/1&#8243;][vc_column_text] [\/vc_column_text][vc_row_inner][vc_column_inner column_padding=&#8221;no-extra-padding&#8221; column_padding_position=&#8221;all&#8221; background_color_opacity=&#8221;1&#8243; width=&#8221;1\/1&#8243;][divider line_type=&#8221;No Line&#8221; custom_height=&#8221;30&#8243;][vc_column_text] Aventureras y &#8216;medio putas&#8217; en...","og_url":"https:\/\/www.imex-revista.com\/en\/x-aventureras-y-medio-putas\/","og_site_name":"iMex Revista","article_published_time":"2016-10-04T10:47:58+00:00","article_modified_time":"2021-06-01T11:09:21+00:00","og_image":[{"width":797,"height":743,"url":"https:\/\/www.imex-revista.com\/wp-content\/uploads\/edicion-10.webp","type":"image\/webp"}],"author":"iMex Revista","twitter_card":"summary_large_image","twitter_misc":{"Written by":"iMex Revista","Est. reading time":"6 minutes"},"schema":{"@context":"https:\/\/schema.org","@graph":[{"@type":"Article","@id":"https:\/\/www.imex-revista.com\/en\/x-aventureras-y-medio-putas\/#article","isPartOf":{"@id":"https:\/\/www.imex-revista.com\/en\/x-aventureras-y-medio-putas\/"},"author":{"name":"iMex Revista","@id":"https:\/\/www.imex-revista.com\/#\/schema\/person\/b06ca09ee30633a9bca5919aad53cd1f"},"headline":"X. Aventureras y &#8216;medio putas&#8217;","datePublished":"2016-10-04T10:47:58+00:00","dateModified":"2021-06-01T11:09:21+00:00","mainEntityOfPage":{"@id":"https:\/\/www.imex-revista.com\/en\/x-aventureras-y-medio-putas\/"},"wordCount":1153,"commentCount":0,"image":{"@id":"https:\/\/www.imex-revista.com\/en\/x-aventureras-y-medio-putas\/#primaryimage"},"thumbnailUrl":"https:\/\/www.imex-revista.com\/wp-content\/uploads\/edicion-10.webp","keywords":["estrada"],"articleSection":["Issues","X. Octavio Paz and Jos\u00e9 Revueltas"],"inLanguage":"en-US","potentialAction":[{"@type":"CommentAction","name":"Comment","target":["https:\/\/www.imex-revista.com\/en\/x-aventureras-y-medio-putas\/#respond"]}]},{"@type":"WebPage","@id":"https:\/\/www.imex-revista.com\/en\/x-aventureras-y-medio-putas\/","url":"https:\/\/www.imex-revista.com\/en\/x-aventureras-y-medio-putas\/","name":"X. Aventureras y 'medio putas' - iMex Revista","isPartOf":{"@id":"https:\/\/www.imex-revista.com\/#website"},"primaryImageOfPage":{"@id":"https:\/\/www.imex-revista.com\/en\/x-aventureras-y-medio-putas\/#primaryimage"},"image":{"@id":"https:\/\/www.imex-revista.com\/en\/x-aventureras-y-medio-putas\/#primaryimage"},"thumbnailUrl":"https:\/\/www.imex-revista.com\/wp-content\/uploads\/edicion-10.webp","datePublished":"2016-10-04T10:47:58+00:00","dateModified":"2021-06-01T11:09:21+00:00","author":{"@id":"https:\/\/www.imex-revista.com\/#\/schema\/person\/b06ca09ee30633a9bca5919aad53cd1f"},"breadcrumb":{"@id":"https:\/\/www.imex-revista.com\/en\/x-aventureras-y-medio-putas\/#breadcrumb"},"inLanguage":"en-US","potentialAction":[{"@type":"ReadAction","target":["https:\/\/www.imex-revista.com\/en\/x-aventureras-y-medio-putas\/"]}]},{"@type":"ImageObject","inLanguage":"en-US","@id":"https:\/\/www.imex-revista.com\/en\/x-aventureras-y-medio-putas\/#primaryimage","url":"https:\/\/www.imex-revista.com\/wp-content\/uploads\/edicion-10.webp","contentUrl":"https:\/\/www.imex-revista.com\/wp-content\/uploads\/edicion-10.webp","width":797,"height":743},{"@type":"BreadcrumbList","@id":"https:\/\/www.imex-revista.com\/en\/x-aventureras-y-medio-putas\/#breadcrumb","itemListElement":[{"@type":"ListItem","position":1,"name":"Home","item":"https:\/\/www.imex-revista.com\/en\/imex\/"},{"@type":"ListItem","position":2,"name":"X. Aventureras y &#8216;medio putas&#8217;"}]},{"@type":"WebSite","@id":"https:\/\/www.imex-revista.com\/#website","url":"https:\/\/www.imex-revista.com\/","name":"iMex Revista","description":"iMex Revista","potentialAction":[{"@type":"SearchAction","target":{"@type":"EntryPoint","urlTemplate":"https:\/\/www.imex-revista.com\/?s={search_term_string}"},"query-input":{"@type":"PropertyValueSpecification","valueRequired":true,"valueName":"search_term_string"}}],"inLanguage":"en-US"},{"@type":"Person","@id":"https:\/\/www.imex-revista.com\/#\/schema\/person\/b06ca09ee30633a9bca5919aad53cd1f","name":"iMex Revista","url":"https:\/\/www.imex-revista.com\/en\/author\/temelli\/"}]}},"_links":{"self":[{"href":"https:\/\/www.imex-revista.com\/en\/wp-json\/wp\/v2\/posts\/4125","targetHints":{"allow":["GET"]}}],"collection":[{"href":"https:\/\/www.imex-revista.com\/en\/wp-json\/wp\/v2\/posts"}],"about":[{"href":"https:\/\/www.imex-revista.com\/en\/wp-json\/wp\/v2\/types\/post"}],"author":[{"embeddable":true,"href":"https:\/\/www.imex-revista.com\/en\/wp-json\/wp\/v2\/users\/2"}],"replies":[{"embeddable":true,"href":"https:\/\/www.imex-revista.com\/en\/wp-json\/wp\/v2\/comments?post=4125"}],"version-history":[{"count":1,"href":"https:\/\/www.imex-revista.com\/en\/wp-json\/wp\/v2\/posts\/4125\/revisions"}],"predecessor-version":[{"id":4133,"href":"https:\/\/www.imex-revista.com\/en\/wp-json\/wp\/v2\/posts\/4125\/revisions\/4133"}],"wp:featuredmedia":[{"embeddable":true,"href":"https:\/\/www.imex-revista.com\/en\/wp-json\/wp\/v2\/media\/13205"}],"wp:attachment":[{"href":"https:\/\/www.imex-revista.com\/en\/wp-json\/wp\/v2\/media?parent=4125"}],"wp:term":[{"taxonomy":"category","embeddable":true,"href":"https:\/\/www.imex-revista.com\/en\/wp-json\/wp\/v2\/categories?post=4125"},{"taxonomy":"post_tag","embeddable":true,"href":"https:\/\/www.imex-revista.com\/en\/wp-json\/wp\/v2\/tags?post=4125"}],"curies":[{"name":"wp","href":"https:\/\/api.w.org\/{rel}","templated":true}]}}